{"id":8181,"date":"2021-04-14T17:26:18","date_gmt":"2021-04-14T15:26:18","guid":{"rendered":"http:\/\/agora.xtec.cat\/insjoandaustria\/?p=8181"},"modified":"2021-04-14T17:26:18","modified_gmt":"2021-04-14T15:26:18","slug":"el-tapis-de-la-creacio-arts-decoratives-romaniques","status":"publish","type":"post","link":"https:\/\/agora.xtec.cat\/insjoandaustria\/general\/el-tapis-de-la-creacio-arts-decoratives-romaniques\/","title":{"rendered":"El Tap\u00eds de la Creaci\u00f3. Arts decoratives rom\u00e0niques"},"content":{"rendered":"<p>Els alumnes de religi\u00f3 d&#8217;ESO han estudiat la iconografia d&#8217;aquest Brodat\u00a0 medieval que es conserva al museu de la Catedral de Girona. \u00c9s el teixit rom\u00e0nic m\u00e9s important d&#8217;aquesta \u00e8poca.<\/p>\n<p>La composici\u00f3 gira entorn a la figura del Pantocr\u00e0tor i al seu voltant vuit escenes del G\u00e8nesi. N&#8217;hem buscat els textos i estudiat el contingut per explicar-ho despr\u00e9s, de forma volunt\u00e0ria, als companys de classe que tamb\u00e9 estudien l&#8217;Edat Mitjana.<\/p>\n<p>Han pintat el tap\u00eds i l&#8217;hem exposat a l&#8217;entrada de l&#8217;institut.<\/p>\n<p><a href=\"https:\/\/agora.xtec.cat\/insjoandaustria\/wp-content\/uploads\/usu216\/2021\/04\/Tapi\u0301s2.jpg\"><img loading=\"lazy\" decoding=\"async\" class=\"alignnone size-full wp-image-8189\" src=\"https:\/\/agora.xtec.cat\/insjoandaustria\/wp-content\/uploads\/usu216\/2021\/04\/Tapi\u0301s2.jpg\" alt=\"\" width=\"925\" height=\"735\" srcset=\"https:\/\/agora.xtec.cat\/insjoandaustria\/wp-content\/uploads\/usu216\/2021\/04\/Tapi\u0301s2.jpg 925w, https:\/\/agora.xtec.cat\/insjoandaustria\/wp-content\/uploads\/usu216\/2021\/04\/Tapi\u0301s2-300x238.jpg 300w, https:\/\/agora.xtec.cat\/insjoandaustria\/wp-content\/uploads\/usu216\/2021\/04\/Tapi\u0301s2-768x610.jpg 768w\" sizes=\"auto, (max-width: 925px) 100vw, 925px\" \/><\/a><\/p>\n<p>&nbsp;<\/p>\n<p><a href=\"https:\/\/agora.xtec.cat\/insjoandaustria\/wp-content\/uploads\/usu216\/2021\/04\/Tapi\u0301s3.jpg\"><img loading=\"lazy\" decoding=\"async\" class=\"alignnone size-full wp-image-8190\" src=\"https:\/\/agora.xtec.cat\/insjoandaustria\/wp-content\/uploads\/usu216\/2021\/04\/Tapi\u0301s3.jpg\" alt=\"\" width=\"827\" height=\"740\" srcset=\"https:\/\/agora.xtec.cat\/insjoandaustria\/wp-content\/uploads\/usu216\/2021\/04\/Tapi\u0301s3.jpg 827w, https:\/\/agora.xtec.cat\/insjoandaustria\/wp-content\/uploads\/usu216\/2021\/04\/Tapi\u0301s3-300x268.jpg 300w, https:\/\/agora.xtec.cat\/insjoandaustria\/wp-content\/uploads\/usu216\/2021\/04\/Tapi\u0301s3-768x687.jpg 768w\" sizes=\"auto, (max-width: 827px) 100vw, 827px\" \/><\/a><a href=\"https:\/\/agora.xtec.cat\/insjoandaustria\/wp-content\/uploads\/usu216\/2021\/04\/Tapi\u0301s1.jpg\"><img loading=\"lazy\" decoding=\"async\" class=\"alignnone size-full wp-image-8188\" src=\"https:\/\/agora.xtec.cat\/insjoandaustria\/wp-content\/uploads\/usu216\/2021\/04\/Tapi\u0301s1.jpg\" alt=\"\" width=\"750\" height=\"859\" srcset=\"https:\/\/agora.xtec.cat\/insjoandaustria\/wp-content\/uploads\/usu216\/2021\/04\/Tapi\u0301s1.jpg 750w, https:\/\/agora.xtec.cat\/insjoandaustria\/wp-content\/uploads\/usu216\/2021\/04\/Tapi\u0301s1-262x300.jpg 262w\" sizes=\"auto, (max-width: 750px) 100vw, 750px\" \/><\/a><\/p>\n<p>&nbsp;<\/p>\n<p>&nbsp;<\/p>\n<p>&nbsp;<\/p>\n","protected":false},"excerpt":{"rendered":"<p>Els alumnes de religi\u00f3 d&#8217;ESO han estudiat la iconografia d&#8217;aquest Brodat\u00a0 medieval que es conserva al museu de la Catedral de Girona. \u00c9s el teixit rom\u00e0nic m\u00e9s important d&#8217;aquesta \u00e8poca.<br \/>\nLa composici\u00f3 gira entorn a la figura del Pantocr\u00e0tor i al seu voltant vuit escenes del&hellip;  <a href=\"https:\/\/agora.xtec.cat\/insjoandaustria\/general\/el-tapis-de-la-creacio-arts-decoratives-romaniques\/\" title=\"Read El Tap\u00eds de la Creaci\u00f3. Arts decoratives rom\u00e0niques\">Llegeix m\u00e9s\u00bb<\/a><\/p>\n","protected":false},"author":405,"featured_media":8191,"comment_status":"closed","ping_status":"closed","sticky":false,"template":"","format":"standard","meta":{"_bbp_topic_count":0,"_bbp_reply_count":0,"_bbp_total_topic_count":0,"_bbp_total_reply_count":0,"_bbp_voice_count":0,"_bbp_anonymous_reply_count":0,"_bbp_topic_count_hidden":0,"_bbp_reply_count_hidden":0,"_bbp_forum_subforum_count":0,"footnotes":""},"categories":[3,1,29],"tags":[343,398,115,101,368],"class_list":["post-8181","post","type-post","status-publish","format-standard","has-post-thumbnail","hentry","category-eso","category-general","category-portada","tag-2neso","tag-art","tag-noticies","tag-projectes","tag-religio"],"post_mailing_queue_ids":[],"_links":{"self":[{"href":"https:\/\/agora.xtec.cat\/insjoandaustria\/wp-json\/wp\/v2\/posts\/8181","targetHints":{"allow":["GET"]}}],"collection":[{"href":"https:\/\/agora.xtec.cat\/insjoandaustria\/wp-json\/wp\/v2\/posts"}],"about":[{"href":"https:\/\/agora.xtec.cat\/insjoandaustria\/wp-json\/wp\/v2\/types\/post"}],"author":[{"embeddable":true,"href":"https:\/\/agora.xtec.cat\/insjoandaustria\/wp-json\/wp\/v2\/users\/405"}],"replies":[{"embeddable":true,"href":"https:\/\/agora.xtec.cat\/insjoandaustria\/wp-json\/wp\/v2\/comments?post=8181"}],"version-history":[{"count":3,"href":"https:\/\/agora.xtec.cat\/insjoandaustria\/wp-json\/wp\/v2\/posts\/8181\/revisions"}],"predecessor-version":[{"id":8195,"href":"https:\/\/agora.xtec.cat\/insjoandaustria\/wp-json\/wp\/v2\/posts\/8181\/revisions\/8195"}],"wp:featuredmedia":[{"embeddable":true,"href":"https:\/\/agora.xtec.cat\/insjoandaustria\/wp-json\/wp\/v2\/media\/8191"}],"wp:attachment":[{"href":"https:\/\/agora.xtec.cat\/insjoandaustria\/wp-json\/wp\/v2\/media?parent=8181"}],"wp:term":[{"taxonomy":"category","embeddable":true,"href":"https:\/\/agora.xtec.cat\/insjoandaustria\/wp-json\/wp\/v2\/categories?post=8181"},{"taxonomy":"post_tag","embeddable":true,"href":"https:\/\/agora.xtec.cat\/insjoandaustria\/wp-json\/wp\/v2\/tags?post=8181"}],"curies":[{"name":"wp","href":"https:\/\/api.w.org\/{rel}","templated":true}]}}