{"id":8176,"date":"2021-04-14T08:25:12","date_gmt":"2021-04-14T06:25:12","guid":{"rendered":"http:\/\/agora.xtec.cat\/insjoandaustria\/?p=8176"},"modified":"2021-04-14T08:28:18","modified_gmt":"2021-04-14T06:28:18","slug":"larribada-dels-totalitarismes","status":"publish","type":"post","link":"https:\/\/agora.xtec.cat\/insjoandaustria\/general\/larribada-dels-totalitarismes\/","title":{"rendered":"L&#8217;arribada dels totalitarismes"},"content":{"rendered":"<p><a href=\"https:\/\/agora.xtec.cat\/insjoandaustria\/wp-content\/uploads\/usu216\/2021\/04\/1940-anti-axis-hitler-mussolini_1_cb0e2094307890ca74ed04e1e455d507.jpg\"><img loading=\"lazy\" decoding=\"async\" class=\"alignnone size-large wp-image-8177\" src=\"https:\/\/agora.xtec.cat\/insjoandaustria\/wp-content\/uploads\/usu216\/2021\/04\/1940-anti-axis-hitler-mussolini_1_cb0e2094307890ca74ed04e1e455d507-1024x585.jpg\" alt=\"\" width=\"1024\" height=\"585\" srcset=\"https:\/\/agora.xtec.cat\/insjoandaustria\/wp-content\/uploads\/usu216\/2021\/04\/1940-anti-axis-hitler-mussolini_1_cb0e2094307890ca74ed04e1e455d507-1024x585.jpg 1024w, https:\/\/agora.xtec.cat\/insjoandaustria\/wp-content\/uploads\/usu216\/2021\/04\/1940-anti-axis-hitler-mussolini_1_cb0e2094307890ca74ed04e1e455d507-300x171.jpg 300w, https:\/\/agora.xtec.cat\/insjoandaustria\/wp-content\/uploads\/usu216\/2021\/04\/1940-anti-axis-hitler-mussolini_1_cb0e2094307890ca74ed04e1e455d507-768x438.jpg 768w, https:\/\/agora.xtec.cat\/insjoandaustria\/wp-content\/uploads\/usu216\/2021\/04\/1940-anti-axis-hitler-mussolini_1_cb0e2094307890ca74ed04e1e455d507.jpg 1079w\" sizes=\"auto, (max-width: 1024px) 100vw, 1024px\" \/><\/a><\/p>\n<p>A finals de mar\u00e7 i principis d&#8217;abril, l&#8217;alumnat de 1r de Batxillerat que cursa Hist\u00f2ria del m\u00f3n Contemporani ha confeccionat uns documentals sobre tres dels totalitarismes amb m\u00e9s impacte en la hist\u00f2ria contempor\u00e0nia. Ens expliquen com van comen\u00e7ar i com es van desenvolupar des de els inicis dels anys 20 del segle XX i fins a l&#8217;inici de la Segona Guerra Mundial. Us deixem els links perqu\u00e8 el pugueu veure:<\/p>\n<div>1. Feixisme: <a href=\"https:\/\/youtu.be\/vveiMDNizmg\" target=\"_blank\" rel=\"noopener noreferrer\" data-saferedirecturl=\"https:\/\/www.google.com\/url?q=https:\/\/youtu.be\/vveiMDNizmg&amp;source=gmail&amp;ust=1618467734195000&amp;usg=AFQjCNFPVoWmLJjf4jc4JTaUE5R6teqgjQ\">https:\/\/youtu.be\/vveiMDNizmg<\/a><\/div>\n<div>2. Totalitarisme sovi\u00e8tic: <a href=\"https:\/\/youtu.be\/l5IhLjxMYYk\" target=\"_blank\" rel=\"noopener noreferrer\" data-saferedirecturl=\"https:\/\/www.google.com\/url?q=https:\/\/youtu.be\/l5IhLjxMYYk&amp;source=gmail&amp;ust=1618467734195000&amp;usg=AFQjCNHTiPxDdmWiIPu6YurwP3QpvaFshQ\">https:\/\/youtu.be\/l5IhLjxMYYk<\/a><\/div>\n<div>3. Nazisme: <a href=\"https:\/\/youtu.be\/7OQJl8lixfs\" target=\"_blank\" rel=\"noopener noreferrer\" data-saferedirecturl=\"https:\/\/www.google.com\/url?q=https:\/\/youtu.be\/7OQJl8lixfs&amp;source=gmail&amp;ust=1618467734195000&amp;usg=AFQjCNGljv25u9Hkqzw5ovignQ96lR5ChA\">https:\/\/youtu.be\/7OQJl8lixfs<\/a><\/div>\n<div><\/div>\n<p>&nbsp;<\/p>\n","protected":false},"excerpt":{"rendered":"<p><a href=\"https:\/\/agora.xtec.cat\/insjoandaustria\/wp-content\/uploads\/usu216\/2021\/04\/1940-anti-axis-hitler-mussolini_1_cb0e2094307890ca74ed04e1e455d507.jpg\"><\/a><br \/>\nA finals de mar\u00e7 i principis d&#8217;abril, l&#8217;alumnat de 1r de Batxillerat que cursa Hist\u00f2ria del m\u00f3n Contemporani ha confeccionat uns documentals sobre tres dels totalitarismes amb m\u00e9s impacte en la hist\u00f2ria contempor\u00e0nia. Ens expliquen com van comen\u00e7ar i com es van desenvolupar des&hellip;  <a href=\"https:\/\/agora.xtec.cat\/insjoandaustria\/general\/larribada-dels-totalitarismes\/\" title=\"Read L&#8217;arribada dels totalitarismes\">Llegeix m\u00e9s\u00bb<\/a><\/p>\n","protected":false},"author":430,"featured_media":8177,"comment_status":"closed","ping_status":"closed","sticky":false,"template":"","format":"standard","meta":{"_bbp_topic_count":0,"_bbp_reply_count":0,"_bbp_total_topic_count":0,"_bbp_total_reply_count":0,"_bbp_voice_count":0,"_bbp_anonymous_reply_count":0,"_bbp_topic_count_hidden":0,"_bbp_reply_count_hidden":0,"_bbp_forum_subforum_count":0,"footnotes":""},"categories":[8,1,29],"tags":[],"class_list":["post-8176","post","type-post","status-publish","format-standard","has-post-thumbnail","hentry","category-batxillerat","category-general","category-portada"],"post_mailing_queue_ids":[],"_links":{"self":[{"href":"https:\/\/agora.xtec.cat\/insjoandaustria\/wp-json\/wp\/v2\/posts\/8176","targetHints":{"allow":["GET"]}}],"collection":[{"href":"https:\/\/agora.xtec.cat\/insjoandaustria\/wp-json\/wp\/v2\/posts"}],"about":[{"href":"https:\/\/agora.xtec.cat\/insjoandaustria\/wp-json\/wp\/v2\/types\/post"}],"author":[{"embeddable":true,"href":"https:\/\/agora.xtec.cat\/insjoandaustria\/wp-json\/wp\/v2\/users\/430"}],"replies":[{"embeddable":true,"href":"https:\/\/agora.xtec.cat\/insjoandaustria\/wp-json\/wp\/v2\/comments?post=8176"}],"version-history":[{"count":3,"href":"https:\/\/agora.xtec.cat\/insjoandaustria\/wp-json\/wp\/v2\/posts\/8176\/revisions"}],"predecessor-version":[{"id":8180,"href":"https:\/\/agora.xtec.cat\/insjoandaustria\/wp-json\/wp\/v2\/posts\/8176\/revisions\/8180"}],"wp:featuredmedia":[{"embeddable":true,"href":"https:\/\/agora.xtec.cat\/insjoandaustria\/wp-json\/wp\/v2\/media\/8177"}],"wp:attachment":[{"href":"https:\/\/agora.xtec.cat\/insjoandaustria\/wp-json\/wp\/v2\/media?parent=8176"}],"wp:term":[{"taxonomy":"category","embeddable":true,"href":"https:\/\/agora.xtec.cat\/insjoandaustria\/wp-json\/wp\/v2\/categories?post=8176"},{"taxonomy":"post_tag","embeddable":true,"href":"https:\/\/agora.xtec.cat\/insjoandaustria\/wp-json\/wp\/v2\/tags?post=8176"}],"curies":[{"name":"wp","href":"https:\/\/api.w.org\/{rel}","templated":true}]}}