{"id":8133,"date":"2021-03-23T17:34:42","date_gmt":"2021-03-23T16:34:42","guid":{"rendered":"http:\/\/agora.xtec.cat\/insjoandaustria\/?p=8133"},"modified":"2021-03-23T17:34:42","modified_gmt":"2021-03-23T16:34:42","slug":"recomanacio-setmanal-de-lectura-6","status":"publish","type":"post","link":"https:\/\/agora.xtec.cat\/insjoandaustria\/general\/recomanacio-setmanal-de-lectura-6\/","title":{"rendered":"RECOMANACI\u00d3 SETMANAL DE LECTURA"},"content":{"rendered":"<p>Bona tarda a tots i a totes!\ud83d\ude0a<br \/>\nEsperem que aquesta setmana hagi comen\u00e7at\u00a0el millor\u00a0possible, i si no, recordeu que a partir de divendres comencen les vacances!<br \/>\nAvui us portem una nova recomanaci\u00f3 de lectura <strong>A dos metros de\u00a0<span class=\"hiddenSpellError\">ti<\/span><\/strong>, de la &#8220;<em><span class=\"hiddenSpellError\">Rachel<\/span>\u00a0<span class=\"hiddenSpellError\">Lippincott<\/span><\/em>&#8220;, en &#8220;<em><span class=\"hiddenSpellError\">Mikki<\/span>\u00a0<span class=\"hiddenSpellError\">Daughtry<\/span><\/em>&#8221; i en &#8220;<em><span class=\"hiddenSpellError\">Tobias<\/span>\u00a0<span class=\"hiddenSpellError\">Iaconis<\/span><\/em>&#8220;. Probablement us sonar\u00e0 el nom del llibre i aix\u00f2 \u00e9s perqu\u00e8 darrerament han fet una\u00a0pel\u00b7l\u00edcula\u00a0basada en el llibre.<\/p>\n<p><a href=\"https:\/\/agora.xtec.cat\/insjoandaustria\/wp-content\/uploads\/usu216\/2021\/03\/A-dos-metros-de-ti.jpg\"><img loading=\"lazy\" decoding=\"async\" class=\"aligncenter size-large wp-image-8134\" src=\"https:\/\/agora.xtec.cat\/insjoandaustria\/wp-content\/uploads\/usu216\/2021\/03\/A-dos-metros-de-ti-1024x1024.jpg\" alt=\"\" width=\"1024\" height=\"1024\" srcset=\"https:\/\/agora.xtec.cat\/insjoandaustria\/wp-content\/uploads\/usu216\/2021\/03\/A-dos-metros-de-ti-1024x1024.jpg 1024w, https:\/\/agora.xtec.cat\/insjoandaustria\/wp-content\/uploads\/usu216\/2021\/03\/A-dos-metros-de-ti-150x150.jpg 150w, https:\/\/agora.xtec.cat\/insjoandaustria\/wp-content\/uploads\/usu216\/2021\/03\/A-dos-metros-de-ti-300x300.jpg 300w, https:\/\/agora.xtec.cat\/insjoandaustria\/wp-content\/uploads\/usu216\/2021\/03\/A-dos-metros-de-ti-768x768.jpg 768w, https:\/\/agora.xtec.cat\/insjoandaustria\/wp-content\/uploads\/usu216\/2021\/03\/A-dos-metros-de-ti.jpg 1080w\" sizes=\"auto, (max-width: 1024px) 100vw, 1024px\" \/><\/a><\/p>\n<p><strong>Resum<\/strong><\/p>\n<p><span style=\"font-weight: 400;\">Necessitem estar a prop de les persones que estimem, gaireb\u00e9 tant com l\u2019aire que respirem.<\/span><\/p>\n<p><span style=\"font-weight: 400;\">A Stella Grant li agrada tenir el control, tot i que no pot dominar els seus propis pulmons, que l\u2019han tingut a l\u2019hospital la major part de la seva vida. Per sobre de tot, Stella necessita controlar el seu espai per mantenir-se allunyada de qualsevol persona o cosa que pugui transmetre-li una infecci\u00f3 i posar en perill el seu trasplantament de pulm\u00f3.\u00a0 Dos metres de dist\u00e0ncia. Sense excepcions.<\/span><\/p>\n<p><span style=\"font-weight: 400;\">Pel que fa a en Will Newman, l\u2019\u00fanic que vol controlar \u00e9s com sortir d\u2019aquest hospital. No l\u2019importen els seus tractaments o si hi ha una nova medicaci\u00f3 en assaig cl\u00ednic. Aviat far\u00e0 divuit anys i podr\u00e0 desconnectar de totes aquestes m\u00e0quines. Desitja anar a veure m\u00f3n, no nom\u00e9s els seus hospitals.\u00a0<\/span><\/p>\n<p><span style=\"font-weight: 400;\">Will i Stella no poden apropar-se. Nom\u00e9s si respiren a prop, Will podria provocar que Stella pogu\u00e9s perdre el seu lloc a la llista de trasplantaments. L\u2019\u00fanica forma de mantenir-se amb vida es estar allunyats.\u00a0<\/span><\/p>\n<p><span style=\"font-weight: 400;\">Pots estimar a alg\u00fa que no pots tocar?<\/span><\/p>\n<p>&nbsp;<\/p>\n<p>&nbsp;<\/p>\n<p><strong>Resumen<\/strong><\/p>\n<p><span style=\"font-weight: 400;\">Necesitamos estar cerca de las personas que queremos casi tanto como el aire que respiramos.<\/span><\/p>\n<p><span style=\"font-weight: 400;\">A Stella Grant le gusta tener el control, a pesar de no poder dominar sus propios pulmones, que la han tenido en el hospital la mayor parte de su vida. Por encima de todo, Stella necesita controlar su espacio para mantenerse alejada de cualquier persona o cosa que pueda transmitirle una infecci\u00f3n y poner en peligro su trasplante de pulm\u00f3n. Dos metros de distancia. Sin excepciones.<\/span><\/p>\n<p><span style=\"font-weight: 400;\">En cuanto a Will Newman, lo \u00fanico que quiere controlar es c\u00f3mo salir de este hospital. No le importan sus tratamientos, o si hay una nueva medicaci\u00f3n en ensayo cl\u00ednico. Pronto cumplir\u00e1 dieciocho a\u00f1os y podr\u00e1 desconectar todas estas m\u00e1quinas. Desea ir a ver el mundo, no solo sus hospitales.<\/span><\/p>\n<p><span style=\"font-weight: 400;\">Will y Stella no pueden acercarse. Solo con que respiren cerca, Will podr\u00eda provocar que Stella perdiera su puesto en la lista de trasplantes. La \u00fanica forma de mantenerse con vida es mantenerse alejados.<\/span><\/p>\n<p><span style=\"font-weight: 400;\">\u00bfPuedes amar a alguien a quien no puedes tocar?<\/span><\/p>\n<p>&nbsp;<\/p>\n<p>Us animeu durant les vacances a llegir-vos el llibre, mirar-vos la pel\u00b7l\u00edcula i comentar-nos les difer\u00e8ncies que hi trobeu?Us llegim!\ud83e\udd17<\/p>\n<p>No us oblideu de seguir-nos al nostre\u00a0<span class=\"hiddenSpellError\">instagram @bibliojda <\/span><\/p>\n","protected":false},"excerpt":{"rendered":"<p>Bona tarda a tots i a totes!\ud83d\ude0a<br \/>\nEsperem que aquesta setmana hagi comen\u00e7at\u00a0el millor\u00a0possible, i si no, recordeu que a partir de divendres comencen les vacances!<br \/>\nAvui us portem una nova recomanaci\u00f3 de lectura A dos metros de\u00a0ti, de la &#8220;Rachel\u00a0Lippincott&#8220;, en &#8220;Mikki\u00a0Daughtry&#8221; i en &#8220;Tobias\u00a0Iaconis&#8220;. Probablement&hellip;  <a href=\"https:\/\/agora.xtec.cat\/insjoandaustria\/general\/recomanacio-setmanal-de-lectura-6\/\" title=\"Read RECOMANACI\u00d3 SETMANAL DE LECTURA\">Llegeix m\u00e9s\u00bb<\/a><\/p>\n","protected":false},"author":360,"featured_media":8134,"comment_status":"closed","ping_status":"closed","sticky":false,"template":"","format":"standard","meta":{"_bbp_topic_count":0,"_bbp_reply_count":0,"_bbp_total_topic_count":0,"_bbp_total_reply_count":0,"_bbp_voice_count":0,"_bbp_anonymous_reply_count":0,"_bbp_topic_count_hidden":0,"_bbp_reply_count_hidden":0,"_bbp_forum_subforum_count":0,"footnotes":""},"categories":[302,3,1,29],"tags":[],"class_list":["post-8133","post","type-post","status-publish","format-standard","has-post-thumbnail","hentry","category-biblioteca","category-eso","category-general","category-portada"],"post_mailing_queue_ids":[],"_links":{"self":[{"href":"https:\/\/agora.xtec.cat\/insjoandaustria\/wp-json\/wp\/v2\/posts\/8133","targetHints":{"allow":["GET"]}}],"collection":[{"href":"https:\/\/agora.xtec.cat\/insjoandaustria\/wp-json\/wp\/v2\/posts"}],"about":[{"href":"https:\/\/agora.xtec.cat\/insjoandaustria\/wp-json\/wp\/v2\/types\/post"}],"author":[{"embeddable":true,"href":"https:\/\/agora.xtec.cat\/insjoandaustria\/wp-json\/wp\/v2\/users\/360"}],"replies":[{"embeddable":true,"href":"https:\/\/agora.xtec.cat\/insjoandaustria\/wp-json\/wp\/v2\/comments?post=8133"}],"version-history":[{"count":1,"href":"https:\/\/agora.xtec.cat\/insjoandaustria\/wp-json\/wp\/v2\/posts\/8133\/revisions"}],"predecessor-version":[{"id":8135,"href":"https:\/\/agora.xtec.cat\/insjoandaustria\/wp-json\/wp\/v2\/posts\/8133\/revisions\/8135"}],"wp:featuredmedia":[{"embeddable":true,"href":"https:\/\/agora.xtec.cat\/insjoandaustria\/wp-json\/wp\/v2\/media\/8134"}],"wp:attachment":[{"href":"https:\/\/agora.xtec.cat\/insjoandaustria\/wp-json\/wp\/v2\/media?parent=8133"}],"wp:term":[{"taxonomy":"category","embeddable":true,"href":"https:\/\/agora.xtec.cat\/insjoandaustria\/wp-json\/wp\/v2\/categories?post=8133"},{"taxonomy":"post_tag","embeddable":true,"href":"https:\/\/agora.xtec.cat\/insjoandaustria\/wp-json\/wp\/v2\/tags?post=8133"}],"curies":[{"name":"wp","href":"https:\/\/api.w.org\/{rel}","templated":true}]}}