{"id":8119,"date":"2021-03-11T17:00:42","date_gmt":"2021-03-11T16:00:42","guid":{"rendered":"http:\/\/agora.xtec.cat\/insjoandaustria\/?p=8119"},"modified":"2021-03-11T17:01:19","modified_gmt":"2021-03-11T16:01:19","slug":"recomanacio-de-lectura-feminista-2","status":"publish","type":"post","link":"https:\/\/agora.xtec.cat\/insjoandaustria\/general\/recomanacio-de-lectura-feminista-2\/","title":{"rendered":"RECOMANACI\u00d3 DE LECTURA FEMINISTA"},"content":{"rendered":"<p>Bona tarda! \ud83d\ude1a<\/p>\n<p>Avui us portem l&#8217;\u00faltima recomanaci\u00f3 de lectura setmanal amb motiu del dia de la dona (8 de mar\u00e7 \ud83d\udc9c). Aquesta tarda us volem presentar el llibre &#8220;<strong>X\u00e8nia, estimar NO fa mal<\/strong>&#8220;, escrit per la <em>Gemma Pasqual Escriv\u00e0<\/em>. Esperem que us animeu a llegir-lo, i us recordem que podeu trobar-lo a la biblioteca juntament a tots els llibres que us hem presentat aquesta setmana i molts m\u00e9s!<\/p>\n<p><a href=\"https:\/\/agora.xtec.cat\/insjoandaustria\/wp-content\/uploads\/usu216\/2021\/03\/Xe\u0300nia-estimar-no-fa-mal.jpg\"><img loading=\"lazy\" decoding=\"async\" class=\"aligncenter size-large wp-image-8120\" src=\"https:\/\/agora.xtec.cat\/insjoandaustria\/wp-content\/uploads\/usu216\/2021\/03\/Xe\u0300nia-estimar-no-fa-mal-1024x1024.jpg\" alt=\"\" width=\"1024\" height=\"1024\" srcset=\"https:\/\/agora.xtec.cat\/insjoandaustria\/wp-content\/uploads\/usu216\/2021\/03\/Xe\u0300nia-estimar-no-fa-mal-1024x1024.jpg 1024w, https:\/\/agora.xtec.cat\/insjoandaustria\/wp-content\/uploads\/usu216\/2021\/03\/Xe\u0300nia-estimar-no-fa-mal-150x150.jpg 150w, https:\/\/agora.xtec.cat\/insjoandaustria\/wp-content\/uploads\/usu216\/2021\/03\/Xe\u0300nia-estimar-no-fa-mal-300x300.jpg 300w, https:\/\/agora.xtec.cat\/insjoandaustria\/wp-content\/uploads\/usu216\/2021\/03\/Xe\u0300nia-estimar-no-fa-mal-768x768.jpg 768w, https:\/\/agora.xtec.cat\/insjoandaustria\/wp-content\/uploads\/usu216\/2021\/03\/Xe\u0300nia-estimar-no-fa-mal.jpg 1080w\" sizes=\"auto, (max-width: 1024px) 100vw, 1024px\" \/><\/a><\/p>\n<p><strong>Resum<\/strong><\/p>\n<p><span style=\"font-weight: 400;\">Enganxada al m\u00f2bil? No; estic enganxada a la persona que hi ha darrere de la pantalla. No ho puc evitar, prioritzo un missatge de whatsapp a qualsevol altra cosa. Tamb\u00e9 estic enganxada a les magdalenes de l&#8217;\u00e0via, a la m\u00fasica, a les pel\u00b7l\u00edcules, als llibres i als petons. I me&#8217;n desenganxo quan em controlen, em toquen el whatsapp o m\u2019etiqueten en fotografies sense perm\u00eds. Estimar no fa mal i, si em fas mal, et dir\u00e9: \u00abNO\u00bb i em desenganxar\u00e9 de tu. Per cert, s\u00f3c la X\u00e8nia i aquest \u00e9s el meu blog. T&#8217;hi enganxes?<\/span><\/p>\n<p>&nbsp;<\/p>\n<p><strong>Resumen<\/strong><\/p>\n<p><span style=\"font-weight: 400;\">Enganchada al m\u00f3vil? No, estoy enganchada a la persona que hay detr\u00e1s de la pantalla. No puedo evitarlo, priorizo un mensaje de whatsapp a cualquier otra cosa. Tambi\u00e9n estoy enganchada a las magdalenas de mi abuela, a la m\u00fasica, a las pel\u00edculas, a los libros y a los besos. Y me desengancho cuando me controlan, me tocan mi whatsapp o me etiquetan en fotograf\u00edas sin permiso. Querer no hace da\u00f1o y, si me haces da\u00f1o, te dir\u00e9 \u201cNO\u201d y me desenganchar\u00e9 de ti. Por cierto, soy Xenia y este es mi blog. \u00bfTe enganchas?<\/span><\/p>\n<p>&nbsp;<\/p>\n<p>Us recordem que estem molt actius al nostre instagram, seguiu-nos!<strong> @bibliojda<\/strong><\/p>\n<p>&nbsp;<\/p>\n","protected":false},"excerpt":{"rendered":"<p>Bona tarda! \ud83d\ude1a<br \/>\nAvui us portem l&#8217;\u00faltima recomanaci\u00f3 de lectura setmanal amb motiu del dia de la dona (8 de mar\u00e7 \ud83d\udc9c). Aquesta tarda us volem presentar el llibre &#8220;X\u00e8nia, estimar NO fa mal&#8220;, escrit per la Gemma Pasqual Escriv\u00e0. Esperem que us animeu a llegir-lo,&hellip;  <a href=\"https:\/\/agora.xtec.cat\/insjoandaustria\/general\/recomanacio-de-lectura-feminista-2\/\" title=\"Read RECOMANACI\u00d3 DE LECTURA FEMINISTA\">Llegeix m\u00e9s\u00bb<\/a><\/p>\n","protected":false},"author":360,"featured_media":8120,"comment_status":"closed","ping_status":"closed","sticky":false,"template":"","format":"standard","meta":{"_bbp_topic_count":0,"_bbp_reply_count":0,"_bbp_total_topic_count":0,"_bbp_total_reply_count":0,"_bbp_voice_count":0,"_bbp_anonymous_reply_count":0,"_bbp_topic_count_hidden":0,"_bbp_reply_count_hidden":0,"_bbp_forum_subforum_count":0,"footnotes":""},"categories":[302,3,1,29],"tags":[],"class_list":["post-8119","post","type-post","status-publish","format-standard","has-post-thumbnail","hentry","category-biblioteca","category-eso","category-general","category-portada"],"post_mailing_queue_ids":[],"_links":{"self":[{"href":"https:\/\/agora.xtec.cat\/insjoandaustria\/wp-json\/wp\/v2\/posts\/8119","targetHints":{"allow":["GET"]}}],"collection":[{"href":"https:\/\/agora.xtec.cat\/insjoandaustria\/wp-json\/wp\/v2\/posts"}],"about":[{"href":"https:\/\/agora.xtec.cat\/insjoandaustria\/wp-json\/wp\/v2\/types\/post"}],"author":[{"embeddable":true,"href":"https:\/\/agora.xtec.cat\/insjoandaustria\/wp-json\/wp\/v2\/users\/360"}],"replies":[{"embeddable":true,"href":"https:\/\/agora.xtec.cat\/insjoandaustria\/wp-json\/wp\/v2\/comments?post=8119"}],"version-history":[{"count":1,"href":"https:\/\/agora.xtec.cat\/insjoandaustria\/wp-json\/wp\/v2\/posts\/8119\/revisions"}],"predecessor-version":[{"id":8121,"href":"https:\/\/agora.xtec.cat\/insjoandaustria\/wp-json\/wp\/v2\/posts\/8119\/revisions\/8121"}],"wp:featuredmedia":[{"embeddable":true,"href":"https:\/\/agora.xtec.cat\/insjoandaustria\/wp-json\/wp\/v2\/media\/8120"}],"wp:attachment":[{"href":"https:\/\/agora.xtec.cat\/insjoandaustria\/wp-json\/wp\/v2\/media?parent=8119"}],"wp:term":[{"taxonomy":"category","embeddable":true,"href":"https:\/\/agora.xtec.cat\/insjoandaustria\/wp-json\/wp\/v2\/categories?post=8119"},{"taxonomy":"post_tag","embeddable":true,"href":"https:\/\/agora.xtec.cat\/insjoandaustria\/wp-json\/wp\/v2\/tags?post=8119"}],"curies":[{"name":"wp","href":"https:\/\/api.w.org\/{rel}","templated":true}]}}