{"id":8061,"date":"2021-03-02T16:55:33","date_gmt":"2021-03-02T15:55:33","guid":{"rendered":"http:\/\/agora.xtec.cat\/insjoandaustria\/?p=8061"},"modified":"2021-03-02T16:55:33","modified_gmt":"2021-03-02T15:55:33","slug":"recomanacio-setmanal-de-lectura-5","status":"publish","type":"post","link":"https:\/\/agora.xtec.cat\/insjoandaustria\/general\/recomanacio-setmanal-de-lectura-5\/","title":{"rendered":"RECOMANACI\u00d3 SETMANAL DE LECTURA"},"content":{"rendered":"<p>Bona tarda nois i noies! \ud83d\ude1c<\/p>\n<p><span style=\"font-weight: 400;\">Avui us presentem els c\u00f2mics d\u2019en Detectiu Conan, aprofitant que aquesta setmana s\u2019acaba el termini per presentar-se al concurs de c\u00f2mic que us vam explicar l\u2019altre dia! A la biblioteca hi tenim 5 c\u00f2mics sobre aquest petit detectiu, us animeu a llegir-los tots?<\/span><\/p>\n<p><a href=\"https:\/\/agora.xtec.cat\/insjoandaustria\/wp-content\/uploads\/usu216\/2021\/03\/El-Detectiu-Conan.jpg\"><img loading=\"lazy\" decoding=\"async\" class=\"aligncenter size-large wp-image-8062\" src=\"https:\/\/agora.xtec.cat\/insjoandaustria\/wp-content\/uploads\/usu216\/2021\/03\/El-Detectiu-Conan-1024x1024.jpg\" alt=\"\" width=\"1024\" height=\"1024\" srcset=\"https:\/\/agora.xtec.cat\/insjoandaustria\/wp-content\/uploads\/usu216\/2021\/03\/El-Detectiu-Conan-1024x1024.jpg 1024w, https:\/\/agora.xtec.cat\/insjoandaustria\/wp-content\/uploads\/usu216\/2021\/03\/El-Detectiu-Conan-150x150.jpg 150w, https:\/\/agora.xtec.cat\/insjoandaustria\/wp-content\/uploads\/usu216\/2021\/03\/El-Detectiu-Conan-300x300.jpg 300w, https:\/\/agora.xtec.cat\/insjoandaustria\/wp-content\/uploads\/usu216\/2021\/03\/El-Detectiu-Conan-768x768.jpg 768w, https:\/\/agora.xtec.cat\/insjoandaustria\/wp-content\/uploads\/usu216\/2021\/03\/El-Detectiu-Conan.jpg 1080w\" sizes=\"auto, (max-width: 1024px) 100vw, 1024px\" \/><\/a><\/p>\n<p><strong>Resum<\/strong><\/p>\n<ul>\n<li><span style=\"font-weight: 400;\">Despr\u00e9s d\u2019un estrany accident, en Shinichi Kudo ha encongit i ha agafat la forma d\u00b4un nen petit, aix\u00f2 s\u00ed, superdotat i amb una estranya habilitat per resoldre els crims m\u00e9s rocambolescos. Acompanyat de la Ran, la noia que li agrada, i el comissari de policia Kogoro Mouri, el pare de la Ran, en Shinichi agafa la identitat de Conan Edogawa, el terror dels criminals.<\/span><\/li>\n<\/ul>\n<p>&nbsp;<\/p>\n<p><strong>Resumen<\/strong><\/p>\n<ul>\n<li><span style=\"font-weight: 400;\">Despu\u00e9s de un extra\u00f1o accidente, el Shinichi Kudo ha encogido y ha adoptado la forma de un ni\u00f1o peque\u00f1o, eso s\u00ed, super dotado y con una extra\u00f1a habilidad para resolver los cr\u00edmenes m\u00e1s rebuscados. Acompa\u00f1ado de Ran, la chica que le gusta, y el comisario de polic\u00eda Kogoro Mouri, el padre de Ran, Shinichi adopta la identidad de Conan Edogawa, el terror de los criminales<\/span><\/li>\n<\/ul>\n<p>&nbsp;<\/p>\n<p>No us oblideu de seguir-nos al nostre instagram, on estem m\u00e9s actius!\ud83d\udc4b\u00a0 @bibliojda<\/p>\n","protected":false},"excerpt":{"rendered":"<p>Bona tarda nois i noies! \ud83d\ude1c<br \/>\nAvui us presentem els c\u00f2mics d\u2019en Detectiu Conan, aprofitant que aquesta setmana s\u2019acaba el termini per presentar-se al concurs de c\u00f2mic que us vam explicar l\u2019altre dia! A la biblioteca hi tenim 5 c\u00f2mics sobre aquest petit detectiu, us animeu&hellip;  <a href=\"https:\/\/agora.xtec.cat\/insjoandaustria\/general\/recomanacio-setmanal-de-lectura-5\/\" title=\"Read RECOMANACI\u00d3 SETMANAL DE LECTURA\">Llegeix m\u00e9s\u00bb<\/a><\/p>\n","protected":false},"author":360,"featured_media":8062,"comment_status":"closed","ping_status":"closed","sticky":false,"template":"","format":"standard","meta":{"_bbp_topic_count":0,"_bbp_reply_count":0,"_bbp_total_topic_count":0,"_bbp_total_reply_count":0,"_bbp_voice_count":0,"_bbp_anonymous_reply_count":0,"_bbp_topic_count_hidden":0,"_bbp_reply_count_hidden":0,"_bbp_forum_subforum_count":0,"footnotes":""},"categories":[302,3,1,29],"tags":[],"class_list":["post-8061","post","type-post","status-publish","format-standard","has-post-thumbnail","hentry","category-biblioteca","category-eso","category-general","category-portada"],"post_mailing_queue_ids":[],"_links":{"self":[{"href":"https:\/\/agora.xtec.cat\/insjoandaustria\/wp-json\/wp\/v2\/posts\/8061","targetHints":{"allow":["GET"]}}],"collection":[{"href":"https:\/\/agora.xtec.cat\/insjoandaustria\/wp-json\/wp\/v2\/posts"}],"about":[{"href":"https:\/\/agora.xtec.cat\/insjoandaustria\/wp-json\/wp\/v2\/types\/post"}],"author":[{"embeddable":true,"href":"https:\/\/agora.xtec.cat\/insjoandaustria\/wp-json\/wp\/v2\/users\/360"}],"replies":[{"embeddable":true,"href":"https:\/\/agora.xtec.cat\/insjoandaustria\/wp-json\/wp\/v2\/comments?post=8061"}],"version-history":[{"count":1,"href":"https:\/\/agora.xtec.cat\/insjoandaustria\/wp-json\/wp\/v2\/posts\/8061\/revisions"}],"predecessor-version":[{"id":8063,"href":"https:\/\/agora.xtec.cat\/insjoandaustria\/wp-json\/wp\/v2\/posts\/8061\/revisions\/8063"}],"wp:featuredmedia":[{"embeddable":true,"href":"https:\/\/agora.xtec.cat\/insjoandaustria\/wp-json\/wp\/v2\/media\/8062"}],"wp:attachment":[{"href":"https:\/\/agora.xtec.cat\/insjoandaustria\/wp-json\/wp\/v2\/media?parent=8061"}],"wp:term":[{"taxonomy":"category","embeddable":true,"href":"https:\/\/agora.xtec.cat\/insjoandaustria\/wp-json\/wp\/v2\/categories?post=8061"},{"taxonomy":"post_tag","embeddable":true,"href":"https:\/\/agora.xtec.cat\/insjoandaustria\/wp-json\/wp\/v2\/tags?post=8061"}],"curies":[{"name":"wp","href":"https:\/\/api.w.org\/{rel}","templated":true}]}}