{"id":8039,"date":"2021-02-08T08:00:49","date_gmt":"2021-02-08T07:00:49","guid":{"rendered":"http:\/\/agora.xtec.cat\/insjoandaustria\/?p=8039"},"modified":"2021-02-17T17:55:04","modified_gmt":"2021-02-17T16:55:04","slug":"dia-internacional-de-les-dones-i-les-nenes-en-la-ciencia","status":"publish","type":"post","link":"https:\/\/agora.xtec.cat\/insjoandaustria\/general\/dia-internacional-de-les-dones-i-les-nenes-en-la-ciencia\/","title":{"rendered":"Dia Internacional de les Dones i les Nenes en la Ci\u00e8ncia"},"content":{"rendered":"<p>L&#8217;11 de febrer \u00e9s el <em><strong>Dia Internacional de les Dones i les Nenes en la Ci\u00e8ncia.<\/strong><\/em><\/p>\n<p>Per tal de donar a con\u00e8ixer la figura d&#8217;algunes <strong>dones que han contribu\u00eft al desenvolupament de la ci\u00e8ncia<\/strong>, hem preparat un concurs al qual hi podr\u00e0 participar tot l&#8217;alumnat del nostre l&#8217;institut: alumnat d&#8217;ESO, Batxillerat i Cicles Formatius.<\/p>\n<p>De <strong>dilluns a dimecres d&#8217;aquesta setmana<\/strong>, cada dia, els proposarem 3 pistes que els permetran deduir el nom d&#8217;una cient\u00edfica.<\/p>\n<p>Qui encerti els tres enigmes podr\u00e0 optar al premi!.<\/p>\n<p>Les pistes es trobaran al vest\u00edbul de l&#8217;Institut i a la plana web de l&#8217;Institut: <a href=\"http:\/\/dones-i-ciencia.insjoandaustria.org\/\" target=\"_blank\" rel=\"noopener noreferrer\">Web del concurs<\/a><\/p>\n<p>Podeu consultar les bases del concurs: <a href=\"http:\/\/dones-i-ciencia.insjoandaustria.org\/concurs\/bases-concurs.html\">Bases del concurs<\/a><\/p>\n<p>Animeu-vos a participar-hi!!!<\/p>\n","protected":false},"excerpt":{"rendered":"<p>Amb motiu del\u00a0Dia Internacional de les Dones i les Nenes en la Ci\u00e8ncia\u00a0que se celebra l\u201911 de febrer, l\u2019Institut Joan d&#8217;\u00c0ustria convida al nostre alumnat d\u2019ESO, Batxillerat i Cicles Formatius a participar en un concurs sobre dones que en la seva carrera professional han destacat en el camp de la ci\u00e8ncia.&hellip;  <a href=\"https:\/\/agora.xtec.cat\/insjoandaustria\/general\/dia-internacional-de-les-dones-i-les-nenes-en-la-ciencia\/\" title=\"Read Dia Internacional de les Dones i les Nenes en la Ci\u00e8ncia\">Llegeix m\u00e9s\u00bb<\/a><\/p>\n","protected":false},"author":415,"featured_media":8044,"comment_status":"closed","ping_status":"closed","sticky":false,"template":"","format":"standard","meta":{"_bbp_topic_count":0,"_bbp_reply_count":0,"_bbp_total_topic_count":0,"_bbp_total_reply_count":0,"_bbp_voice_count":0,"_bbp_anonymous_reply_count":0,"_bbp_topic_count_hidden":0,"_bbp_reply_count_hidden":0,"_bbp_forum_subforum_count":0,"footnotes":""},"categories":[1,29],"tags":[],"class_list":["post-8039","post","type-post","status-publish","format-standard","has-post-thumbnail","hentry","category-general","category-portada"],"post_mailing_queue_ids":[],"_links":{"self":[{"href":"https:\/\/agora.xtec.cat\/insjoandaustria\/wp-json\/wp\/v2\/posts\/8039","targetHints":{"allow":["GET"]}}],"collection":[{"href":"https:\/\/agora.xtec.cat\/insjoandaustria\/wp-json\/wp\/v2\/posts"}],"about":[{"href":"https:\/\/agora.xtec.cat\/insjoandaustria\/wp-json\/wp\/v2\/types\/post"}],"author":[{"embeddable":true,"href":"https:\/\/agora.xtec.cat\/insjoandaustria\/wp-json\/wp\/v2\/users\/415"}],"replies":[{"embeddable":true,"href":"https:\/\/agora.xtec.cat\/insjoandaustria\/wp-json\/wp\/v2\/comments?post=8039"}],"version-history":[{"count":3,"href":"https:\/\/agora.xtec.cat\/insjoandaustria\/wp-json\/wp\/v2\/posts\/8039\/revisions"}],"predecessor-version":[{"id":8048,"href":"https:\/\/agora.xtec.cat\/insjoandaustria\/wp-json\/wp\/v2\/posts\/8039\/revisions\/8048"}],"wp:featuredmedia":[{"embeddable":true,"href":"https:\/\/agora.xtec.cat\/insjoandaustria\/wp-json\/wp\/v2\/media\/8044"}],"wp:attachment":[{"href":"https:\/\/agora.xtec.cat\/insjoandaustria\/wp-json\/wp\/v2\/media?parent=8039"}],"wp:term":[{"taxonomy":"category","embeddable":true,"href":"https:\/\/agora.xtec.cat\/insjoandaustria\/wp-json\/wp\/v2\/categories?post=8039"},{"taxonomy":"post_tag","embeddable":true,"href":"https:\/\/agora.xtec.cat\/insjoandaustria\/wp-json\/wp\/v2\/tags?post=8039"}],"curies":[{"name":"wp","href":"https:\/\/api.w.org\/{rel}","templated":true}]}}