{"id":8026,"date":"2021-02-02T16:50:59","date_gmt":"2021-02-02T15:50:59","guid":{"rendered":"http:\/\/agora.xtec.cat\/insjoandaustria\/?p=8026"},"modified":"2021-02-02T16:50:59","modified_gmt":"2021-02-02T15:50:59","slug":"recomanacio-setmanal-de-lectura-4","status":"publish","type":"post","link":"https:\/\/agora.xtec.cat\/insjoandaustria\/general\/recomanacio-setmanal-de-lectura-4\/","title":{"rendered":"RECOMANACI\u00d3 SETMANAL DE LECTURA"},"content":{"rendered":"<p>Bona tarda a tots i a totes! \ud83d\ude00<\/p>\n<p>Ja ha passat una setmana m\u00e9s i aqu\u00ed ens trobem un altre cop, recomanant-vos un llibre per ampliar la vostra llista de lectura!<\/p>\n<p>Avui us recomanem &#8220;Contes de bona nit per a nenes rebels&#8221; de l&#8217;<em>Elena Favilli<\/em> i la <em>Francesca Cavallo<\/em>. Tot i que la lectura \u00e9s molt interessant, un altre punt fort d&#8217;aquest llibre s\u00f3n les il\u00b7lustracions! Us podem assegurar que no us penedireu de llegir-ho.<\/p>\n<p><a href=\"https:\/\/agora.xtec.cat\/insjoandaustria\/wp-content\/uploads\/usu216\/2021\/02\/cuentos-de-buenas-noches-para-nin\u0303as-rebeldes.jpg\"><img loading=\"lazy\" decoding=\"async\" class=\"aligncenter size-large wp-image-8027\" src=\"https:\/\/agora.xtec.cat\/insjoandaustria\/wp-content\/uploads\/usu216\/2021\/02\/cuentos-de-buenas-noches-para-nin\u0303as-rebeldes-1024x1024.jpg\" alt=\"\" width=\"1024\" height=\"1024\" srcset=\"https:\/\/agora.xtec.cat\/insjoandaustria\/wp-content\/uploads\/usu216\/2021\/02\/cuentos-de-buenas-noches-para-nin\u0303as-rebeldes-1024x1024.jpg 1024w, https:\/\/agora.xtec.cat\/insjoandaustria\/wp-content\/uploads\/usu216\/2021\/02\/cuentos-de-buenas-noches-para-nin\u0303as-rebeldes-150x150.jpg 150w, https:\/\/agora.xtec.cat\/insjoandaustria\/wp-content\/uploads\/usu216\/2021\/02\/cuentos-de-buenas-noches-para-nin\u0303as-rebeldes-300x300.jpg 300w, https:\/\/agora.xtec.cat\/insjoandaustria\/wp-content\/uploads\/usu216\/2021\/02\/cuentos-de-buenas-noches-para-nin\u0303as-rebeldes-768x768.jpg 768w, https:\/\/agora.xtec.cat\/insjoandaustria\/wp-content\/uploads\/usu216\/2021\/02\/cuentos-de-buenas-noches-para-nin\u0303as-rebeldes.jpg 1080w\" sizes=\"auto, (max-width: 1024px) 100vw, 1024px\" \/><\/a><\/p>\n<p><strong>Resum<\/strong><\/p>\n<p><span style=\"font-weight: 400;\">Hi havia una vegada una princesa&#8230; una princesa? No! Hi havia una vegada cent dones que van canviar el m\u00f3n.<\/span><\/p>\n<p><span style=\"font-weight: 400;\">De Serena Williams a Malala Yousafzai, de Coco Chanel a Frida Kalo, d\u2019Hip\u00e0tia a Michelle Obama, aquest llibre narra les vides extraordin\u00e0ries de cent dones valentes i, a m\u00e9s, cont\u00e9 les il\u00b7lustracions de seixanta artistes d&#8217;arreu del m\u00f3n. Cient\u00edfiques, astronautes, aixecadores de pesos, jutgesses, xefs&#8230; Cent exemples de determinaci\u00f3 i aud\u00e0cia per a les grans somiadores.<\/span><\/p>\n<p><span style=\"font-weight: 400;\">Perqu\u00e8 totes les nenes haurien de cr\u00e9ixer sabent que poden ser tot all\u00f2 que vulguin ser.<\/span><\/p>\n<p>&nbsp;<\/p>\n<p><span style=\"font-weight: 400;\"><strong>Resumen<\/strong>\u00a0<\/span><\/p>\n<p><span style=\"font-weight: 400;\">Hab\u00eda una vez una princesa\u2026 \u00bfuna princesa? \u00a1No! Hab\u00eda una vez cientos de mujeres que cambiaron el mundo.<\/span><\/p>\n<p><span style=\"font-weight: 400;\">De Serena Williams a Malala Yousafzai, de Coco Chanel a Frida Khalo, de Hipatia a Michelle Obama, este libro narra las vidas extraordinarias de cientos de mujeres valientes y, adem\u00e1s, contiene ilustraciones de sesenta artistas de todo el mundo. Cient\u00edficas, astronautas, levantadoras de pesos, juezas, chefs\u2026 Cien ejemplos de determinaci\u00f3n y audacia para las grandes so\u00f1adoras.\u00a0<\/span><\/p>\n<p><span style=\"font-weight: 400;\">Porque todas las ni\u00f1as deber\u00edan crecer sabiendo que pueden ser todo aquello que quieran ser.\u00a0<\/span><\/p>\n<p>&nbsp;<\/p>\n<p>No us oblideu de seguir-nos al nostre instagram i comentar-nos que us ha semblat la lectura d&#8217;aquesta setmana!!<\/p>\n<h3>@bibliojda \ud83e\udd17<\/h3>\n","protected":false},"excerpt":{"rendered":"<p>Bona tarda a tots i a totes! \ud83d\ude00<br \/>\nJa ha passat una setmana m\u00e9s i aqu\u00ed ens trobem un altre cop, recomanant-vos un llibre per ampliar la vostra llista de lectura!<br \/>\nAvui us recomanem &#8220;Contes de bona nit per a nenes rebels&#8221; de l&#8217;Elena Favilli i la&hellip;  <a href=\"https:\/\/agora.xtec.cat\/insjoandaustria\/general\/recomanacio-setmanal-de-lectura-4\/\" title=\"Read RECOMANACI\u00d3 SETMANAL DE LECTURA\">Llegeix m\u00e9s\u00bb<\/a><\/p>\n","protected":false},"author":360,"featured_media":8027,"comment_status":"closed","ping_status":"closed","sticky":false,"template":"","format":"standard","meta":{"_bbp_topic_count":0,"_bbp_reply_count":0,"_bbp_total_topic_count":0,"_bbp_total_reply_count":0,"_bbp_voice_count":0,"_bbp_anonymous_reply_count":0,"_bbp_topic_count_hidden":0,"_bbp_reply_count_hidden":0,"_bbp_forum_subforum_count":0,"footnotes":""},"categories":[302,3,1,29],"tags":[],"class_list":["post-8026","post","type-post","status-publish","format-standard","has-post-thumbnail","hentry","category-biblioteca","category-eso","category-general","category-portada"],"post_mailing_queue_ids":[],"_links":{"self":[{"href":"https:\/\/agora.xtec.cat\/insjoandaustria\/wp-json\/wp\/v2\/posts\/8026","targetHints":{"allow":["GET"]}}],"collection":[{"href":"https:\/\/agora.xtec.cat\/insjoandaustria\/wp-json\/wp\/v2\/posts"}],"about":[{"href":"https:\/\/agora.xtec.cat\/insjoandaustria\/wp-json\/wp\/v2\/types\/post"}],"author":[{"embeddable":true,"href":"https:\/\/agora.xtec.cat\/insjoandaustria\/wp-json\/wp\/v2\/users\/360"}],"replies":[{"embeddable":true,"href":"https:\/\/agora.xtec.cat\/insjoandaustria\/wp-json\/wp\/v2\/comments?post=8026"}],"version-history":[{"count":1,"href":"https:\/\/agora.xtec.cat\/insjoandaustria\/wp-json\/wp\/v2\/posts\/8026\/revisions"}],"predecessor-version":[{"id":8028,"href":"https:\/\/agora.xtec.cat\/insjoandaustria\/wp-json\/wp\/v2\/posts\/8026\/revisions\/8028"}],"wp:featuredmedia":[{"embeddable":true,"href":"https:\/\/agora.xtec.cat\/insjoandaustria\/wp-json\/wp\/v2\/media\/8027"}],"wp:attachment":[{"href":"https:\/\/agora.xtec.cat\/insjoandaustria\/wp-json\/wp\/v2\/media?parent=8026"}],"wp:term":[{"taxonomy":"category","embeddable":true,"href":"https:\/\/agora.xtec.cat\/insjoandaustria\/wp-json\/wp\/v2\/categories?post=8026"},{"taxonomy":"post_tag","embeddable":true,"href":"https:\/\/agora.xtec.cat\/insjoandaustria\/wp-json\/wp\/v2\/tags?post=8026"}],"curies":[{"name":"wp","href":"https:\/\/api.w.org\/{rel}","templated":true}]}}