{"id":8002,"date":"2021-01-27T19:51:16","date_gmt":"2021-01-27T18:51:16","guid":{"rendered":"http:\/\/agora.xtec.cat\/insjoandaustria\/?p=8002"},"modified":"2021-01-27T19:52:46","modified_gmt":"2021-01-27T18:52:46","slug":"properes-xerrades","status":"publish","type":"post","link":"https:\/\/agora.xtec.cat\/insjoandaustria\/general\/properes-xerrades\/","title":{"rendered":"PROPERES XERRADES"},"content":{"rendered":"<p><a href=\"https:\/\/agora.xtec.cat\/insjoandaustria\/wp-content\/uploads\/usu216\/2021\/01\/Joan-dAustria_Negociem-200421-2.jpg\"><img loading=\"lazy\" decoding=\"async\" class=\"aligncenter size-large wp-image-8003\" src=\"https:\/\/agora.xtec.cat\/insjoandaustria\/wp-content\/uploads\/usu216\/2021\/01\/Joan-dAustria_Negociem-200421-2-724x1024.jpg\" alt=\"\" width=\"724\" height=\"1024\" srcset=\"https:\/\/agora.xtec.cat\/insjoandaustria\/wp-content\/uploads\/usu216\/2021\/01\/Joan-dAustria_Negociem-200421-2-724x1024.jpg 724w, https:\/\/agora.xtec.cat\/insjoandaustria\/wp-content\/uploads\/usu216\/2021\/01\/Joan-dAustria_Negociem-200421-2-212x300.jpg 212w, https:\/\/agora.xtec.cat\/insjoandaustria\/wp-content\/uploads\/usu216\/2021\/01\/Joan-dAustria_Negociem-200421-2-768x1086.jpg 768w, https:\/\/agora.xtec.cat\/insjoandaustria\/wp-content\/uploads\/usu216\/2021\/01\/Joan-dAustria_Negociem-200421-2.jpg 1414w\" sizes=\"auto, (max-width: 724px) 100vw, 724px\" \/><\/a><\/p>\n<p>Benvolgudes fam\u00edlies,<\/p>\n<p>Com a continu\u00eftat de les actuacions desenvolupades en anys anteriors, al llarg d&#8217;aquest curs s&#8217;han planificat de manera conjunta -entre el centre i l&#8217;AFA- tot un seguit d&#8217;activitats que considerem molt importants per les fam\u00edlies del nostre alumnat.<\/p>\n<p>Les activitats previstes per aquest curs s\u00f3n:<\/p>\n<h3><strong>Taller\/Xerrada: <b><span style=\"color: #3d85c6\">Els nostres conflictes de cada dia: Negociem<\/span><\/b><\/strong><\/h3>\n<p>Data: <strong>Dimarts, 20 d&#8217;abril de 2021<\/strong><\/p>\n<p>Hora-Durada: De <strong>18:00<\/strong> fins les <strong>20:00<\/strong>.<\/p>\n<p>Lloc: En l\u00ednia<\/p>\n<p>Entitat organitzadora: Servei per a Adolescents i Fam\u00edlies (SAIF) de l&#8217;Ajuntament de Barcelona<\/p>\n<p><strong>Breu descripci\u00f3<\/strong>: Sovint, entenem el conflicte com quelcom negatiu i arribada l&#8217;adolesc\u00e8ncia ens podem desbordar a l&#8217;hora de pactar. Reflexionarem sobre la manera de comunicar-se en aquesta etapa. A partir de sup\u00f2sits pr\u00e0ctics, compartirem les pr\u00f2pies estrat\u00e8gies i revisarem com fer peticions de manera assertiva per arribar a acords.e-vos al seg\u00fcent formulari d&#8217;inscripci\u00f3<\/p>\n<p>Properament publicarem el formulari d&#8217;inscripci\u00f3 per a les fam\u00edlies interessades.<\/p>\n","protected":false},"excerpt":{"rendered":"<p><a href=\"https:\/\/agora.xtec.cat\/insjoandaustria\/wp-content\/uploads\/usu216\/2021\/01\/Joan-dAustria_Negociem-200421-2.jpg\"><\/a><br \/>\nBenvolgudes fam\u00edlies,<br \/>\nCom a continu\u00eftat de les actuacions desenvolupades en anys anteriors, al llarg d&#8217;aquest curs s&#8217;han planificat de manera conjunta -entre el centre i l&#8217;AFA- tot un seguit d&#8217;activitats que considerem molt importants per les fam\u00edlies del nostre alumnat.<br \/>\nLes activitats previstes per aquest curs&hellip;  <a href=\"https:\/\/agora.xtec.cat\/insjoandaustria\/general\/properes-xerrades\/\" title=\"Read PROPERES XERRADES\">Llegeix m\u00e9s\u00bb<\/a><\/p>\n","protected":false},"author":100,"featured_media":8003,"comment_status":"closed","ping_status":"closed","sticky":false,"template":"","format":"standard","meta":{"_bbp_topic_count":0,"_bbp_reply_count":0,"_bbp_total_topic_count":0,"_bbp_total_reply_count":0,"_bbp_voice_count":0,"_bbp_anonymous_reply_count":0,"_bbp_topic_count_hidden":0,"_bbp_reply_count_hidden":0,"_bbp_forum_subforum_count":0,"footnotes":""},"categories":[31,300,1],"tags":[],"class_list":["post-8002","post","type-post","status-publish","format-standard","has-post-thumbnail","hentry","category-afa","category-escola-families","category-general"],"post_mailing_queue_ids":[],"_links":{"self":[{"href":"https:\/\/agora.xtec.cat\/insjoandaustria\/wp-json\/wp\/v2\/posts\/8002","targetHints":{"allow":["GET"]}}],"collection":[{"href":"https:\/\/agora.xtec.cat\/insjoandaustria\/wp-json\/wp\/v2\/posts"}],"about":[{"href":"https:\/\/agora.xtec.cat\/insjoandaustria\/wp-json\/wp\/v2\/types\/post"}],"author":[{"embeddable":true,"href":"https:\/\/agora.xtec.cat\/insjoandaustria\/wp-json\/wp\/v2\/users\/100"}],"replies":[{"embeddable":true,"href":"https:\/\/agora.xtec.cat\/insjoandaustria\/wp-json\/wp\/v2\/comments?post=8002"}],"version-history":[{"count":3,"href":"https:\/\/agora.xtec.cat\/insjoandaustria\/wp-json\/wp\/v2\/posts\/8002\/revisions"}],"predecessor-version":[{"id":8008,"href":"https:\/\/agora.xtec.cat\/insjoandaustria\/wp-json\/wp\/v2\/posts\/8002\/revisions\/8008"}],"wp:featuredmedia":[{"embeddable":true,"href":"https:\/\/agora.xtec.cat\/insjoandaustria\/wp-json\/wp\/v2\/media\/8003"}],"wp:attachment":[{"href":"https:\/\/agora.xtec.cat\/insjoandaustria\/wp-json\/wp\/v2\/media?parent=8002"}],"wp:term":[{"taxonomy":"category","embeddable":true,"href":"https:\/\/agora.xtec.cat\/insjoandaustria\/wp-json\/wp\/v2\/categories?post=8002"},{"taxonomy":"post_tag","embeddable":true,"href":"https:\/\/agora.xtec.cat\/insjoandaustria\/wp-json\/wp\/v2\/tags?post=8002"}],"curies":[{"name":"wp","href":"https:\/\/api.w.org\/{rel}","templated":true}]}}