{"id":7979,"date":"2021-01-11T16:57:02","date_gmt":"2021-01-11T15:57:02","guid":{"rendered":"http:\/\/agora.xtec.cat\/insjoandaustria\/?p=7979"},"modified":"2021-01-11T16:57:02","modified_gmt":"2021-01-11T15:57:02","slug":"recomanacio-de-lectura-2","status":"publish","type":"post","link":"https:\/\/agora.xtec.cat\/insjoandaustria\/general\/recomanacio-de-lectura-2\/","title":{"rendered":"RECOMANACI\u00d3 DE LECTURA"},"content":{"rendered":"<p>Bona tarda, bon any i bon inici de trimestre! Des de la biblioteca esperem que les vacances de\u00a0Nadal\u00a0hagin anat genial, que\u00a0h\u00e0giu\u00a0gaudit de la vostra\u00a0fam\u00edlia\u00a0i que estigueu tots b\u00e9. A tots ens agradaria viure en unes vacances constants, per\u00f2 tot s&#8217;acaba i hem d&#8217;intentar comen\u00e7ar aquest nou\u00a0per\u00edode\u00a0amb molta for\u00e7a i moltes ganes. Us recordem que podeu venir a la biblioteca\u00a0a les tardes\u00a0a fer deures, treballs en grup o fins i tot per ajudar-vos entre vosaltres a estudiar i fer exercicis! L&#8217;horari \u00e9s de dilluns a dijous de 16:30 a 18:30\u202fh, animeu-vos!<\/p>\n<p><span style=\"font-weight: 400;\">Avui us recomanem un llibre que podeu trobar a la biblioteca, tant en castell\u00e0 com en angl\u00e8s. Si ja us l&#8217;heu llegit us animem al fet que sortiu una mica de la vostra zona de confort i us el llegiu en angl\u00e8s! Es tracta de &#8220;<em>Wonder<\/em>&#8220;, de R.J Palacio.<\/span><\/p>\n<p><a href=\"https:\/\/agora.xtec.cat\/insjoandaustria\/wp-content\/uploads\/usu216\/2021\/01\/Alguien-esta\u0301-mintiendo-1.jpg\"><img loading=\"lazy\" decoding=\"async\" class=\"aligncenter size-large wp-image-7980\" src=\"https:\/\/agora.xtec.cat\/insjoandaustria\/wp-content\/uploads\/usu216\/2021\/01\/Alguien-esta\u0301-mintiendo-1-1024x1024.jpg\" alt=\"\" width=\"1024\" height=\"1024\" srcset=\"https:\/\/agora.xtec.cat\/insjoandaustria\/wp-content\/uploads\/usu216\/2021\/01\/Alguien-esta\u0301-mintiendo-1-1024x1024.jpg 1024w, https:\/\/agora.xtec.cat\/insjoandaustria\/wp-content\/uploads\/usu216\/2021\/01\/Alguien-esta\u0301-mintiendo-1-150x150.jpg 150w, https:\/\/agora.xtec.cat\/insjoandaustria\/wp-content\/uploads\/usu216\/2021\/01\/Alguien-esta\u0301-mintiendo-1-300x300.jpg 300w, https:\/\/agora.xtec.cat\/insjoandaustria\/wp-content\/uploads\/usu216\/2021\/01\/Alguien-esta\u0301-mintiendo-1-768x768.jpg 768w, https:\/\/agora.xtec.cat\/insjoandaustria\/wp-content\/uploads\/usu216\/2021\/01\/Alguien-esta\u0301-mintiendo-1.jpg 1080w\" sizes=\"auto, (max-width: 1024px) 100vw, 1024px\" \/><\/a><\/p>\n<p><span style=\"font-weight: 400;\"><strong>Resum<\/strong>:<\/span><\/p>\n<ul>\n<li><span style=\"font-weight: 400;\">La seva cara el fa diferent i ell nom\u00e9s vol ser un m\u00e9s. Camina sempre mirant a terra, amb el cap amagat i el serrell tractant, sense aconseguir-ho, amagar la seva cara, per\u00f2 tot i aix\u00ed, \u00e9s objectiu de mirades furtives, murmuris ofegats i cops de colze de sorpresa. August surt poc, la seva vida passa entre les acollidores parets de casa seva, entre la companyia de la seva fam\u00edlia, la seva gossa Daisy i les incre\u00efbles hist\u00f2ries de &#8220;La guerra de les gal\u00e0xies&#8221;.<\/span><\/li>\n<li><span style=\"font-weight: 400;\">Aquest any tot canviar\u00e0, perqu\u00e8 aquest any anir\u00e0 per primer cop a l&#8217;escola. All\u00e0 aprendr\u00e0 la lli\u00e7\u00f3 m\u00e9s important de la seva vida, la que no s&#8217;ensenya a les aules ni en els llibres de text: cr\u00e9ixer en l&#8217;adversitat, acceptar-se tal com \u00e9s, somriure als dies grisos i saber que al final, sempre trobar\u00e0 una m\u00e0 amiga.<\/span><\/li>\n<\/ul>\n<p><span style=\"font-weight: 400;\"><strong>Resumen<\/strong>:<\/span><\/p>\n<ul>\n<li><span style=\"font-weight: 400;\">Su cara lo hace distinto y \u00e9l solo quiere ser uno m\u00e1s. Camina siempre mirando al suelo, la cabeza gacha y el flequillo tratando en vano de esconder su rostro, pero, aun as\u00ed, es objeto de miradas furtivas, susurros ahogados y codazos de asombro. August sale poco, su vida transcurre entre las acogedoras paredes de su casa, entre la compa\u00f1\u00eda de su familia, su perra Daisy y las incre\u00edbles historias de La guerra de las galaxias.<\/span><\/li>\n<li><span style=\"font-weight: 400;\">Este a\u00f1o todo va a cambiar, porque este a\u00f1o va a ir, por primera vez, a la escuela. All\u00ed aprender\u00e1 la lecci\u00f3n m\u00e1s importante de su vida, la que no se ense\u00f1a en las aulas ni en los libros de texto: crecer en la adversidad, aceptarse tal como es, sonre\u00edr a los d\u00edas grises y saber que, al final, siempre encontrar\u00e1 una mano amiga.<\/span><\/li>\n<li style=\"list-style-type: none;\"><\/li>\n<\/ul>\n","protected":false},"excerpt":{"rendered":"<p>Bona tarda, bon any i bon inici de trimestre! Des de la biblioteca esperem que les vacances de\u00a0Nadal\u00a0hagin anat genial, que\u00a0h\u00e0giu\u00a0gaudit de la vostra\u00a0fam\u00edlia\u00a0i que estigueu tots b\u00e9. A tots ens agradaria viure en unes vacances constants, per\u00f2 tot s&#8217;acaba i hem d&#8217;intentar comen\u00e7ar aquest&hellip;  <a href=\"https:\/\/agora.xtec.cat\/insjoandaustria\/general\/recomanacio-de-lectura-2\/\" title=\"Read RECOMANACI\u00d3 DE LECTURA\">Llegeix m\u00e9s\u00bb<\/a><\/p>\n","protected":false},"author":360,"featured_media":7980,"comment_status":"closed","ping_status":"closed","sticky":false,"template":"","format":"standard","meta":{"_bbp_topic_count":0,"_bbp_reply_count":0,"_bbp_total_topic_count":0,"_bbp_total_reply_count":0,"_bbp_voice_count":0,"_bbp_anonymous_reply_count":0,"_bbp_topic_count_hidden":0,"_bbp_reply_count_hidden":0,"_bbp_forum_subforum_count":0,"footnotes":""},"categories":[302,1,29],"tags":[],"class_list":["post-7979","post","type-post","status-publish","format-standard","has-post-thumbnail","hentry","category-biblioteca","category-general","category-portada"],"post_mailing_queue_ids":[],"_links":{"self":[{"href":"https:\/\/agora.xtec.cat\/insjoandaustria\/wp-json\/wp\/v2\/posts\/7979","targetHints":{"allow":["GET"]}}],"collection":[{"href":"https:\/\/agora.xtec.cat\/insjoandaustria\/wp-json\/wp\/v2\/posts"}],"about":[{"href":"https:\/\/agora.xtec.cat\/insjoandaustria\/wp-json\/wp\/v2\/types\/post"}],"author":[{"embeddable":true,"href":"https:\/\/agora.xtec.cat\/insjoandaustria\/wp-json\/wp\/v2\/users\/360"}],"replies":[{"embeddable":true,"href":"https:\/\/agora.xtec.cat\/insjoandaustria\/wp-json\/wp\/v2\/comments?post=7979"}],"version-history":[{"count":1,"href":"https:\/\/agora.xtec.cat\/insjoandaustria\/wp-json\/wp\/v2\/posts\/7979\/revisions"}],"predecessor-version":[{"id":7981,"href":"https:\/\/agora.xtec.cat\/insjoandaustria\/wp-json\/wp\/v2\/posts\/7979\/revisions\/7981"}],"wp:featuredmedia":[{"embeddable":true,"href":"https:\/\/agora.xtec.cat\/insjoandaustria\/wp-json\/wp\/v2\/media\/7980"}],"wp:attachment":[{"href":"https:\/\/agora.xtec.cat\/insjoandaustria\/wp-json\/wp\/v2\/media?parent=7979"}],"wp:term":[{"taxonomy":"category","embeddable":true,"href":"https:\/\/agora.xtec.cat\/insjoandaustria\/wp-json\/wp\/v2\/categories?post=7979"},{"taxonomy":"post_tag","embeddable":true,"href":"https:\/\/agora.xtec.cat\/insjoandaustria\/wp-json\/wp\/v2\/tags?post=7979"}],"curies":[{"name":"wp","href":"https:\/\/api.w.org\/{rel}","templated":true}]}}