{"id":7948,"date":"2020-12-16T12:02:39","date_gmt":"2020-12-16T11:02:39","guid":{"rendered":"http:\/\/agora.xtec.cat\/insjoandaustria\/?p=7948"},"modified":"2020-12-16T12:53:42","modified_gmt":"2020-12-16T11:53:42","slug":"tenim-auxiliar-de-conversa","status":"publish","type":"post","link":"https:\/\/agora.xtec.cat\/insjoandaustria\/general\/tenim-auxiliar-de-conversa\/","title":{"rendered":"Tenim auxiliar de conversa!!!"},"content":{"rendered":"<p><span style=\"font-weight: 400;\">Aquest curs, tot i la situaci\u00f3 at\u00edpica que estem vivint, els alumnes del nostre institut estan gaudint d\u2019un recurs excepcional, una auxiliar de conversa en llengua anglesa.\u00a0<\/span><\/p>\n<p><span style=\"font-weight: 400;\">Aquesta figura ha estat assignada dins el Programa d\u2019Auxilars g<\/span><span style=\"font-weight: 400;\">estionat pel la Unitat d\u2019Acci\u00f3 Educativa Exterior, del Ministeri d\u2019Educaci\u00f3 i Formaci\u00f3 Professional i emmarcat dins del conjunt d\u2019actuacions destinades a donar suport a aquells centres que desenvolupen un projecte innovador per a la gesti\u00f3 de les lleng\u00fces estrangeres curriculars. L\u2019objectiu del mateix \u00e9s dotar als centres d\u2019un nadiu (en llengua anglesa en el nostre cas) que recolzi el desenvolupament de les compet\u00e8ncies comunicatives i ling\u00fc\u00edstiques de l\u2019alumnat, especialment pel que fa a la pr\u00e0ctica oral, i fomenti el coneixement d\u2019altres cultures i d\u2019altres formes d\u2019entendre el m\u00f3n.<\/span><\/p>\n<p><span style=\"font-weight: 400;\">La nostra auxiliar \u00e9s la Kristin Hoffmann, una noia de Seattle al nord oest dels Estats Units, i \u00e9s va incorporar al centre el passat octubre. La seva tasca al llarg d\u2019aquest trimestre ha consistit en dur a terme activitats de pr\u00e0ctica oral en petits grups amb l\u2019alumnat de 3er i 4rt d\u2019ESO, 1er de Batxillerat i 1er de SMX. Tamb\u00e9 ha apropat als nois i noies del Joan d\u2019\u00c0ustria a la cultura nord americana a partir de presentacions i activitats sobre festes emblem\u00e0tiques del seu pa\u00eds, com ara Halloween o Thanksgiving, o sobre la geografia, costums i estil de vida americans.\u00a0<\/span><\/p>\n<p><span style=\"font-weight: 400;\">Ens consta que l\u2019alumnat del nostre institut que t\u00e9 la sort de gaudir d\u2019aquest recurs l\u2019est\u00e0 aprofitant al m\u00e0xim i est\u00e0\u00a0 realment content. Estem conven\u00e7uts que, amb l\u2019ajut de la Kristin, els alumnes milloraran la seva producci\u00f3 oral en llengua anglesa a la vegada que la seva motivaci\u00f3 i inter\u00e8s en els pa\u00efsos angloparlants.<\/span><\/p>\n<p><a href=\"https:\/\/agora.xtec.cat\/insjoandaustria\/wp-content\/uploads\/usu216\/2020\/12\/Conversa-activitat-suport-angles.png\"><img loading=\"lazy\" decoding=\"async\" class=\"alignnone size-full wp-image-7955\" src=\"https:\/\/agora.xtec.cat\/insjoandaustria\/wp-content\/uploads\/usu216\/2020\/12\/Conversa-activitat-suport-angles.png\" alt=\"\" width=\"747\" height=\"740\" srcset=\"https:\/\/agora.xtec.cat\/insjoandaustria\/wp-content\/uploads\/usu216\/2020\/12\/Conversa-activitat-suport-angles.png 747w, https:\/\/agora.xtec.cat\/insjoandaustria\/wp-content\/uploads\/usu216\/2020\/12\/Conversa-activitat-suport-angles-150x150.png 150w, https:\/\/agora.xtec.cat\/insjoandaustria\/wp-content\/uploads\/usu216\/2020\/12\/Conversa-activitat-suport-angles-300x297.png 300w\" sizes=\"auto, (max-width: 747px) 100vw, 747px\" \/><\/a><\/p>\n<p>&nbsp;<\/p>\n<p>&nbsp;<\/p>\n","protected":false},"excerpt":{"rendered":"<p>Aquest curs, tot i la situaci\u00f3 at\u00edpica que estem vivint, els alumnes del nostre institut estan gaudint d\u2019un recurs excepcional, una auxiliar de conversa en llengua anglesa.\u00a0<br \/>\nAquesta figura ha estat assignada dins el Programa d\u2019Auxilars gestionat pel la Unitat d\u2019Acci\u00f3 Educativa Exterior, del Ministeri d\u2019Educaci\u00f3&hellip;  <a href=\"https:\/\/agora.xtec.cat\/insjoandaustria\/general\/tenim-auxiliar-de-conversa\/\" title=\"Read Tenim auxiliar de conversa!!!\">Llegeix m\u00e9s\u00bb<\/a><\/p>\n","protected":false},"author":17,"featured_media":7949,"comment_status":"closed","ping_status":"closed","sticky":false,"template":"","format":"standard","meta":{"_bbp_topic_count":0,"_bbp_reply_count":0,"_bbp_total_topic_count":0,"_bbp_total_reply_count":0,"_bbp_voice_count":0,"_bbp_anonymous_reply_count":0,"_bbp_topic_count_hidden":0,"_bbp_reply_count_hidden":0,"_bbp_forum_subforum_count":0,"footnotes":""},"categories":[3,1,29],"tags":[],"class_list":["post-7948","post","type-post","status-publish","format-standard","has-post-thumbnail","hentry","category-eso","category-general","category-portada"],"post_mailing_queue_ids":[],"_links":{"self":[{"href":"https:\/\/agora.xtec.cat\/insjoandaustria\/wp-json\/wp\/v2\/posts\/7948","targetHints":{"allow":["GET"]}}],"collection":[{"href":"https:\/\/agora.xtec.cat\/insjoandaustria\/wp-json\/wp\/v2\/posts"}],"about":[{"href":"https:\/\/agora.xtec.cat\/insjoandaustria\/wp-json\/wp\/v2\/types\/post"}],"author":[{"embeddable":true,"href":"https:\/\/agora.xtec.cat\/insjoandaustria\/wp-json\/wp\/v2\/users\/17"}],"replies":[{"embeddable":true,"href":"https:\/\/agora.xtec.cat\/insjoandaustria\/wp-json\/wp\/v2\/comments?post=7948"}],"version-history":[{"count":3,"href":"https:\/\/agora.xtec.cat\/insjoandaustria\/wp-json\/wp\/v2\/posts\/7948\/revisions"}],"predecessor-version":[{"id":7958,"href":"https:\/\/agora.xtec.cat\/insjoandaustria\/wp-json\/wp\/v2\/posts\/7948\/revisions\/7958"}],"wp:featuredmedia":[{"embeddable":true,"href":"https:\/\/agora.xtec.cat\/insjoandaustria\/wp-json\/wp\/v2\/media\/7949"}],"wp:attachment":[{"href":"https:\/\/agora.xtec.cat\/insjoandaustria\/wp-json\/wp\/v2\/media?parent=7948"}],"wp:term":[{"taxonomy":"category","embeddable":true,"href":"https:\/\/agora.xtec.cat\/insjoandaustria\/wp-json\/wp\/v2\/categories?post=7948"},{"taxonomy":"post_tag","embeddable":true,"href":"https:\/\/agora.xtec.cat\/insjoandaustria\/wp-json\/wp\/v2\/tags?post=7948"}],"curies":[{"name":"wp","href":"https:\/\/api.w.org\/{rel}","templated":true}]}}