{"id":7903,"date":"2020-11-30T17:04:24","date_gmt":"2020-11-30T16:04:24","guid":{"rendered":"http:\/\/agora.xtec.cat\/insjoandaustria\/?p=7903"},"modified":"2020-11-30T17:04:24","modified_gmt":"2020-11-30T16:04:24","slug":"recomanacio-de-lectura","status":"publish","type":"post","link":"https:\/\/agora.xtec.cat\/insjoandaustria\/general\/recomanacio-de-lectura\/","title":{"rendered":"RECOMANACI\u00d3 DE LECTURA"},"content":{"rendered":"<p>Bona tarda i bon inici de setmana!<br \/>\nPer tercera setmana consecutiva us deixem una recomanaci\u00f3 de lectura. Aquest cop ens hem decidit per un llibre de misteri, a continuaci\u00f3 us deixem el resum,\u00a0a veure\u00a0que us sembla i si us animeu a llegir-ho!<\/p>\n<p><a href=\"https:\/\/agora.xtec.cat\/insjoandaustria\/wp-content\/uploads\/usu216\/2020\/11\/Quie\u0301n-mato\u0301-a-alex_.jpg\"><img loading=\"lazy\" decoding=\"async\" class=\"aligncenter size-large wp-image-7904\" src=\"https:\/\/agora.xtec.cat\/insjoandaustria\/wp-content\/uploads\/usu216\/2020\/11\/Quie\u0301n-mato\u0301-a-alex_-1024x1024.jpg\" alt=\"\" width=\"1024\" height=\"1024\" srcset=\"https:\/\/agora.xtec.cat\/insjoandaustria\/wp-content\/uploads\/usu216\/2020\/11\/Quie\u0301n-mato\u0301-a-alex_-1024x1024.jpg 1024w, https:\/\/agora.xtec.cat\/insjoandaustria\/wp-content\/uploads\/usu216\/2020\/11\/Quie\u0301n-mato\u0301-a-alex_-150x150.jpg 150w, https:\/\/agora.xtec.cat\/insjoandaustria\/wp-content\/uploads\/usu216\/2020\/11\/Quie\u0301n-mato\u0301-a-alex_-300x300.jpg 300w, https:\/\/agora.xtec.cat\/insjoandaustria\/wp-content\/uploads\/usu216\/2020\/11\/Quie\u0301n-mato\u0301-a-alex_-768x768.jpg 768w, https:\/\/agora.xtec.cat\/insjoandaustria\/wp-content\/uploads\/usu216\/2020\/11\/Quie\u0301n-mato\u0301-a-alex_.jpg 1080w\" sizes=\"auto, (max-width: 1024px) 100vw, 1024px\" \/><\/a><\/p>\n<p><strong>Resum<\/strong><\/p>\n<ul style=\"list-style-type: circle;\">\n<li><span style=\"font-weight: 400;\">Hannah \u00e9s una adolescent de setze anys enganxada a les xarxes socials. Per\u00f2 un dia rep una sol\u00b7licitud d\u2019amistat de Facebook d\u2019un noi anomenat \u00c0lex Crowell. A l\u2019acceptar-la, descobreix en el mur de l\u2019\u00c0lex que est\u00e0 mort. I despr\u00e9s passa una cosa encara m\u00e9s esgarrifosa: rep un missatge privat del jove on ell li demana ajuda per esbrinar qui el va matar. En una trepidant investigaci\u00f3, la Hannah descobreix que hi ha moltes persones involucrades en la seva mort. Per\u00f2 comptar\u00e0 amb una ajuda inesperada, la del fantasma de l\u2019\u00c0lex.<\/span><\/li>\n<\/ul>\n<p><strong>Resumen<\/strong><\/p>\n<ul>\n<li style=\"list-style-type: none;\">\n<ul>\n<li style=\"font-weight: 400;\"><span style=\"font-weight: 400;\">Hannah es una adolescente de diecis\u00e9is a\u00f1os enganchada a las redes sociales. Pero un d\u00eda recibe una solicitud de amistad de Facebook de un chico llamado Alex Crowell. Al aceptarla, descubre en el muro de Alex que est\u00e1 muerto. Y luego pasa algo todav\u00eda m\u00e1s escalofriante: recibe un mensaje privado del joven donde \u00e9l le pide ayuda para averiguar qui\u00e9n lo mat\u00f3. En una trepidante investigaci\u00f3n, Hannah descubre que hay muchas personas involucradas en su muerte. Pero contar\u00e1 con una ayuda inesperada, la del fantasma de Alex.<\/span><\/li>\n<\/ul>\n<\/li>\n<\/ul>\n<p>&nbsp;<\/p>\n<p>Us recordem que estem molt actius a l&#8217;Instagram i us animem a seguir-nos!! <strong>@bibliojda\ud83d\ude0a<\/strong><\/p>\n<ul>\n<li style=\"list-style-type: none;\"><\/li>\n<\/ul>\n","protected":false},"excerpt":{"rendered":"<p>Bona tarda i bon inici de setmana!<br \/>\nPer tercera setmana consecutiva us deixem una recomanaci\u00f3 de lectura. Aquest cop ens hem decidit per un llibre de misteri, a continuaci\u00f3 us deixem el resum,\u00a0a veure\u00a0que us sembla i si us animeu a llegir-ho!<br \/>\n<a href=\"https:\/\/agora.xtec.cat\/insjoandaustria\/wp-content\/uploads\/usu216\/2020\/11\/Quie\u0301n-mato\u0301-a-alex_.jpg\"><\/a><br \/>\nResum<\/p>\n<ul style=\"list-style-type: circle;\">\n<li>Hannah \u00e9s&hellip;  <a href=\"https:\/\/agora.xtec.cat\/insjoandaustria\/general\/recomanacio-de-lectura\/\" title=\"Read RECOMANACI\u00d3 DE LECTURA\">Llegeix m\u00e9s\u00bb<\/a><br \/>\n","protected":false},"author":360,"featured_media":7904,"comment_status":"closed","ping_status":"closed","sticky":false,"template":"","format":"standard","meta":{"_bbp_topic_count":0,"_bbp_reply_count":0,"_bbp_total_topic_count":0,"_bbp_total_reply_count":0,"_bbp_voice_count":0,"_bbp_anonymous_reply_count":0,"_bbp_topic_count_hidden":0,"_bbp_reply_count_hidden":0,"_bbp_forum_subforum_count":0,"footnotes":""},"categories":[1],"tags":[],"class_list":["post-7903","post","type-post","status-publish","format-standard","has-post-thumbnail","hentry","category-general"],"post_mailing_queue_ids":[],"_links":{"self":[{"href":"https:\/\/agora.xtec.cat\/insjoandaustria\/wp-json\/wp\/v2\/posts\/7903","targetHints":{"allow":["GET"]}}],"collection":[{"href":"https:\/\/agora.xtec.cat\/insjoandaustria\/wp-json\/wp\/v2\/posts"}],"about":[{"href":"https:\/\/agora.xtec.cat\/insjoandaustria\/wp-json\/wp\/v2\/types\/post"}],"author":[{"embeddable":true,"href":"https:\/\/agora.xtec.cat\/insjoandaustria\/wp-json\/wp\/v2\/users\/360"}],"replies":[{"embeddable":true,"href":"https:\/\/agora.xtec.cat\/insjoandaustria\/wp-json\/wp\/v2\/comments?post=7903"}],"version-history":[{"count":2,"href":"https:\/\/agora.xtec.cat\/insjoandaustria\/wp-json\/wp\/v2\/posts\/7903\/revisions"}],"predecessor-version":[{"id":7906,"href":"https:\/\/agora.xtec.cat\/insjoandaustria\/wp-json\/wp\/v2\/posts\/7903\/revisions\/7906"}],"wp:featuredmedia":[{"embeddable":true,"href":"https:\/\/agora.xtec.cat\/insjoandaustria\/wp-json\/wp\/v2\/media\/7904"}],"wp:attachment":[{"href":"https:\/\/agora.xtec.cat\/insjoandaustria\/wp-json\/wp\/v2\/media?parent=7903"}],"wp:term":[{"taxonomy":"category","embeddable":true,"href":"https:\/\/agora.xtec.cat\/insjoandaustria\/wp-json\/wp\/v2\/categories?post=7903"},{"taxonomy":"post_tag","embeddable":true,"href":"https:\/\/agora.xtec.cat\/insjoandaustria\/wp-json\/wp\/v2\/tags?post=7903"}],"curies":[{"name":"wp","href":"https:\/\/api.w.org\/{rel}","templated":true}]}}