{"id":7880,"date":"2020-11-23T17:13:10","date_gmt":"2020-11-23T16:13:10","guid":{"rendered":"http:\/\/agora.xtec.cat\/insjoandaustria\/?p=7880"},"modified":"2020-11-23T17:14:42","modified_gmt":"2020-11-23T16:14:42","slug":"recomanacio-setmanal-de-lectura-2","status":"publish","type":"post","link":"https:\/\/agora.xtec.cat\/insjoandaustria\/general\/recomanacio-setmanal-de-lectura-2\/","title":{"rendered":"RECOMANACI\u00d3 SETMANAL DE LECTURA"},"content":{"rendered":"<p>Bona tarda a tots i totes!\ud83d\ude0a<\/p>\n<p>\u00c9s dilluns i aix\u00f2 significa que \u00e9s dia de recomanaci\u00f3 de lectura.<\/p>\n<p>Aquesta setmana us recomanem &#8220;<strong>Invisible<\/strong>&#8220;, un llibre de l&#8217;Eloy Moreno.<\/p>\n<p><a href=\"https:\/\/agora.xtec.cat\/insjoandaustria\/wp-content\/uploads\/usu216\/2020\/11\/Invisible.jpg\"><img loading=\"lazy\" decoding=\"async\" class=\"aligncenter size-large wp-image-7881\" src=\"https:\/\/agora.xtec.cat\/insjoandaustria\/wp-content\/uploads\/usu216\/2020\/11\/Invisible-1024x1024.jpg\" alt=\"\" width=\"1024\" height=\"1024\" srcset=\"https:\/\/agora.xtec.cat\/insjoandaustria\/wp-content\/uploads\/usu216\/2020\/11\/Invisible-1024x1024.jpg 1024w, https:\/\/agora.xtec.cat\/insjoandaustria\/wp-content\/uploads\/usu216\/2020\/11\/Invisible-150x150.jpg 150w, https:\/\/agora.xtec.cat\/insjoandaustria\/wp-content\/uploads\/usu216\/2020\/11\/Invisible-300x300.jpg 300w, https:\/\/agora.xtec.cat\/insjoandaustria\/wp-content\/uploads\/usu216\/2020\/11\/Invisible-768x768.jpg 768w, https:\/\/agora.xtec.cat\/insjoandaustria\/wp-content\/uploads\/usu216\/2020\/11\/Invisible.jpg 1080w\" sizes=\"auto, (max-width: 1024px) 100vw, 1024px\" \/><\/a><\/p>\n<ul>\n<li style=\"list-style-type: none;\">\n<ul>\n<li style=\"font-weight: 400;\"><strong>Resum<\/strong><\/li>\n<\/ul>\n<\/li>\n<\/ul>\n<p><span style=\"font-weight: 400;\">Qui no ha desitjat algun cop ser invisible? Qui no ha desitjat deixar de ser-ho? El problema \u00e9s que mai he arribat a controlar b\u00e9 aquest poder: de vegades, quantes m\u00e9s ganes tenia de ser invisible, era quan m\u00e9s gent em veia, i en canvi, quan desitjava que tots em veiessin, era quan al meu cos li donava per desapar\u00e8ixer.\u00a0<\/span><\/p>\n<p>&nbsp;<\/p>\n<ul>\n<li style=\"list-style-type: none;\">\n<ul>\n<li style=\"font-weight: 400;\"><strong>Resumen<\/strong><\/li>\n<\/ul>\n<\/li>\n<\/ul>\n<p><span style=\"font-weight: 400;\">\u00bfQui\u00e9n no ha deseado alguna vez ser invisible? <\/span><span style=\"font-weight: 400;\">\u00bfQui\u00e9n no ha deseado alguna vez dejar de serlo? <\/span><span style=\"font-weight: 400;\">El problema es que nunca he llegado a controlar bien ese poder: <\/span><span style=\"font-weight: 400;\">A veces, cuando m\u00e1s ganas ten\u00eda de ser invisible, era cuando m\u00e1s gente me ve\u00eda, y en cambio, cuando deseaba que todos me vieran, era cuando a mi cuerpo le daba por desaparecer.<\/span><\/p>\n<p>Esperem que us animeu a llegir-lo i no us oblideu de seguir-nos al nostre instagram (@bibliojda)!!\ud83d\ude00<\/p>\n","protected":false},"excerpt":{"rendered":"<p>Bona tarda a tots i totes!\ud83d\ude0a<br \/>\n\u00c9s dilluns i aix\u00f2 significa que \u00e9s dia de recomanaci\u00f3 de lectura.<br \/>\nAquesta setmana us recomanem &#8220;Invisible&#8220;, un llibre de l&#8217;Eloy Moreno.<br \/>\n<a href=\"https:\/\/agora.xtec.cat\/insjoandaustria\/wp-content\/uploads\/usu216\/2020\/11\/Invisible.jpg\"><\/a><\/p>\n<ul>\n<li style=\"list-style-type: none;\">\n<ul>\n<li style=\"font-weight: 400;\">Resum<\/li>\n<\/ul>\n<\/li>\n<\/ul>\n<p>Qui no ha desitjat algun cop ser invisible? Qui no ha desitjat deixar de ser-ho?&hellip;  <a href=\"https:\/\/agora.xtec.cat\/insjoandaustria\/general\/recomanacio-setmanal-de-lectura-2\/\" title=\"Read RECOMANACI\u00d3 SETMANAL DE LECTURA\">Llegeix m\u00e9s\u00bb<\/a><\/p>\n","protected":false},"author":360,"featured_media":7882,"comment_status":"closed","ping_status":"closed","sticky":false,"template":"","format":"standard","meta":{"_bbp_topic_count":0,"_bbp_reply_count":0,"_bbp_total_topic_count":0,"_bbp_total_reply_count":0,"_bbp_voice_count":0,"_bbp_anonymous_reply_count":0,"_bbp_topic_count_hidden":0,"_bbp_reply_count_hidden":0,"_bbp_forum_subforum_count":0,"footnotes":""},"categories":[302,1,29],"tags":[],"class_list":["post-7880","post","type-post","status-publish","format-standard","has-post-thumbnail","hentry","category-biblioteca","category-general","category-portada"],"post_mailing_queue_ids":[],"_links":{"self":[{"href":"https:\/\/agora.xtec.cat\/insjoandaustria\/wp-json\/wp\/v2\/posts\/7880","targetHints":{"allow":["GET"]}}],"collection":[{"href":"https:\/\/agora.xtec.cat\/insjoandaustria\/wp-json\/wp\/v2\/posts"}],"about":[{"href":"https:\/\/agora.xtec.cat\/insjoandaustria\/wp-json\/wp\/v2\/types\/post"}],"author":[{"embeddable":true,"href":"https:\/\/agora.xtec.cat\/insjoandaustria\/wp-json\/wp\/v2\/users\/360"}],"replies":[{"embeddable":true,"href":"https:\/\/agora.xtec.cat\/insjoandaustria\/wp-json\/wp\/v2\/comments?post=7880"}],"version-history":[{"count":2,"href":"https:\/\/agora.xtec.cat\/insjoandaustria\/wp-json\/wp\/v2\/posts\/7880\/revisions"}],"predecessor-version":[{"id":7884,"href":"https:\/\/agora.xtec.cat\/insjoandaustria\/wp-json\/wp\/v2\/posts\/7880\/revisions\/7884"}],"wp:featuredmedia":[{"embeddable":true,"href":"https:\/\/agora.xtec.cat\/insjoandaustria\/wp-json\/wp\/v2\/media\/7882"}],"wp:attachment":[{"href":"https:\/\/agora.xtec.cat\/insjoandaustria\/wp-json\/wp\/v2\/media?parent=7880"}],"wp:term":[{"taxonomy":"category","embeddable":true,"href":"https:\/\/agora.xtec.cat\/insjoandaustria\/wp-json\/wp\/v2\/categories?post=7880"},{"taxonomy":"post_tag","embeddable":true,"href":"https:\/\/agora.xtec.cat\/insjoandaustria\/wp-json\/wp\/v2\/tags?post=7880"}],"curies":[{"name":"wp","href":"https:\/\/api.w.org\/{rel}","templated":true}]}}