{"id":7864,"date":"2020-11-16T17:17:06","date_gmt":"2020-11-16T16:17:06","guid":{"rendered":"http:\/\/agora.xtec.cat\/insjoandaustria\/?p=7864"},"modified":"2020-11-16T17:17:06","modified_gmt":"2020-11-16T16:17:06","slug":"recomanacio-setmanal-de-lectura","status":"publish","type":"post","link":"https:\/\/agora.xtec.cat\/insjoandaustria\/general\/recomanacio-setmanal-de-lectura\/","title":{"rendered":"RECOMANACI\u00d3 SETMANAL DE LECTURA"},"content":{"rendered":"<p>Bon inici de setmana!<\/p>\n<p>Des de la biblioteca volem presentar-vos la nova secci\u00f3 que tindreu disponible cada dilluns tant a l&#8217;Instagram de la biblioteca (@bibliojda) com aqu\u00ed, a la p\u00e0gina web del centre.<\/p>\n<p>Cada dilluns farem una recomanaci\u00f3 de lectura perqu\u00e8 us animeu a llegir m\u00e9s!<\/p>\n<p>Aquesta setmana us recomanem el llibre &#8220;<strong>Una semana de siete lunes<\/strong>&#8221;<\/p>\n<p><a href=\"https:\/\/agora.xtec.cat\/insjoandaustria\/wp-content\/uploads\/usu216\/2020\/11\/Una-semana-de-siete-lunes.jpg\"><img loading=\"lazy\" decoding=\"async\" class=\"aligncenter  wp-image-7865\" src=\"https:\/\/agora.xtec.cat\/insjoandaustria\/wp-content\/uploads\/usu216\/2020\/11\/Una-semana-de-siete-lunes-1024x1024.jpg\" alt=\"\" width=\"419\" height=\"419\" srcset=\"https:\/\/agora.xtec.cat\/insjoandaustria\/wp-content\/uploads\/usu216\/2020\/11\/Una-semana-de-siete-lunes-1024x1024.jpg 1024w, https:\/\/agora.xtec.cat\/insjoandaustria\/wp-content\/uploads\/usu216\/2020\/11\/Una-semana-de-siete-lunes-150x150.jpg 150w, https:\/\/agora.xtec.cat\/insjoandaustria\/wp-content\/uploads\/usu216\/2020\/11\/Una-semana-de-siete-lunes-300x300.jpg 300w, https:\/\/agora.xtec.cat\/insjoandaustria\/wp-content\/uploads\/usu216\/2020\/11\/Una-semana-de-siete-lunes-768x768.jpg 768w, https:\/\/agora.xtec.cat\/insjoandaustria\/wp-content\/uploads\/usu216\/2020\/11\/Una-semana-de-siete-lunes.jpg 1080w\" sizes=\"auto, (max-width: 419px) 100vw, 419px\" \/><\/a><\/p>\n<p><em>Resum<\/em>\ud83d\udcdd<br \/>\nSi tinguessis l\u2019oportunitat de comenc\u0327ar des de zero, \u00bfl\u2019aprofitaries?Ellison Sparks descobreix que esta\u0300 revivint un i un altre cop el mateix dilluns de malson. Qualsevol altre adolescent hauria optat per tornar-se boja, pero\u0300 Ellison ho veu com una oportunitat. L\u2019oportunitat d&#8217;aconseguir que els seus somnis es facin realitat i, sobretot, l\u2019oportunitat de recuperar al seu xicot. Pero\u0300, tot i els seus esforc\u0327os, les coses mai surten com ella desitja. Descobrira\u0300 Ellie com arreglar aquest dia? O es quedara\u0300 atrapada en un dilluns de malson per sempre?<\/p>\n<p><em>Resumen<\/em>\ud83d\udcdd<br \/>\nSi tuvieses la oportunidad de empezar de cero, \u00bfla aprovechari\u0301as?Ellison Sparks descubre que esta\u0301 reviviendo una y otra vez el mismo lunes de pesadilla. Cualquier otra adolescente hubiese optado por volverse loca,pero Ellison lo ve como una oportunidad. La oportunidad de lograr que sus suen\u0303os se hagan realidad y, sobre todo, la oportunidad de recuperar a su novio. Pero, a pesar de sus esfuerzos, las cosas nunca salen como ella desea. \u00bfDescubrira\u0301 Ellie co\u0301mo arreglar este di\u0301a? \u00bfO quedara\u0301 atrapada en un lunes de pesadilla para siempre?<\/p>\n<p>&nbsp;<\/p>\n<p>Animeu-vos a llegir i ens expliqueu que us ha semblat!!<\/p>\n","protected":false},"excerpt":{"rendered":"<p>Bon inici de setmana!<br \/>\nDes de la biblioteca volem presentar-vos la nova secci\u00f3 que tindreu disponible cada dilluns tant a l&#8217;Instagram de la biblioteca (@bibliojda) com aqu\u00ed, a la p\u00e0gina web del centre.<br \/>\nCada dilluns farem una recomanaci\u00f3 de lectura perqu\u00e8 us animeu a llegir m\u00e9s!<br \/>\nAquesta setmana&hellip;  <a href=\"https:\/\/agora.xtec.cat\/insjoandaustria\/general\/recomanacio-setmanal-de-lectura\/\" title=\"Read RECOMANACI\u00d3 SETMANAL DE LECTURA\">Llegeix m\u00e9s\u00bb<\/a><\/p>\n","protected":false},"author":360,"featured_media":7865,"comment_status":"closed","ping_status":"closed","sticky":false,"template":"","format":"standard","meta":{"_bbp_topic_count":0,"_bbp_reply_count":0,"_bbp_total_topic_count":0,"_bbp_total_reply_count":0,"_bbp_voice_count":0,"_bbp_anonymous_reply_count":0,"_bbp_topic_count_hidden":0,"_bbp_reply_count_hidden":0,"_bbp_forum_subforum_count":0,"footnotes":""},"categories":[302,1,29],"tags":[],"class_list":["post-7864","post","type-post","status-publish","format-standard","has-post-thumbnail","hentry","category-biblioteca","category-general","category-portada"],"post_mailing_queue_ids":[],"_links":{"self":[{"href":"https:\/\/agora.xtec.cat\/insjoandaustria\/wp-json\/wp\/v2\/posts\/7864","targetHints":{"allow":["GET"]}}],"collection":[{"href":"https:\/\/agora.xtec.cat\/insjoandaustria\/wp-json\/wp\/v2\/posts"}],"about":[{"href":"https:\/\/agora.xtec.cat\/insjoandaustria\/wp-json\/wp\/v2\/types\/post"}],"author":[{"embeddable":true,"href":"https:\/\/agora.xtec.cat\/insjoandaustria\/wp-json\/wp\/v2\/users\/360"}],"replies":[{"embeddable":true,"href":"https:\/\/agora.xtec.cat\/insjoandaustria\/wp-json\/wp\/v2\/comments?post=7864"}],"version-history":[{"count":2,"href":"https:\/\/agora.xtec.cat\/insjoandaustria\/wp-json\/wp\/v2\/posts\/7864\/revisions"}],"predecessor-version":[{"id":7867,"href":"https:\/\/agora.xtec.cat\/insjoandaustria\/wp-json\/wp\/v2\/posts\/7864\/revisions\/7867"}],"wp:featuredmedia":[{"embeddable":true,"href":"https:\/\/agora.xtec.cat\/insjoandaustria\/wp-json\/wp\/v2\/media\/7865"}],"wp:attachment":[{"href":"https:\/\/agora.xtec.cat\/insjoandaustria\/wp-json\/wp\/v2\/media?parent=7864"}],"wp:term":[{"taxonomy":"category","embeddable":true,"href":"https:\/\/agora.xtec.cat\/insjoandaustria\/wp-json\/wp\/v2\/categories?post=7864"},{"taxonomy":"post_tag","embeddable":true,"href":"https:\/\/agora.xtec.cat\/insjoandaustria\/wp-json\/wp\/v2\/tags?post=7864"}],"curies":[{"name":"wp","href":"https:\/\/api.w.org\/{rel}","templated":true}]}}