{"id":7844,"date":"2020-11-07T15:51:58","date_gmt":"2020-11-07T14:51:58","guid":{"rendered":"http:\/\/agora.xtec.cat\/insjoandaustria\/?p=7844"},"modified":"2021-01-22T13:50:52","modified_gmt":"2021-01-22T12:50:52","slug":"xerrada-per-families-amb-adolescents","status":"publish","type":"post","link":"https:\/\/agora.xtec.cat\/insjoandaustria\/general\/xerrada-per-families-amb-adolescents\/","title":{"rendered":"XERRADA PER FAM\u00cdLIES AMB ADOLESCENTS"},"content":{"rendered":"<div><\/div>\n<div>\n<p><a href=\"https:\/\/agora.xtec.cat\/insjoandaustria\/wp-content\/uploads\/usu216\/2020\/11\/Joan-dAustria_Entenem-ladolesc\u00e8ncia.jpg\"><img loading=\"lazy\" decoding=\"async\" class=\"size-large wp-image-7853\" src=\"https:\/\/agora.xtec.cat\/insjoandaustria\/wp-content\/uploads\/usu216\/2020\/11\/Joan-dAustria_Entenem-ladolesc\u00e8ncia-724x1024.jpg\" alt=\"\" width=\"724\" height=\"1024\" srcset=\"https:\/\/agora.xtec.cat\/insjoandaustria\/wp-content\/uploads\/usu216\/2020\/11\/Joan-dAustria_Entenem-ladolesc\u00e8ncia-724x1024.jpg 724w, https:\/\/agora.xtec.cat\/insjoandaustria\/wp-content\/uploads\/usu216\/2020\/11\/Joan-dAustria_Entenem-ladolesc\u00e8ncia-212x300.jpg 212w, https:\/\/agora.xtec.cat\/insjoandaustria\/wp-content\/uploads\/usu216\/2020\/11\/Joan-dAustria_Entenem-ladolesc\u00e8ncia-768x1086.jpg 768w, https:\/\/agora.xtec.cat\/insjoandaustria\/wp-content\/uploads\/usu216\/2020\/11\/Joan-dAustria_Entenem-ladolesc\u00e8ncia.jpg 1414w\" sizes=\"auto, (max-width: 724px) 100vw, 724px\" \/><\/a><\/p>\n<\/div>\n<div>Entenem l&#8217;adolesc\u00e8ncia<\/div>\n<div><\/div>\n<div><span style=\"color: #000000\"><b>QUAN<\/b>: 24 de novembre de 2020<\/span><\/div>\n<div><\/div>\n<div><span style=\"color: #000000\"><b>HORARI<\/b>: De 18h a 20h<\/span><\/div>\n<div><\/div>\n<div><span style=\"color: #000000\"><b>ON<\/b>: Online a trav\u00e9s de ZOOM<\/span><\/div>\n<div><\/div>\n<div><b>INSCRIPCI\u00d3<\/b>: Us adjuntem el formulari per omplir:\u00a0<a href=\"https:\/\/forms.gle\/ZtqNyfLPF9bv6RmeA\" target=\"_blank\" rel=\"noopener noreferrer\" data-saferedirecturl=\"https:\/\/www.google.com\/url?q=https:\/\/forms.gle\/ZtqNyfLPF9bv6RmeA&amp;source=gmail&amp;ust=1604777840618000&amp;usg=AFQjCNF3nf8ocNtQvyG1fVvmc0tuJjjAnA\">https:\/\/forms.gle\/ZtqNyfLPF9bv6RmeA<\/a><\/div>\n<div><\/div>\n<div>\n<ul>\n<li>Durant la setmana anterior al taller, us farem arribar la documentaci\u00f3 i l\u2019enlla\u00e7 del Zoom per accedir a la formaci\u00f3.<\/li>\n<li>El dia del taller, per a comen\u00e7ar puntuals amb l\u2019activitat, les\/els participants s&#8217;han de connectar al Zoom 5 minuts abans de l\u2019hora d\u2019inici. Es recomana accedir al Zoom des de l&#8217;ordinador. D&#8217;aquesta manera es podr\u00e0 participar de forma interactiva durant tot el taller. Si nom\u00e9s es disposa de m\u00f2bil, la participaci\u00f3 ser\u00e0 m\u00e9s limitada per la manca de funcionalitats del Zoom amb aquests dispositius.<\/li>\n<li>Les persones participants necessiten tenir acc\u00e9s a micr\u00f2fon i v\u00eddeo.<\/li>\n<li>Es demana que totes les persones tinguin la c\u00e0mera engegada per a poder-nos veure i tenir un contacte m\u00e9s viu.<\/li>\n<li>Durant l&#8217;explicaci\u00f3 del taller i mentre no s\u2019estigui parlant, s&#8217;haur\u00e0 de\u00a0tenir el micr\u00f2fon silenciat per evitar sorolls ambientals que puguin interferir amb la din\u00e0mica.<\/li>\n<\/ul>\n<\/div>\n<div>Esperem que us sembli interessant\u00a0i que us animeu a participar. Necessitarem un m\u00ednim de 10 fam\u00edlies perqu\u00e8 es pugui dur a terme.<\/div>\n<div><\/div>\n","protected":false},"excerpt":{"rendered":"<p><a href=\"https:\/\/agora.xtec.cat\/insjoandaustria\/wp-content\/uploads\/usu216\/2020\/11\/Joan-dAustria_Entenem-ladolesc\u00e8ncia.jpg\"><\/a><\/p>\n<p>Entenem l&#8217;adolesc\u00e8ncia<\/p>\n<p>QUAN: 24 de novembre de 2020<\/p>\n<p>HORARI: De 18h a 20h<\/p>\n<p>ON: Online a trav\u00e9s de ZOOM<\/p>\n<p>INSCRIPCI\u00d3: Us adjuntem el formulari per omplir:\u00a0<a href=\"https:\/\/forms.gle\/ZtqNyfLPF9bv6RmeA\" target=\"_blank\" rel=\"noopener noreferrer\" data-saferedirecturl=\"https:\/\/www.google.com\/url?q=https:\/\/forms.gle\/ZtqNyfLPF9bv6RmeA&amp;source=gmail&amp;ust=1604777840618000&amp;usg=AFQjCNF3nf8ocNtQvyG1fVvmc0tuJjjAnA\">https:\/\/forms.gle\/ZtqNyfLPF9bv6RmeA<\/a><\/p>\n<ul>\n<li>Durant la setmana anterior al taller, us farem arribar la documentaci\u00f3 i l\u2019enlla\u00e7 del Zoom per accedir a&hellip;  <a href=\"https:\/\/agora.xtec.cat\/insjoandaustria\/general\/xerrada-per-families-amb-adolescents\/\" title=\"Read XERRADA PER FAM\u00cdLIES AMB ADOLESCENTS\">Llegeix m\u00e9s\u00bb<\/a><br \/>\n","protected":false},"author":100,"featured_media":7853,"comment_status":"closed","ping_status":"closed","sticky":false,"template":"","format":"standard","meta":{"_bbp_topic_count":0,"_bbp_reply_count":0,"_bbp_total_topic_count":0,"_bbp_total_reply_count":0,"_bbp_voice_count":0,"_bbp_anonymous_reply_count":0,"_bbp_topic_count_hidden":0,"_bbp_reply_count_hidden":0,"_bbp_forum_subforum_count":0,"footnotes":""},"categories":[31,1],"tags":[],"class_list":["post-7844","post","type-post","status-publish","format-standard","has-post-thumbnail","hentry","category-afa","category-general"],"post_mailing_queue_ids":[],"_links":{"self":[{"href":"https:\/\/agora.xtec.cat\/insjoandaustria\/wp-json\/wp\/v2\/posts\/7844","targetHints":{"allow":["GET"]}}],"collection":[{"href":"https:\/\/agora.xtec.cat\/insjoandaustria\/wp-json\/wp\/v2\/posts"}],"about":[{"href":"https:\/\/agora.xtec.cat\/insjoandaustria\/wp-json\/wp\/v2\/types\/post"}],"author":[{"embeddable":true,"href":"https:\/\/agora.xtec.cat\/insjoandaustria\/wp-json\/wp\/v2\/users\/100"}],"replies":[{"embeddable":true,"href":"https:\/\/agora.xtec.cat\/insjoandaustria\/wp-json\/wp\/v2\/comments?post=7844"}],"version-history":[{"count":4,"href":"https:\/\/agora.xtec.cat\/insjoandaustria\/wp-json\/wp\/v2\/posts\/7844\/revisions"}],"predecessor-version":[{"id":7989,"href":"https:\/\/agora.xtec.cat\/insjoandaustria\/wp-json\/wp\/v2\/posts\/7844\/revisions\/7989"}],"wp:featuredmedia":[{"embeddable":true,"href":"https:\/\/agora.xtec.cat\/insjoandaustria\/wp-json\/wp\/v2\/media\/7853"}],"wp:attachment":[{"href":"https:\/\/agora.xtec.cat\/insjoandaustria\/wp-json\/wp\/v2\/media?parent=7844"}],"wp:term":[{"taxonomy":"category","embeddable":true,"href":"https:\/\/agora.xtec.cat\/insjoandaustria\/wp-json\/wp\/v2\/categories?post=7844"},{"taxonomy":"post_tag","embeddable":true,"href":"https:\/\/agora.xtec.cat\/insjoandaustria\/wp-json\/wp\/v2\/tags?post=7844"}],"curies":[{"name":"wp","href":"https:\/\/api.w.org\/{rel}","templated":true}]}}