{"id":7827,"date":"2020-10-08T16:00:50","date_gmt":"2020-10-08T14:00:50","guid":{"rendered":"http:\/\/agora.xtec.cat\/insjoandaustria\/?p=7827"},"modified":"2020-10-20T16:53:10","modified_gmt":"2020-10-20T14:53:10","slug":"informacio-sobre-les-vagues-dels-dies-9-i-15-doctubre-de-2020","status":"publish","type":"post","link":"https:\/\/agora.xtec.cat\/insjoandaustria\/general\/informacio-sobre-les-vagues-dels-dies-9-i-15-doctubre-de-2020\/","title":{"rendered":"Informaci\u00f3 sobre les vagues dels dies 9 i 15 d\u2019octubre de 2020"},"content":{"rendered":"<p><strong>Benvolgudes fam\u00edlies i alumnat del centre<\/strong><\/p>\n<p><span style=\"font-weight: 400;\">Amb motiu de la convocat\u00f2ria de vaga presentada pels sindicats <\/span><b>ASPEPC\u00b7SPS i CGT<\/b><span style=\"font-weight: 400;\"> (amb registre d\u2019entrada de 25 de setembre de 2020), que estan previstes per als dies <\/span><b>9 i 15 d\u2019octubre de 2020, des de les 8.00 fins a les 22.00 hores<\/b><span style=\"font-weight: 400;\">, i <\/span><b>que afecta el personal docent<\/b><span style=\"font-weight: 400;\"> (funcionari i inter\u00ed) <\/span><b>i el personal laboral destinat en centres i serveis educatius del Departament d\u2019Educaci\u00f3 de la Generalitat de Catalunya<\/b><span style=\"font-weight: 400;\"> (entre altres),\u00a0 l\u2019<\/span><b>Ordre TSF\/\/2020, de 8 d\u2019octubre, del Departament de Treball, Afers Socials i Fam\u00edlies<\/b><span style=\"font-weight: 400;\"> (*), signada digitalment a les 13:42 hores per l\u2019H. Conseller <\/span><b>Chakir El Homrani Lesfar<\/b><span style=\"font-weight: 400;\">, per la qual es garanteixin els serveis essencials i es determinen els serveis m\u00ednims, <\/span><b>indica<\/b><span style=\"font-weight: 400;\">:<\/span><\/p>\n<p><b><i>La situaci\u00f3 de vaga <\/i><\/b><i><span style=\"font-weight: 400;\">anunciada \u2026<\/span><\/i><b><i> s\u2019ent\u00e9n condicionada al manteniment dels serveis m\u00ednims seg\u00fcents:<\/i><\/b><\/p>\n<ul>\n<li style=\"font-weight: 400;\"><i><b>Una persona de l\u2019equip directiu per cada centre.<\/b><span style=\"font-weight: 400;\"> S\u2019ent\u00e9n com a tal alguna de les persones seg\u00fcents: el\/la director\/a, el\/la coordinador\/a pedag\u00f2gic\/a, el\/la cap d\u2019estudis o el\/la secretari\/\u00e0ria, i en el cas de les llars d\u2019infants, un membre del claustre.<\/span><\/i><\/li>\n<li><b><i>A m\u00e9s de la persona esmentada:<\/i><\/b><\/li>\n<\/ul>\n<p><b><i>&#8230;<\/i><\/b><b><i>Per a l\u2019ensenyament secundari (de 12 a 16 anys): un docent per cada 3 unitats.<\/i><\/b><\/p>\n<p><span style=\"font-weight: 400;\">(*) <a href=\"https:\/\/agora.xtec.cat\/insjoandaustria\/wp-content\/uploads\/usu216\/2020\/10\/serveisminims_vaga9i15oct2020.pdf\" target=\"_blank\" rel=\"noopener noreferrer\"><em>Enlla\u00e7 al contingut de l\u2019ORDRE<\/em><\/a><\/span><\/p>\n<p>&nbsp;<\/p>\n<p><span style=\"font-weight: 400;\">Com a director de l\u2019Institut Joan d\u2019\u00c0ustria he de comunicar-vos que <strong>durant les convocat\u00f2ries de vaga previstes pels dies 09\/10\/2020 i 15\/10\/2020<\/strong>:<\/span><\/p>\n<ul>\n<li style=\"font-weight: 400;\"><span style=\"font-weight: 400;\">El centre complir\u00e0 amb els serveis m\u00ednims i per tant romandr\u00e0 obert amb (com a m\u00ednim) el personal indicat en els par\u00e0grafs anteriors.\u00a0<\/span><\/li>\n<li style=\"font-weight: 400;\"><span style=\"font-weight: 400;\">En el cas del nostre institut s\u2019assegura que:<\/span>\n<ul>\n<li style=\"font-weight: 400;\"><span style=\"font-weight: 400;\">els <\/span><b>serveis m\u00ednims per a l\u2019etapa d\u2019ESO<\/b><span style=\"font-weight: 400;\"> estar\u00e0n composats per:<\/span>\n<ul>\n<li style=\"font-weight: 400;\"><span style=\"font-weight: 400;\">Una persona de l\u2019equip directiu<\/span><\/li>\n<li style=\"font-weight: 400;\"><span style=\"font-weight: 400;\">Un m\u00ednim de 5 docents, donat que el nombre d\u2019unitats oficials assignades a aquesta etapa \u00e9s de 15 unitats.<\/span><\/li>\n<\/ul>\n<\/li>\n<\/ul>\n<\/li>\n<\/ul>\n<ul>\n<li style=\"list-style-type: none;\">\n<ul>\n<li style=\"font-weight: 400;\"><span style=\"font-weight: 400;\">els <\/span><b>serveis m\u00ednims per a les etapes de Batxillerat i CF<\/b><span style=\"font-weight: 400;\"> estar\u00e0n composats per:<\/span>\n<ul>\n<li style=\"font-weight: 400;\"><span style=\"font-weight: 400;\">Una persona de l\u2019equip directiu<\/span><\/li>\n<\/ul>\n<\/li>\n<\/ul>\n<\/li>\n<li style=\"font-weight: 400;\"><span style=\"font-weight: 400;\">L&#8217;adhesi\u00f3, o no, del personal del centre (professorat i PAS) a la convocat\u00f2ria, ser\u00e0 a t\u00edtol individual i per aquest motiu, <\/span><b>en aquests moments, no puc indicar-vos la repercussi\u00f3 que tindr\u00e0 en el servei<\/b><span style=\"font-weight: 400;\">. Com ja sabeu a una convocat\u00f2ria de vaga els treballadors poden decidir adherir-se fins a l&#8217;\u00faltim moment, sense necessitat de comunicaci\u00f3 pr\u00e8via a la direcci\u00f3 del centre.<\/span><\/li>\n<li style=\"font-weight: 400;\"><span style=\"font-weight: 400;\">Si l&#8217;adhesi\u00f3 a la convocat\u00f2ria de vaga f\u00f3s alta, no es podr\u00e0 garantir el desenvolupament de\u00a0 les activitats d&#8217;ensenyament-aprenentatge habituals (horaris de grups-classe i activitats de centre).\u00a0\u00a0<\/span><\/li>\n<\/ul>\n<p>&nbsp;<\/p>\n<p><span style=\"font-weight: 400;\">Salutacions cordials<\/span><\/p>\n<p>&nbsp;<\/p>\n<p><span style=\"font-weight: 400;\">Mart\u00edn Mart\u00edn<\/span><\/p>\n<p><span style=\"font-weight: 400;\">Director de l\u2019INS Joan d\u2019\u00c0ustria<\/span><\/p>\n","protected":false},"excerpt":{"rendered":"<p>Benvolgudes fam\u00edlies i alumnat del centre<br \/>\nAmb motiu de la convocat\u00f2ria de vaga presentada pels sindicats ASPEPC\u00b7SPS i CGT (amb registre d\u2019entrada de 25 de setembre de 2020), que estan previstes per als dies 9 i 15 d\u2019octubre de 2020, des de les 8.00 fins a&hellip;  <a href=\"https:\/\/agora.xtec.cat\/insjoandaustria\/general\/informacio-sobre-les-vagues-dels-dies-9-i-15-doctubre-de-2020\/\" title=\"Read Informaci\u00f3 sobre les vagues dels dies 9 i 15 d\u2019octubre de 2020\">Llegeix m\u00e9s\u00bb<\/a><\/p>\n","protected":false},"author":270,"featured_media":0,"comment_status":"closed","ping_status":"closed","sticky":false,"template":"","format":"standard","meta":{"_bbp_topic_count":0,"_bbp_reply_count":0,"_bbp_total_topic_count":0,"_bbp_total_reply_count":0,"_bbp_voice_count":0,"_bbp_anonymous_reply_count":0,"_bbp_topic_count_hidden":0,"_bbp_reply_count_hidden":0,"_bbp_forum_subforum_count":0,"footnotes":""},"categories":[1,29],"tags":[],"class_list":["post-7827","post","type-post","status-publish","format-standard","hentry","category-general","category-portada"],"post_mailing_queue_ids":[],"_links":{"self":[{"href":"https:\/\/agora.xtec.cat\/insjoandaustria\/wp-json\/wp\/v2\/posts\/7827","targetHints":{"allow":["GET"]}}],"collection":[{"href":"https:\/\/agora.xtec.cat\/insjoandaustria\/wp-json\/wp\/v2\/posts"}],"about":[{"href":"https:\/\/agora.xtec.cat\/insjoandaustria\/wp-json\/wp\/v2\/types\/post"}],"author":[{"embeddable":true,"href":"https:\/\/agora.xtec.cat\/insjoandaustria\/wp-json\/wp\/v2\/users\/270"}],"replies":[{"embeddable":true,"href":"https:\/\/agora.xtec.cat\/insjoandaustria\/wp-json\/wp\/v2\/comments?post=7827"}],"version-history":[{"count":3,"href":"https:\/\/agora.xtec.cat\/insjoandaustria\/wp-json\/wp\/v2\/posts\/7827\/revisions"}],"predecessor-version":[{"id":7836,"href":"https:\/\/agora.xtec.cat\/insjoandaustria\/wp-json\/wp\/v2\/posts\/7827\/revisions\/7836"}],"wp:attachment":[{"href":"https:\/\/agora.xtec.cat\/insjoandaustria\/wp-json\/wp\/v2\/media?parent=7827"}],"wp:term":[{"taxonomy":"category","embeddable":true,"href":"https:\/\/agora.xtec.cat\/insjoandaustria\/wp-json\/wp\/v2\/categories?post=7827"},{"taxonomy":"post_tag","embeddable":true,"href":"https:\/\/agora.xtec.cat\/insjoandaustria\/wp-json\/wp\/v2\/tags?post=7827"}],"curies":[{"name":"wp","href":"https:\/\/api.w.org\/{rel}","templated":true}]}}