{"id":7801,"date":"2020-09-18T19:05:23","date_gmt":"2020-09-18T17:05:23","guid":{"rendered":"http:\/\/agora.xtec.cat\/insjoandaustria\/?p=7801"},"modified":"2021-03-23T12:38:16","modified_gmt":"2021-03-23T11:38:16","slug":"jda-organitzacio-curs-2020-2021","status":"publish","type":"post","link":"https:\/\/agora.xtec.cat\/insjoandaustria\/general\/jda-organitzacio-curs-2020-2021\/","title":{"rendered":"JDA Organitzaci\u00f3 curs 2020-2021"},"content":{"rendered":"<p><span style=\"font-weight: 400;\">Benvolgudes fam\u00edlies i alumnat del centre.<\/span><\/p>\n<p><span style=\"font-weight: 400;\">Com ja sabeu l\u2019inici de curs d\u2019enguany ve marcat per la situaci\u00f3 sanit\u00e0ria derivada de la pand\u00e8mia provocada pel COVID 19. Aquesta situaci\u00f3 ha provocat que ens hem hagut d\u2019adaptar a la situaci\u00f3 actual a les darreres instruccions que hem anat rebent aquest setembre per part del Departament d\u2019Educaci\u00f3 i del Consorci d\u2019Educaci\u00f3 de Barcelona (les darrerers modificacions sobre la gesti\u00f3 dels protocols COVID i mesures addicionals a tenir en compte ens varen arribar\u00a0 el dia 9 de setembre a les 14:30).<\/span><\/p>\n<p>En aquesta entrada us volem informar de diferents q\u00fcestions que s&#8217;han de tenir molt en compte al llarg del curs. Aquesta not\u00edcia s&#8217;anir\u00e0 actualitzant en els casos de noves instruccions i\/o nous requeriments.<\/p>\n<h2><b>Documents importants<\/b><\/h2>\n<p><span style=\"font-weight: 400;\"><a href=\"https:\/\/agora.xtec.cat\/insjoandaustria\/wp-content\/uploads\/usu216\/2020\/09\/Salut-_-Escola-CARTA-Families.pdf\" target=\"_blank\" rel=\"noopener noreferrer\">Carta dirigida a les fam\u00edlies<\/a> per part del Conseller d&#8217;Educaci\u00f3 i de la Consellera de Salut.<\/span><\/p>\n<p><a href=\"https:\/\/agora.xtec.cat\/insjoandaustria\/wp-content\/uploads\/usu216\/2020\/09\/JDA_Pla-2020-2021_vs21-1.pdf\" target=\"_blank\" rel=\"noopener noreferrer\">Pla d&#8217;Organitzaci\u00f3<\/a> actual per al curs 2020-2021<\/p>\n<p><a href=\"https:\/\/agora.xtec.cat\/insjoandaustria\/wp-content\/uploads\/usu216\/2020\/09\/JDA_Addenda-Pla-dorganitzaci\u00f3-2020-2021-Nov-2020-1.pdf\" target=\"_blank\" rel=\"noopener noreferrer\">Addenda<\/a> al Pla d&#8217;Organitzaci\u00f3 (novembre 2020)<\/p>\n<p><a href=\"https:\/\/www.edubcn.cat\/comunicats_centres\/20201112_Nota_ASPB_canvis_quarantena_GCE.pdf\" target=\"_blank\" rel=\"noopener noreferrer\">Canvis en la durada de les quarentenes<\/a> dels GCE (<em>a partir de l&#8217;11 de novembre de 2020<\/em>)<\/p>\n<p><a href=\"https:\/\/agora.xtec.cat\/insjoandaustria\/wp-content\/uploads\/usu216\/2020\/09\/JDA_codi-de-conducta-al-treball-telem\u00e0tic.pdf\" target=\"_blank\" rel=\"noopener noreferrer\">Comprom\u00eds de bones pr\u00e0ctiques telem\u00e0tiques<\/a> per part de l&#8217;alumnat<\/p>\n<p><b>Declaraci\u00f3 responsable<\/b> de les fam\u00edlies de l&#8217;alumnat menor d&#8217;edat<span style=\"font-weight: 400;\">: <\/span><a href=\"https:\/\/documents.espai.educacio.gencat.cat\/FormularisModels\/CentresGestioAdministrativa\/A817.pdf\" target=\"_blank\" rel=\"noopener noreferrer\"><span style=\"font-weight: 400;\">Declaraci\u00f3 responsable<\/span><\/a><\/p>\n<p><b>Declaraci\u00f3 responsable<\/b> de l&#8217;alumnat major d&#8217;edat<span style=\"font-weight: 400;\">: <\/span><a href=\"https:\/\/documents.espai.educacio.gencat.cat\/FormularisModels\/CentresGestioAdministrativa\/A820.pdf\" target=\"_blank\" rel=\"noopener noreferrer\"><span style=\"font-weight: 400;\">Declaraci\u00f3 responsable<\/span><\/a><\/p>\n<p>Autoritzaci\u00f3 per al procediment de gesti\u00f3 de casos COVID als centres educatius. <a href=\"https:\/\/documents.espai.educacio.gencat.cat\/FormularisModels\/CentresGestioAdministrativa\/Autoritzacio_proves_covid.pdf\" target=\"_blank\" rel=\"noopener noreferrer\">Model del Departament d&#8217;Educaci\u00f3<\/a><\/p>\n<p>Certificat de declaraci\u00f3 autoresponsable per estada fora de casa entre les 22:00h i les 06:00h (<a href=\"https:\/\/certificatdes.confinapp.cat\/\">https:\/\/certificatdes.confinapp.cat\/<\/a>) i un algun altre document acreditatiu (m\u00e8dic, d\u2019empresa&#8230;) que justifiqui per qu\u00e8 ets fora de casa.<\/p>\n<h2><b>Requeriments d\u2019acc\u00e9s<\/b><\/h2>\n<p><span style=\"font-weight: 400;\">L\u2019alumnat haur\u00e0 de portar omplerta i signada la <\/span><b>declaraci\u00f3 responsable<\/b> corresponent. Aquesta declaraci\u00f3 responsable <strong>s&#8217;ha de presentar cada vegada que es retorni d&#8217;una situaci\u00f3 d&#8217;a\u00efllament<\/strong>.<\/p>\n<p><span style=\"font-weight: 400;\">Seguint les instruccions del document \u201cMesures extraordin\u00e0ries de \/Salut per evitar els brot de la COVID-19 a les escoles\u201d\u00a0 (<a href=\"https:\/\/canalsalut.gencat.cat\/web\/.content\/_A-Z\/C\/coronavirus-2019-ncov\/material-divulgatiu\/infografia-mesures-salut-escola.pdf\" target=\"_blank\" rel=\"noopener noreferrer\">Infografia<\/a>):<\/span><\/p>\n<p><strong>Qu\u00e8 heu de tenir en compte a diari, entre altres coses, abans d\u2019accedir al centre educatiu?<\/strong><\/p>\n<p><span style=\"font-weight: 400;\">Cap persona pot accedir al centre amb una temperatura superior als 37,5\u00ba ni haver redu\u00eft la temperatura amb antit\u00e8rmics.<\/span><\/p>\n<p><span style=\"font-weight: 400;\">L\u2019alumnat m\u00e9s gran de 6 anys hi ha d\u2019entrar amb la mascareta ben posada.<\/span><\/p>\n<p><b>No s\u2019hi pot entrar amb cap d\u2019aquests s\u00edmptomes<\/b><span style=\"font-weight: 400;\">:<\/span><\/p>\n<p><span style=\"font-weight: 400;\">En el cas de l\u2019alumnat menor o igual a 14 anys<\/span><\/p>\n<ul>\n<li style=\"font-weight: 400;\"><span style=\"font-weight: 400;\">Febre o febr\u00edcula<\/span><\/li>\n<li style=\"font-weight: 400;\"><span style=\"font-weight: 400;\">Tos<\/span><\/li>\n<li style=\"font-weight: 400;\"><span style=\"font-weight: 400;\">Dificultat per a respirar<\/span><\/li>\n<li style=\"font-weight: 400;\"><span style=\"font-weight: 400;\">Mal de coll *<\/span><\/li>\n<li style=\"font-weight: 400;\"><span style=\"font-weight: 400;\">Congesti\u00f3 nasal *<\/span><\/li>\n<li style=\"font-weight: 400;\"><span style=\"font-weight: 400;\">V\u00f2mits o diarrees<\/span><\/li>\n<li style=\"font-weight: 400;\"><span style=\"font-weight: 400;\">Mal de cap<\/span><\/li>\n<li style=\"font-weight: 400;\"><span style=\"font-weight: 400;\">Malestar<\/span><\/li>\n<li style=\"font-weight: 400;\"><span style=\"font-weight: 400;\">Dolor muscular<\/span><\/li>\n<\/ul>\n<p><span style=\"font-weight: 400;\">En el cas de l\u2019alumnat de m\u00e9s de 14 anys<\/span><\/p>\n<ul>\n<li style=\"font-weight: 400;\"><span style=\"font-weight: 400;\">Febre o febr\u00edcula<\/span><\/li>\n<li style=\"font-weight: 400;\"><span style=\"font-weight: 400;\">Tos<\/span><\/li>\n<li style=\"font-weight: 400;\"><span style=\"font-weight: 400;\">Dificultat per a respirar<\/span><\/li>\n<li style=\"font-weight: 400;\"><span style=\"font-weight: 400;\">Mal de coll *<\/span><\/li>\n<li style=\"font-weight: 400;\"><span style=\"font-weight: 400;\">Alteraci\u00f3 del gust o de l\u2019olfacte<\/span><\/li>\n<li style=\"font-weight: 400;\"><span style=\"font-weight: 400;\">V\u00f2mits o diarrees<\/span><\/li>\n<li style=\"font-weight: 400;\"><span style=\"font-weight: 400;\">Mal de cap<\/span><\/li>\n<li style=\"font-weight: 400;\"><span style=\"font-weight: 400;\">Malestar<\/span><\/li>\n<li style=\"font-weight: 400;\"><span style=\"font-weight: 400;\">Calfreds<\/span><\/li>\n<li style=\"font-weight: 400;\"><span style=\"font-weight: 400;\">Dolor muscular<\/span><\/li>\n<\/ul>\n<p><i><span style=\"font-weight: 400;\">*El mal de coll o refredat nasal de l\u2019alumnat nom\u00e9s es consideraran indicatius de COVID-19 si s\u2019acompanyen de febre o algun dels altres s\u00edmptomes de la malaltia.<\/span><\/i><\/p>\n<p><span style=\"font-weight: 400;\">A M\u00c9S, CAP PERSONA POT ACCEDIR-HI SI:<\/span><\/p>\n<ul>\n<li style=\"font-weight: 400;\"><span style=\"font-weight: 400;\">Est\u00e0 en a\u00efllament per ser positiu de COVID-19.<\/span><\/li>\n<li style=\"font-weight: 400;\"><span style=\"font-weight: 400;\">Est\u00e0 en espera del resultat d\u2019una PCR o una altra prova de diagn\u00f2stic de COVID-19.<\/span><\/li>\n<li style=\"font-weight: 400;\"><span style=\"font-weight: 400;\">Conviu amb una persona diagnosticada de COVID-19.<\/span><\/li>\n<li style=\"font-weight: 400;\"><span style=\"font-weight: 400;\">Est\u00e0 en a\u00efllament preventiu per ser contacte estret d\u2019un positiu per COVID-19<\/span><\/li>\n<\/ul>\n<p>&nbsp;<\/p>\n<p><b>\u00c9s imprescindible puntualitat en l\u2019horari d\u2019entrada al centre, evitant aglomeracions i corredisses. En el cas de reiterada manca de puntualitat es prendran les mesures disciplin\u00e0ries necess\u00e0ries.<\/b><\/p>\n<p><span style=\"font-weight: 400;\">\u00a0<\/span><\/p>\n<p><b>No es prendr\u00e0 la temperatura a l\u2019alumnat abans d&#8217;entrar al centre i\/o a les aules, ho hauran de fer a casa, per evitar aglomeracions a l\u2019entrada del centre o de les aules. <\/b><span style=\"font-weight: 400;\">En cas que la situaci\u00f3 epidemiol\u00f2gica ho requer\u00eds poden implementar-se mesures addicionals com la presa de temperatura a l\u2019arribada al centre o durant l\u2019estada en el mateix.<\/span><\/p>\n<p>&nbsp;<\/p>\n<p>&nbsp;<\/p>\n","protected":false},"excerpt":{"rendered":"<p>Benvolgudes fam\u00edlies i alumnat del centre.<br \/>\nCom ja sabeu l\u2019inici de curs d\u2019enguany ve marcat per la situaci\u00f3 sanit\u00e0ria derivada de la pand\u00e8mia provocada pel COVID 19. Aquesta situaci\u00f3 ha provocat que ens hem hagut d\u2019adaptar a la situaci\u00f3 actual a les darreres instruccions que hem&hellip;  <a href=\"https:\/\/agora.xtec.cat\/insjoandaustria\/general\/jda-organitzacio-curs-2020-2021\/\" title=\"Read JDA Organitzaci\u00f3 curs 2020-2021\">Llegeix m\u00e9s\u00bb<\/a><\/p>\n","protected":false},"author":1,"featured_media":0,"comment_status":"closed","ping_status":"closed","sticky":false,"template":"","format":"standard","meta":{"_bbp_topic_count":0,"_bbp_reply_count":0,"_bbp_total_topic_count":0,"_bbp_total_reply_count":0,"_bbp_voice_count":0,"_bbp_anonymous_reply_count":0,"_bbp_topic_count_hidden":0,"_bbp_reply_count_hidden":0,"_bbp_forum_subforum_count":0,"footnotes":""},"categories":[1,29],"tags":[],"class_list":["post-7801","post","type-post","status-publish","format-standard","hentry","category-general","category-portada"],"post_mailing_queue_ids":[],"_links":{"self":[{"href":"https:\/\/agora.xtec.cat\/insjoandaustria\/wp-json\/wp\/v2\/posts\/7801","targetHints":{"allow":["GET"]}}],"collection":[{"href":"https:\/\/agora.xtec.cat\/insjoandaustria\/wp-json\/wp\/v2\/posts"}],"about":[{"href":"https:\/\/agora.xtec.cat\/insjoandaustria\/wp-json\/wp\/v2\/types\/post"}],"author":[{"embeddable":true,"href":"https:\/\/agora.xtec.cat\/insjoandaustria\/wp-json\/wp\/v2\/users\/1"}],"replies":[{"embeddable":true,"href":"https:\/\/agora.xtec.cat\/insjoandaustria\/wp-json\/wp\/v2\/comments?post=7801"}],"version-history":[{"count":3,"href":"https:\/\/agora.xtec.cat\/insjoandaustria\/wp-json\/wp\/v2\/posts\/7801\/revisions"}],"predecessor-version":[{"id":7863,"href":"https:\/\/agora.xtec.cat\/insjoandaustria\/wp-json\/wp\/v2\/posts\/7801\/revisions\/7863"}],"wp:attachment":[{"href":"https:\/\/agora.xtec.cat\/insjoandaustria\/wp-json\/wp\/v2\/media?parent=7801"}],"wp:term":[{"taxonomy":"category","embeddable":true,"href":"https:\/\/agora.xtec.cat\/insjoandaustria\/wp-json\/wp\/v2\/categories?post=7801"},{"taxonomy":"post_tag","embeddable":true,"href":"https:\/\/agora.xtec.cat\/insjoandaustria\/wp-json\/wp\/v2\/tags?post=7801"}],"curies":[{"name":"wp","href":"https:\/\/api.w.org\/{rel}","templated":true}]}}