{"id":7777,"date":"2020-09-10T17:50:03","date_gmt":"2020-09-10T15:50:03","guid":{"rendered":"http:\/\/agora.xtec.cat\/insjoandaustria\/?p=7777"},"modified":"2021-02-17T17:56:05","modified_gmt":"2021-02-17T16:56:05","slug":"informacio-inici-de-classes-curs-2020-2021","status":"publish","type":"post","link":"https:\/\/agora.xtec.cat\/insjoandaustria\/portada\/informacio-inici-de-classes-curs-2020-2021\/","title":{"rendered":"Informaci\u00f3 inici de classes curs 2020-2021"},"content":{"rendered":"<p><span style=\"font-weight: 400;\">Benvolgudes fam\u00edlies i alumnat del centre.<\/span><\/p>\n<p>&nbsp;<\/p>\n<p><span style=\"font-weight: 400;\">Com ja sabeu l\u2019inici de curs d\u2019enguany v\u00e9 marcat per la situaci\u00f3 sanitaria derivada de la pand\u00e8mia provocada pel COVID 19. Aquesta situaci\u00f3 ha provocat que ens hem hagut d\u2019adaptar a la situaci\u00f3 actual a les darreres instruccions que hem anat rebent aquest setembre per part del Departament d\u2019Educaci\u00f3 i del Consorci d\u2019Educaci\u00f3 de Barcelona (les darrerers modificacions sobre la gesti\u00f3 dels protocols COVID i mesures addicionals a tenir en compte ens varen arribar ahir dia 9 de setembre a les 14:30).<\/span><\/p>\n<p><span style=\"font-weight: 400;\">Aquest curs no el podem comen\u00e7ar com ho hem fet cada any rebent a l&#8217;alumnat en bloc i fent les distribucions dels grups en el moment de l&#8217;arribada per aix\u00f2 ho hem planificat de manera diferent.\u00a0<\/span><\/p>\n<h1><b>Dilluns 21\/09\/2020<\/b><\/h1>\n<h2><b>Inici de classes de Cicles formatius de grau superior ASIX, DAM i DAW<\/b><\/h2>\n<p><b>L&#8217;acollida es far\u00e0 esglaonada per grup &#8211; classe<\/b><span style=\"font-weight: 400;\">:<\/span><\/p>\n<table>\n<tbody>\n<tr>\n<td><b>Hora<\/b><\/td>\n<td><b>Pla\u00e7a Angeleta Ferrer<\/b><\/td>\n<\/tr>\n<tr>\n<td><b>17:00<\/b><\/td>\n<td><span style=\"font-weight: 400;\">1r ASIX<\/span><\/td>\n<\/tr>\n<tr>\n<td><b>17:15<\/b><\/td>\n<td>2n ASIX<\/td>\n<\/tr>\n<tr>\n<td><b>17:30<\/b><\/td>\n<td><span style=\"font-weight: 400;\">1r DAM<\/span><\/td>\n<\/tr>\n<tr>\n<td><b>17:45<\/b><\/td>\n<td><span style=\"font-weight: 400;\">2n DAM<\/span><\/td>\n<\/tr>\n<tr>\n<td><b>18:00<\/b><\/td>\n<td><span style=\"font-weight: 400;\">1r DAW<\/span><\/td>\n<\/tr>\n<tr>\n<td><b>18:15<\/b><\/td>\n<td><span style=\"font-weight: 400;\">2n DAW<\/span><\/td>\n<\/tr>\n<\/tbody>\n<\/table>\n<p><span style=\"font-weight: 400;\">L\u2019alumnat haur\u00e0 de portar omplerta i signada la <\/span><b>declaraci\u00f3 responsable.<\/b><\/p>\n<p><b>Declaraci\u00f3 responsable<\/b> de les fam\u00edlies de l&#8217;alumnat menor d&#8217;edat<span style=\"font-weight: 400;\">: <\/span><a href=\"https:\/\/documents.espai.educacio.gencat.cat\/FormularisModels\/CentresGestioAdministrativa\/A817.pdf\" target=\"_blank\" rel=\"noopener noreferrer\"><span style=\"font-weight: 400;\">Declaraci\u00f3 responsable<\/span><\/a><\/p>\n<p><b>Declaraci\u00f3 responsable<\/b> de l&#8217;alumnat major d&#8217;edat<span style=\"font-weight: 400;\">: <\/span><a href=\"https:\/\/documents.espai.educacio.gencat.cat\/FormularisModels\/CentresGestioAdministrativa\/A820.pdf\" target=\"_blank\" rel=\"noopener noreferrer\"><span style=\"font-weight: 400;\">Declaraci\u00f3 responsable<\/span><\/a><\/p>\n<h2><b>Requeriments d\u2019acc\u00e9s<\/b><\/h2>\n<p><span style=\"font-weight: 400;\">Seguint les instruccions del document \u201cMesures extraordin\u00e0ries de \/Salut per evitar els brot de la COVID-19 a les escoles\u201d:<\/span><\/p>\n<p><span style=\"font-weight: 400;\">Qu\u00e8 heu de tenir en compte a diari abans d\u2019accedir al centre educatiu?<\/span><\/p>\n<p><span style=\"font-weight: 400;\">Cap persona pot accedir al centre amb una temperatura superior als 37,5\u00ba ni haver redu\u00eft la temperatura amb antit\u00e8rmics.<\/span><\/p>\n<p><span style=\"font-weight: 400;\">L\u2019alumnat ha d\u2019entrar amb la mascareta ben posada.<\/span><\/p>\n<p><b>No s\u2019hi pot entrar amb cap d\u2019aquests s\u00edmptomes<\/b><span style=\"font-weight: 400;\">:<\/span><\/p>\n<ul>\n<li style=\"font-weight: 400;\"><span style=\"font-weight: 400;\">Febre o febr\u00edcula<\/span><\/li>\n<li style=\"font-weight: 400;\"><span style=\"font-weight: 400;\">Tos<\/span><\/li>\n<li style=\"font-weight: 400;\"><span style=\"font-weight: 400;\">Dificultat per a respirar<\/span><\/li>\n<li style=\"font-weight: 400;\"><span style=\"font-weight: 400;\">Mal de coll *<\/span><\/li>\n<li style=\"font-weight: 400;\"><span style=\"font-weight: 400;\">Alteraci\u00f3 del gust o de l\u2019olfacte<\/span><\/li>\n<li style=\"font-weight: 400;\"><span style=\"font-weight: 400;\">V\u00f2mits o diarrees<\/span><\/li>\n<li style=\"font-weight: 400;\"><span style=\"font-weight: 400;\">Mal de cap<\/span><\/li>\n<li style=\"font-weight: 400;\"><span style=\"font-weight: 400;\">Malestar<\/span><\/li>\n<li style=\"font-weight: 400;\"><span style=\"font-weight: 400;\">Calfreds<\/span><\/li>\n<li style=\"font-weight: 400;\"><span style=\"font-weight: 400;\">Dolor muscular<\/span><\/li>\n<\/ul>\n<p><i><span style=\"font-weight: 400;\">*El mal de coll o refredat nasal de l\u2019alumnat nom\u00e9s es consideraran indicatius de COVID-19 si s\u2019acompanyen de febre o algun dels altres s\u00edmptomes de la malaltia.<\/span><\/i><\/p>\n<p><span style=\"font-weight: 400;\">A M\u00c9S, CAP PERSONA POT ACCEDIR-HI SI:<\/span><\/p>\n<ul>\n<li style=\"font-weight: 400;\"><span style=\"font-weight: 400;\">Est\u00e0 en a\u00efllament per ser positiu de COVID-19.<\/span><\/li>\n<li style=\"font-weight: 400;\"><span style=\"font-weight: 400;\">Est\u00e0 en espera del resultat d\u2019una PCR o una altra prova de diagn\u00f2stic de COVID-19.<\/span><\/li>\n<li style=\"font-weight: 400;\"><span style=\"font-weight: 400;\">Conviu amb una persona diagnosticada de COVID-19.<\/span><\/li>\n<li style=\"font-weight: 400;\"><span style=\"font-weight: 400;\">Est\u00e0 en a\u00efllament preventiu per ser contacte estret d\u2019un positiu per COVID-19<\/span><\/li>\n<\/ul>\n<p>&nbsp;<\/p>\n<p><b>\u00c9s imprescindible puntualitat en l\u2019horari d\u2019entrada al centre, evitant aglomeracions.<\/b><\/p>\n<p><b>No es prendr\u00e0 la temperatura a l\u2019alumnat abans d&#8217;entrar al centre i\/o a les aules, ho hauran de fer a casa, per evitar aglomeracions a l\u2019entrada del centre o de les aules.\u00a0<\/b><\/p>\n<p>&nbsp;<\/p>\n<p>&nbsp;<\/p>\n<hr \/>\n<h1><b>Dilluns 14\/09\/2020<\/b><\/h1>\n<h2><b>Inici de classes de l\u2019etapa d\u2019ESO, Batxillerat i CFGM de SMX<\/b><\/h2>\n<p><span style=\"font-weight: 400;\">&#8211; <\/span><b>L&#8217;acollida es far\u00e0 esglaonada per grup &#8211; classe<\/b><span style=\"font-weight: 400;\">:<\/span><\/p>\n<table>\n<tbody>\n<tr>\n<td colspan=\"5\"><b>Horari rebuda, porta d\u2019entrada de l\u2019alumnat i aula assignada.<\/b><\/td>\n<\/tr>\n<tr>\n<td><\/td>\n<td><b>Porta d&#8217;entrada<\/b><\/td>\n<td><\/td>\n<td><b>Porta d&#8217;entrada<\/b><\/td>\n<td><\/td>\n<\/tr>\n<tr>\n<td><b>Hora<\/b><\/td>\n<td><b>Pla\u00e7a Angeleta Ferrer<\/b><\/td>\n<td><b>Aula Grup<\/b><\/td>\n<td><b>Concili de Trento<\/b><\/td>\n<td><b>Aula Grup<\/b><\/td>\n<\/tr>\n<tr>\n<td><b>10:00<\/b><\/td>\n<td><span style=\"font-weight: 400;\">PA<\/span><\/td>\n<td><span style=\"font-weight: 400;\">0<\/span><\/td>\n<td><span style=\"font-weight: 400;\">TA<\/span><\/td>\n<td><span style=\"font-weight: 400;\">A. M\u00daSICA<\/span><\/td>\n<\/tr>\n<tr>\n<td><b>10:10<\/b><\/td>\n<td><span style=\"font-weight: 400;\">PB<\/span><\/td>\n<td><span style=\"font-weight: 400;\">27<\/span><\/td>\n<td><span style=\"font-weight: 400;\">TB<\/span><\/td>\n<td><span style=\"font-weight: 400;\">A.IDIOMES<\/span><\/td>\n<\/tr>\n<tr>\n<td><b>10:20<\/b><\/td>\n<td><span style=\"font-weight: 400;\">PC<\/span><\/td>\n<td><span style=\"font-weight: 400;\">15<\/span><\/td>\n<td><span style=\"font-weight: 400;\">TC<\/span><\/td>\n<td><span style=\"font-weight: 400;\">32<\/span><\/td>\n<\/tr>\n<tr>\n<td><b>10:30<\/b><\/td>\n<td><span style=\"font-weight: 400;\">PD<\/span><\/td>\n<td><span style=\"font-weight: 400;\">11<\/span><\/td>\n<td><span style=\"font-weight: 400;\">TD<\/span><\/td>\n<td><span style=\"font-weight: 400;\">30<\/span><\/td>\n<\/tr>\n<tr>\n<td><b>10:40<\/b><\/td>\n<td><span style=\"font-weight: 400;\">PE<\/span><\/td>\n<td><span style=\"font-weight: 400;\">24<\/span><\/td>\n<td><span style=\"font-weight: 400;\">1r BATX<\/span><\/td>\n<td><span style=\"font-weight: 400;\">20(CT)\/21(H-S)<\/span><\/td>\n<\/tr>\n<tr>\n<td><b>10:50<\/b><\/td>\n<td><span style=\"font-weight: 400;\">PF<\/span><\/td>\n<td><span style=\"font-weight: 400;\">12<\/span><\/td>\n<td><span style=\"font-weight: 400;\">2n BATX<\/span><\/td>\n<td><span style=\"font-weight: 400;\">36\/37<\/span><\/td>\n<\/tr>\n<tr>\n<td><b>11:00<\/b><\/td>\n<td><span style=\"font-weight: 400;\">SA<\/span><\/td>\n<td><span style=\"font-weight: 400;\">16<\/span><\/td>\n<td><span style=\"font-weight: 400;\">QA<\/span><\/td>\n<td><span style=\"font-weight: 400;\">33<\/span><\/td>\n<\/tr>\n<tr>\n<td><b>11:10<\/b><\/td>\n<td><span style=\"font-weight: 400;\">SB<\/span><\/td>\n<td><span style=\"font-weight: 400;\">10<\/span><\/td>\n<td><span style=\"font-weight: 400;\">QB<\/span><\/td>\n<td><span style=\"font-weight: 400;\">34<\/span><\/td>\n<\/tr>\n<tr>\n<td><b>11:20<\/b><\/td>\n<td><span style=\"font-weight: 400;\">SC<\/span><\/td>\n<td><span style=\"font-weight: 400;\">13<\/span><\/td>\n<td><span style=\"font-weight: 400;\">QC<\/span><\/td>\n<td><span style=\"font-weight: 400;\">35<\/span><\/td>\n<\/tr>\n<tr>\n<td><b>11:30<\/b><\/td>\n<td><span style=\"font-weight: 400;\">SD<\/span><\/td>\n<td><span style=\"font-weight: 400;\">17<\/span><\/td>\n<td><span style=\"font-weight: 400;\">QD<\/span><\/td>\n<td><span style=\"font-weight: 400;\">38<\/span><\/td>\n<\/tr>\n<tr>\n<td><b>11:40<\/b><\/td>\n<td><span style=\"font-weight: 400;\">SE<\/span><\/td>\n<td><span style=\"font-weight: 400;\">40<\/span><\/td>\n<td><span style=\"font-weight: 400;\">Q-AO<\/span><\/td>\n<td><span style=\"font-weight: 400;\">31<\/span><\/td>\n<\/tr>\n<tr>\n<td><\/td>\n<td><\/td>\n<td><\/td>\n<td><\/td>\n<td><\/td>\n<\/tr>\n<tr>\n<td><b>12:00<\/b><\/td>\n<td><span style=\"font-weight: 400;\">1r CFGM SMX<\/span><\/td>\n<td><\/td>\n<td><\/td>\n<td><\/td>\n<\/tr>\n<tr>\n<td><\/td>\n<td><\/td>\n<td><\/td>\n<td><\/td>\n<td><\/td>\n<\/tr>\n<tr>\n<td><b>17:00<\/b><\/td>\n<td><span style=\"font-weight: 400;\">2n CFGM SMX<\/span><\/td>\n<td><\/td>\n<td><\/td>\n<td><\/td>\n<\/tr>\n<tr>\n<td><\/td>\n<td><\/td>\n<td><\/td>\n<td><\/td>\n<td><\/td>\n<\/tr>\n<tr>\n<td><b>Llegenda<\/b><\/td>\n<td><span style=\"font-weight: 400;\">PX: Primer ESO X<\/span><\/td>\n<td><\/td>\n<td><\/td>\n<td><\/td>\n<\/tr>\n<tr>\n<td><\/td>\n<td><span style=\"font-weight: 400;\">SX: Segon ESO X<\/span><\/td>\n<td><\/td>\n<td><\/td>\n<td><\/td>\n<\/tr>\n<tr>\n<td><\/td>\n<td><span style=\"font-weight: 400;\">TX: Tercer ESO X<\/span><\/td>\n<td><\/td>\n<td><\/td>\n<td><\/td>\n<\/tr>\n<tr>\n<td><\/td>\n<td><span style=\"font-weight: 400;\">QX: Quart ESO X<\/span><\/td>\n<td><\/td>\n<td><\/td>\n<td><\/td>\n<\/tr>\n<\/tbody>\n<\/table>\n<p>&nbsp;<\/p>\n<p><span style=\"font-weight: 400;\">L\u2019alumnat rebr\u00e0 el dia 10\/09\/2020 (a partir de les 15:30) informaci\u00f3 espec\u00edfica per les seg\u00fcents vies:<\/span><\/p>\n<p><b>1r ESO<\/b><span style=\"font-weight: 400;\">: Correu electr\u00f2nic al compte de correu de l\u2019alumne amb informacions espec\u00edfiques com ara: grup-classe assignat, persona tutora i les indicacions i consideracions addicionals<\/span><\/p>\n<p><b>2n , 3r i 4t d\u2019ESO<\/b><span style=\"font-weight: 400;\">: Noticia en Clickedu amb les informacions\u00a0<\/span><\/p>\n<p><b>1r BATX (alumnat del centre)<\/b><span style=\"font-weight: 400;\">: Not\u00edcia en Clickedu amb les informacions\u00a0<\/span><\/p>\n<p><b>1r BATX (alumnat nou del centre)<\/b><span style=\"font-weight: 400;\">:Correu electr\u00f2nic al compte de correu de l\u2019alumne<\/span><\/p>\n<p><b>2n BATX<\/b> <b>(alumnat del centre)<\/b><span style=\"font-weight: 400;\">: Not\u00edcia a Dinantia.<\/span><\/p>\n<p><b>2n BATX (alumnat nou del centre)<\/b><span style=\"font-weight: 400;\">:Correu electr\u00f2nic al compte de correu de l\u2019alumne<\/span><\/p>\n<p>&nbsp;<\/p>\n<h2><b>Requeriments d\u2019acc\u00e9s<\/b><\/h2>\n<p>&nbsp;<\/p>\n<p><span style=\"font-weight: 400;\">L\u2019alumnat haur\u00e0 de portar omplerta i signada la <\/span><b>declaraci\u00f3 responsable<\/b> <span style=\"font-weight: 400;\">es troba al web del Departament d\u2019Educaci\u00f3: <\/span><a href=\"https:\/\/documents.espai.educacio.gencat.cat\/FormularisModels\/CentresGestioAdministrativa\/A817.pdf\" target=\"_blank\" rel=\"noopener noreferrer\"><span style=\"font-weight: 400;\">Declaraci\u00f3 responsable<\/span><\/a><\/p>\n<p>&nbsp;<\/p>\n<p><span style=\"font-weight: 400;\">Seguint les instruccions del document \u201cMesures extraordin\u00e0ries de \/Salut per evitar els brot de la COVID-19 a les escoles\u201d:<\/span><\/p>\n<p><span style=\"font-weight: 400;\">Qu\u00e8 heu de tenir en compte a diari abans d\u2019accedir al centre educatiu?<\/span><\/p>\n<p><span style=\"font-weight: 400;\">Cap persona pot accedir al centre amb una temperatura superior als 37,5\u00ba ni haver redu\u00eft la temperatura amb antit\u00e8rmics.<\/span><\/p>\n<p><span style=\"font-weight: 400;\">L\u2019alumnat m\u00e9s gran de 6 anys hi ha d\u2019entrar amb la mascareta ben posada.<\/span><\/p>\n<p>&nbsp;<\/p>\n<p><b>No s\u2019hi pot entrar amb cap d\u2019aquests s\u00edmptomes<\/b><span style=\"font-weight: 400;\">:<\/span><\/p>\n<p><span style=\"font-weight: 400;\">En el cas de l\u2019alumnat menor o igual a 14 anys<\/span><\/p>\n<ul>\n<li style=\"font-weight: 400;\"><span style=\"font-weight: 400;\">Febre o febr\u00edcula<\/span><\/li>\n<li style=\"font-weight: 400;\"><span style=\"font-weight: 400;\">Tos<\/span><\/li>\n<li style=\"font-weight: 400;\"><span style=\"font-weight: 400;\">Dificultat per a respirar<\/span><\/li>\n<li style=\"font-weight: 400;\"><span style=\"font-weight: 400;\">Mal de coll *<\/span><\/li>\n<li style=\"font-weight: 400;\"><span style=\"font-weight: 400;\">Congesti\u00f3 nasal *<\/span><\/li>\n<li style=\"font-weight: 400;\"><span style=\"font-weight: 400;\">V\u00f2mits o diarrees<\/span><\/li>\n<li style=\"font-weight: 400;\"><span style=\"font-weight: 400;\">Mal de cap<\/span><\/li>\n<li style=\"font-weight: 400;\"><span style=\"font-weight: 400;\">Malestar<\/span><\/li>\n<li style=\"font-weight: 400;\"><span style=\"font-weight: 400;\">Dolor muscular<\/span><\/li>\n<\/ul>\n<p><span style=\"font-weight: 400;\">En el cas de l\u2019alumnat de m\u00e9s de 14 anys<\/span><\/p>\n<ul>\n<li style=\"font-weight: 400;\"><span style=\"font-weight: 400;\">Febre o febr\u00edcula<\/span><\/li>\n<li style=\"font-weight: 400;\"><span style=\"font-weight: 400;\">Tos<\/span><\/li>\n<li style=\"font-weight: 400;\"><span style=\"font-weight: 400;\">Dificultat per a respirar<\/span><\/li>\n<li style=\"font-weight: 400;\"><span style=\"font-weight: 400;\">Mal de coll *<\/span><\/li>\n<li style=\"font-weight: 400;\"><span style=\"font-weight: 400;\">Alteraci\u00f3 del gust o de l\u2019olfacte<\/span><\/li>\n<li style=\"font-weight: 400;\"><span style=\"font-weight: 400;\">V\u00f2mits o diarrees<\/span><\/li>\n<li style=\"font-weight: 400;\"><span style=\"font-weight: 400;\">Mal de cap<\/span><\/li>\n<li style=\"font-weight: 400;\"><span style=\"font-weight: 400;\">Malestar<\/span><\/li>\n<li style=\"font-weight: 400;\"><span style=\"font-weight: 400;\">Calfreds<\/span><\/li>\n<li style=\"font-weight: 400;\"><span style=\"font-weight: 400;\">Dolor muscular<\/span><\/li>\n<\/ul>\n<p><i><span style=\"font-weight: 400;\">*El mal de coll o refredat nasal de l\u2019alumnat nom\u00e9s es consideraran indicatius de COVID-19 si s\u2019acompanyen de febre o algun dels altres s\u00edmptomes de la malaltia.<\/span><\/i><\/p>\n<p><span style=\"font-weight: 400;\">A M\u00c9S, CAP PERSONA POT ACCEDIR-HI SI:<\/span><\/p>\n<ul>\n<li style=\"font-weight: 400;\"><span style=\"font-weight: 400;\">Est\u00e0 en a\u00efllament per ser positiu de COVID-19.<\/span><\/li>\n<li style=\"font-weight: 400;\"><span style=\"font-weight: 400;\">Est\u00e0 en espera del resultat d\u2019una PCR o una altra prova de diagn\u00f2stic de COVID-19.<\/span><\/li>\n<li style=\"font-weight: 400;\"><span style=\"font-weight: 400;\">Conviu amb una persona diagnosticada de COVID-19.<\/span><\/li>\n<li style=\"font-weight: 400;\"><span style=\"font-weight: 400;\">Est\u00e0 en a\u00efllament preventiu per ser contacte estret d\u2019un positiu per COVID-19<\/span><\/li>\n<\/ul>\n<p>&nbsp;<\/p>\n<p><b>\u00c9s imprescindible puntualitat en l\u2019horari d\u2019entrada al centre, evitant aglomeracions i corredisses. En el cas de reiterada manca de puntualitat es prendran les mesures disciplin\u00e0ries necess\u00e0ries.<\/b><\/p>\n<p><span style=\"font-weight: 400;\">\u00a0<\/span><\/p>\n<p><b>No es prendr\u00e0 la temperatura a l\u2019alumnat abans d&#8217;entrar al centre i\/o a les aules, ho hauran de fer a casa, per evitar aglomeracions a l\u2019entrada del centre o de les aules. <\/b><span style=\"font-weight: 400;\">En cas que la situaci\u00f3 epidemiol\u00f2gica ho requer\u00eds poden implementar-se mesures addicionals com la presa de temperatura a l\u2019arribada al centre o durant l\u2019estada en el mateix.<\/span><\/p>\n<p>&nbsp;<\/p>\n<h2><b>Durada i activitats<\/b><\/h2>\n<p>&nbsp;<\/p>\n<p><span style=\"font-weight: 400;\">La durada prevista de les actuacions que durem a terme aquest primer dia es de<\/span><b> 2-2\u20195 hores<\/b><span style=\"font-weight: 400;\">\u00a0<\/span><\/p>\n<p><span style=\"font-weight: 400;\">Les activitats no inclouen cap estona d\u2019esbarjo i seran desenvolupades per la persona tutora del grup.<\/span><\/p>\n<h2><b>Documents importants<\/b><\/h2>\n<p>&nbsp;<\/p>\n<p><span style=\"font-weight: 400;\"><a href=\"https:\/\/agora.xtec.cat\/insjoandaustria\/wp-content\/uploads\/usu216\/2020\/09\/Salut-_-Escola-CARTA-Families.pdf\" target=\"_blank\" rel=\"noopener noreferrer\">Carta dirigida a les fam\u00edlies<\/a> per part del Conseller d&#8217;Educaci\u00f3 i de la Consellera de Salut.<\/span><\/p>\n<p><a href=\"https:\/\/agora.xtec.cat\/insjoandaustria\/wp-content\/uploads\/usu216\/2020\/09\/JDA_Extracte-Pla-2020-2021_Alumnat-i-Families-.pdf\" target=\"_blank\" rel=\"noopener noreferrer\">Extracte del Pla d&#8217;Organitzaci\u00f3<\/a> 2020-2021 (el dimarts dia 15 de setembre es penjar\u00e0 el definitiu complert)<\/p>\n<p>&nbsp;<\/p>\n<h2><b>Llista de comprovaci\u00f3 de s\u00edmptomes per a les fam\u00edlies<\/b><\/h2>\n<p><span style=\"font-weight: 400;\">\u00a0<\/span><\/p>\n<p><b>Si el vostre fill, filla o adolescent tutelat no es troba b\u00e9, <\/b><span style=\"font-weight: 400;\">marqueu amb una<\/span> <span style=\"font-weight: 400;\">creu quins d\u2019aquests s\u00edmptomes presenta:<\/span><\/p>\n<p><span style=\"font-weight: 400;\">\u00a0<\/span><\/p>\n<p><span style=\"font-weight: 400;\">\u00a0<\/span><\/p>\n<table>\n<tbody>\n<tr>\n<td><span style=\"font-weight: 400;\">\u2610 Febre o febr\u00edcula<\/span><\/td>\n<td><span style=\"font-weight: 400;\">\u2610 Mal de panxa<\/span><\/td>\n<\/tr>\n<tr>\n<td><span style=\"font-weight: 400;\">\u2610 Tos<\/span><\/td>\n<td><span style=\"font-weight: 400;\">\u2610 V\u00f2mits<\/span><\/td>\n<\/tr>\n<tr>\n<td><span style=\"font-weight: 400;\">\u2610 Dificultat per respirar<\/span><\/td>\n<td><span style=\"font-weight: 400;\">\u2610 Diarrea<\/span><\/td>\n<\/tr>\n<tr>\n<td><span style=\"font-weight: 400;\">\u2610 Congesti\u00f3 nasal*<\/span><\/td>\n<td><span style=\"font-weight: 400;\">\u2610 Malestar<\/span><\/td>\n<\/tr>\n<tr>\n<td><span style=\"font-weight: 400;\">\u2610 Mal de coll*<\/span><\/td>\n<td><span style=\"font-weight: 400;\">\u2610 Dolor muscular<\/span><\/td>\n<\/tr>\n<\/tbody>\n<\/table>\n<p><span style=\"font-weight: 400;\">\u00a0<\/span><\/p>\n<p><b>Si a casa hi ha alguna persona adulta que no es troba b\u00e9, <\/b><span style=\"font-weight: 400;\">marqueu amb una creu<\/span> <span style=\"font-weight: 400;\">quins d\u2019aquests s\u00edmptomes presenta:<\/span><\/p>\n<p><span style=\"font-weight: 400;\">\u00a0<\/span><\/p>\n<table>\n<tbody>\n<tr>\n<td><span style=\"font-weight: 400;\">\u2610 Febre o febr\u00edcula<\/span><\/td>\n<td><span style=\"font-weight: 400;\">\u2610 Calfreds<\/span><\/td>\n<\/tr>\n<tr>\n<td><span style=\"font-weight: 400;\">\u2610 Tos<\/span><\/td>\n<td><span style=\"font-weight: 400;\">\u2610 V\u00f2mits<\/span><\/td>\n<\/tr>\n<tr>\n<td><span style=\"font-weight: 400;\">\u2610 Dificultat per respirar<\/span><\/td>\n<td><span style=\"font-weight: 400;\">\u2610 Diarrea<\/span><\/td>\n<\/tr>\n<tr>\n<td><span style=\"font-weight: 400;\">\u2610 Falta d\u2019olfacte de gust<\/span><\/td>\n<td><span style=\"font-weight: 400;\">\u2610 Malestar<\/span><\/td>\n<\/tr>\n<tr>\n<td><span style=\"font-weight: 400;\">\u2610 Mal de coll<\/span><\/td>\n<td><span style=\"font-weight: 400;\">\u2610 Dolor muscular<\/span><\/td>\n<\/tr>\n<\/tbody>\n<\/table>\n<p><span style=\"font-weight: 400;\">\u00a0<\/span><\/p>\n<p><span style=\"font-weight: 400;\">Si heu marcat una o diverses caselles <\/span><b>cal que eviteu portar-lo\/la<\/b><span style=\"font-weight: 400;\"> al centre i que us poseu en contacte amb els responsables del centre per comunicar-ho.<\/span><\/p>\n<p><i><span style=\"font-weight: 400;\">*El mal de coll o refredat nasal de l\u2019alumnat nom\u00e9s es consideraran indicatius de COVID-19 si s\u2019acompanyen de febre o algun dels altres s\u00edmptomes de la malaltia.<\/span><\/i><\/p>\n<p><span style=\"font-weight: 400;\">\u00a0<\/span><\/p>\n<p><span style=\"font-weight: 400;\">En horari d\u2019atenci\u00f3 del vostre centre d\u2019atenci\u00f3 prim\u00e0ria, poseu-vos en contacte telef\u00f2nic amb el vostre <\/span><b>equip de pediatria<\/b><span style=\"font-weight: 400;\"> o de <\/span><b>cap\u00e7alera<\/b><span style=\"font-weight: 400;\">. En altres horaris, truqueu al <\/span><b>061.<\/b><\/p>\n<p>&nbsp;<\/p>\n<p><b>Aquesta not\u00edcia s\u2019anir\u00e0 actualitzant al llarg del dia d\u2019avui<\/b><\/p>\n","protected":false},"excerpt":{"rendered":"<p>Benvolgudes fam\u00edlies i alumnat del centre.<br \/>\n&nbsp;<br \/>\nCom ja sabeu l\u2019inici de curs d\u2019enguany v\u00e9 marcat per la situaci\u00f3 sanitaria derivada de la pand\u00e8mia provocada pel COVID 19. Aquesta situaci\u00f3 ha provocat que ens hem hagut d\u2019adaptar a la situaci\u00f3 actual a les darreres instruccions que hem&hellip;  <a href=\"https:\/\/agora.xtec.cat\/insjoandaustria\/portada\/informacio-inici-de-classes-curs-2020-2021\/\" title=\"Read Informaci\u00f3 inici de classes curs 2020-2021\">Llegeix m\u00e9s\u00bb<\/a><\/p>\n","protected":false},"author":1,"featured_media":0,"comment_status":"closed","ping_status":"closed","sticky":false,"template":"","format":"standard","meta":{"_bbp_topic_count":0,"_bbp_reply_count":0,"_bbp_total_topic_count":0,"_bbp_total_reply_count":0,"_bbp_voice_count":0,"_bbp_anonymous_reply_count":0,"_bbp_topic_count_hidden":0,"_bbp_reply_count_hidden":0,"_bbp_forum_subforum_count":0,"footnotes":""},"categories":[29],"tags":[],"class_list":["post-7777","post","type-post","status-publish","format-standard","hentry","category-portada"],"post_mailing_queue_ids":[],"_links":{"self":[{"href":"https:\/\/agora.xtec.cat\/insjoandaustria\/wp-json\/wp\/v2\/posts\/7777","targetHints":{"allow":["GET"]}}],"collection":[{"href":"https:\/\/agora.xtec.cat\/insjoandaustria\/wp-json\/wp\/v2\/posts"}],"about":[{"href":"https:\/\/agora.xtec.cat\/insjoandaustria\/wp-json\/wp\/v2\/types\/post"}],"author":[{"embeddable":true,"href":"https:\/\/agora.xtec.cat\/insjoandaustria\/wp-json\/wp\/v2\/users\/1"}],"replies":[{"embeddable":true,"href":"https:\/\/agora.xtec.cat\/insjoandaustria\/wp-json\/wp\/v2\/comments?post=7777"}],"version-history":[{"count":4,"href":"https:\/\/agora.xtec.cat\/insjoandaustria\/wp-json\/wp\/v2\/posts\/7777\/revisions"}],"predecessor-version":[{"id":7812,"href":"https:\/\/agora.xtec.cat\/insjoandaustria\/wp-json\/wp\/v2\/posts\/7777\/revisions\/7812"}],"wp:attachment":[{"href":"https:\/\/agora.xtec.cat\/insjoandaustria\/wp-json\/wp\/v2\/media?parent=7777"}],"wp:term":[{"taxonomy":"category","embeddable":true,"href":"https:\/\/agora.xtec.cat\/insjoandaustria\/wp-json\/wp\/v2\/categories?post=7777"},{"taxonomy":"post_tag","embeddable":true,"href":"https:\/\/agora.xtec.cat\/insjoandaustria\/wp-json\/wp\/v2\/tags?post=7777"}],"curies":[{"name":"wp","href":"https:\/\/api.w.org\/{rel}","templated":true}]}}