{"id":7741,"date":"2020-06-30T13:05:52","date_gmt":"2020-06-30T11:05:52","guid":{"rendered":"http:\/\/agora.xtec.cat\/insjoandaustria\/?p=7741"},"modified":"2020-06-30T13:08:09","modified_gmt":"2020-06-30T11:08:09","slug":"whiteraven-a-la-gran-final-nacional-de-la-first-lego-league","status":"publish","type":"post","link":"https:\/\/agora.xtec.cat\/insjoandaustria\/general\/whiteraven-a-la-gran-final-nacional-de-la-first-lego-league\/","title":{"rendered":"Whiteraven a la Gran Final Nacional de la First Lego League"},"content":{"rendered":"<div dir=\"auto\">\n<div dir=\"auto\" style=\"text-align: left\">\n<p>El grup de nois i noies que formen l&#8217;equip de rob\u00f2tica Whiteraven (Aitor, Vera, Teresa, Ari\u00e1n, Sof\u00eda, Jan, Gabriel, Mar, Joan, Adriana, Miquel, Alejandro i Berta) han arribat per segon any consecutiu a la Gran Final Nacional de la First Lego League, segurament el torneig de rob\u00f2tica m\u00e9s important del m\u00f3n (aquest any hi han participat m\u00e9s de 35.000 equips de m\u00e9s de 100 pa\u00efsos). S&#8217;havia de fer a Tenerife durant el mes de mar\u00e7 per\u00f2 a causa de la COVID-19 es va postposar fins al mes de juliol. I ara participaran a la primera final online de la hist\u00f2ria: els nostres alumnes defensaran el seu projecte el proper dimecres 1 de juliol a les 15:00, a la sala 6.<\/p>\n<p>Si els voleu veure\u00a0en acci\u00f3\u00a0podeu entrar al seg\u00fcent enlla\u00e7, des del qual\u00a0retransmetran en directe (en castell\u00e0) i durant una hora les seves presentacions del projecte d&#8217;innovaci\u00f3, defensa del robot i valors. Acabaran fent dues rondes del joc del robot,\u00a0de les quals nom\u00e9s\u00a0puntuar\u00e0 la m\u00e9s alta.<\/p>\n<p>Aqu\u00ed teniu l&#8217;enlla\u00e7:\u00a0<a href=\"https:\/\/ca.firstlegoleague.es\/gran-final-fll\">https:\/\/ca.firstlegoleague.es<\/a><\/p>\n<p>Un cop entreu a la p\u00e0gina principal hi ha una not\u00edcia sobre la Gran Final que us portar\u00e0 a totes les retransmissions. Recordeu, seran a la\u00a0<strong>\u00a0SALA 6.<\/strong><\/p>\n<p><strong>\u00a0<\/strong>El torneig durar\u00e0 dos dies (dimecres i dijous) i el lliurament de premis ser\u00e0 el divendres a les 16:00.<\/p>\n<p>&nbsp;<\/p>\n<\/div>\n<\/div>\n<div dir=\"auto\">\n<div dir=\"auto\"><a href=\"https:\/\/agora.xtec.cat\/insjoandaustria\/wp-content\/uploads\/usu216\/2020\/06\/IMG_20200630_092444.jpg\"><img loading=\"lazy\" decoding=\"async\" class=\"alignnone wp-image-7742\" src=\"https:\/\/agora.xtec.cat\/insjoandaustria\/wp-content\/uploads\/usu216\/2020\/06\/IMG_20200630_092444-1024x548.jpg\" alt=\"\" width=\"949\" height=\"508\" srcset=\"https:\/\/agora.xtec.cat\/insjoandaustria\/wp-content\/uploads\/usu216\/2020\/06\/IMG_20200630_092444-1024x548.jpg 1024w, https:\/\/agora.xtec.cat\/insjoandaustria\/wp-content\/uploads\/usu216\/2020\/06\/IMG_20200630_092444-300x161.jpg 300w, https:\/\/agora.xtec.cat\/insjoandaustria\/wp-content\/uploads\/usu216\/2020\/06\/IMG_20200630_092444-768x411.jpg 768w, https:\/\/agora.xtec.cat\/insjoandaustria\/wp-content\/uploads\/usu216\/2020\/06\/IMG_20200630_092444.jpg 1447w\" sizes=\"auto, (max-width: 949px) 100vw, 949px\" \/><\/a> <a href=\"https:\/\/agora.xtec.cat\/insjoandaustria\/wp-content\/uploads\/usu216\/2020\/06\/IMG-20200630-WA0002.jpg\"><img loading=\"lazy\" decoding=\"async\" class=\"alignnone wp-image-7743\" src=\"https:\/\/agora.xtec.cat\/insjoandaustria\/wp-content\/uploads\/usu216\/2020\/06\/IMG-20200630-WA0002-1024x769.jpg\" alt=\"\" width=\"997\" height=\"749\" srcset=\"https:\/\/agora.xtec.cat\/insjoandaustria\/wp-content\/uploads\/usu216\/2020\/06\/IMG-20200630-WA0002-1024x769.jpg 1024w, https:\/\/agora.xtec.cat\/insjoandaustria\/wp-content\/uploads\/usu216\/2020\/06\/IMG-20200630-WA0002-300x225.jpg 300w, https:\/\/agora.xtec.cat\/insjoandaustria\/wp-content\/uploads\/usu216\/2020\/06\/IMG-20200630-WA0002-768x576.jpg 768w, https:\/\/agora.xtec.cat\/insjoandaustria\/wp-content\/uploads\/usu216\/2020\/06\/IMG-20200630-WA0002-200x150.jpg 200w, https:\/\/agora.xtec.cat\/insjoandaustria\/wp-content\/uploads\/usu216\/2020\/06\/IMG-20200630-WA0002.jpg 2048w\" sizes=\"auto, (max-width: 997px) 100vw, 997px\" \/><\/a><\/div>\n<\/div>\n","protected":false},"excerpt":{"rendered":"<p>Dimecres 1 de juliol a les 15:00, a la sala 6 podreu veure l&#8217;equip de rob\u00f2tica de l&#8217;insitut, Whiteraven, a la Gran Final Nacional de la FLL.<br \/>\nhttps:\/\/ca.firstlegoleague.es&hellip;  <a href=\"https:\/\/agora.xtec.cat\/insjoandaustria\/general\/whiteraven-a-la-gran-final-nacional-de-la-first-lego-league\/\" title=\"Read Whiteraven a la Gran Final Nacional de la First Lego League\">Llegeix m\u00e9s\u00bb<\/a><\/p>\n","protected":false},"author":26,"featured_media":7743,"comment_status":"closed","ping_status":"closed","sticky":false,"template":"","format":"standard","meta":{"_bbp_topic_count":0,"_bbp_reply_count":0,"_bbp_total_topic_count":0,"_bbp_total_reply_count":0,"_bbp_voice_count":0,"_bbp_anonymous_reply_count":0,"_bbp_topic_count_hidden":0,"_bbp_reply_count_hidden":0,"_bbp_forum_subforum_count":0,"footnotes":""},"categories":[3,1,29,70],"tags":[326,301,324],"class_list":["post-7741","post","type-post","status-publish","format-standard","has-post-thumbnail","hentry","category-eso","category-general","category-portada","category-projectes","tag-fll","tag-lego","tag-white-raven"],"post_mailing_queue_ids":[],"_links":{"self":[{"href":"https:\/\/agora.xtec.cat\/insjoandaustria\/wp-json\/wp\/v2\/posts\/7741","targetHints":{"allow":["GET"]}}],"collection":[{"href":"https:\/\/agora.xtec.cat\/insjoandaustria\/wp-json\/wp\/v2\/posts"}],"about":[{"href":"https:\/\/agora.xtec.cat\/insjoandaustria\/wp-json\/wp\/v2\/types\/post"}],"author":[{"embeddable":true,"href":"https:\/\/agora.xtec.cat\/insjoandaustria\/wp-json\/wp\/v2\/users\/26"}],"replies":[{"embeddable":true,"href":"https:\/\/agora.xtec.cat\/insjoandaustria\/wp-json\/wp\/v2\/comments?post=7741"}],"version-history":[{"count":2,"href":"https:\/\/agora.xtec.cat\/insjoandaustria\/wp-json\/wp\/v2\/posts\/7741\/revisions"}],"predecessor-version":[{"id":7745,"href":"https:\/\/agora.xtec.cat\/insjoandaustria\/wp-json\/wp\/v2\/posts\/7741\/revisions\/7745"}],"wp:featuredmedia":[{"embeddable":true,"href":"https:\/\/agora.xtec.cat\/insjoandaustria\/wp-json\/wp\/v2\/media\/7743"}],"wp:attachment":[{"href":"https:\/\/agora.xtec.cat\/insjoandaustria\/wp-json\/wp\/v2\/media?parent=7741"}],"wp:term":[{"taxonomy":"category","embeddable":true,"href":"https:\/\/agora.xtec.cat\/insjoandaustria\/wp-json\/wp\/v2\/categories?post=7741"},{"taxonomy":"post_tag","embeddable":true,"href":"https:\/\/agora.xtec.cat\/insjoandaustria\/wp-json\/wp\/v2\/tags?post=7741"}],"curies":[{"name":"wp","href":"https:\/\/api.w.org\/{rel}","templated":true}]}}