{"id":7670,"date":"2020-06-09T06:58:33","date_gmt":"2020-06-09T04:58:33","guid":{"rendered":"http:\/\/agora.xtec.cat\/insjoandaustria\/?p=7670"},"modified":"2020-06-09T07:06:09","modified_gmt":"2020-06-09T05:06:09","slug":"finalistes-de-mschools-2","status":"publish","type":"post","link":"https:\/\/agora.xtec.cat\/insjoandaustria\/general\/finalistes-de-mschools-2\/","title":{"rendered":"Finalistes dels mSchools Student Awards 2020!"},"content":{"rendered":"<p>Ahir ens van comunicar que el projecte <a href=\"http:\/\/feelinggood.insjoandaustria.org\/\">Feeling good <\/a><strong>ha estat un dels 9 finalistes de l&#8217;edici\u00f3 dels<\/strong> <a href=\"https:\/\/mschools.mobileworldcapital.com\/ca\/iniciatives\/mschools-student-awards\/\">mSchools Student Awards 2020\u00a0 <\/a>. Aquest projecte l&#8217;ha fet l&#8217;alumnat de 4t ESO, en concret:<\/p>\n<ul>\n<li>Aamna Syed<\/li>\n<li>Lenyn Bernal<\/li>\n<li>Martin Pereira<\/li>\n<li>Vazgen Kocharyan<\/li>\n<\/ul>\n<p>Han realitzat una app que permetr\u00e0 posar en contacte a psic\u00f2legs amb adolescents amb problemes psicol\u00f2gics. On els clients de l&#8217;app seran els psic\u00f2legs i els usuaris els adolescents.<\/p>\n<p><a href=\"https:\/\/agora.xtec.cat\/insjoandaustria\/wp-content\/uploads\/usu216\/2020\/06\/logoingles.png\"><img loading=\"lazy\" decoding=\"async\" class=\"wp-image-7675 aligncenter\" src=\"https:\/\/agora.xtec.cat\/insjoandaustria\/wp-content\/uploads\/usu216\/2020\/06\/logoingles-1024x1024.png\" alt=\"\" width=\"311\" height=\"311\" srcset=\"https:\/\/agora.xtec.cat\/insjoandaustria\/wp-content\/uploads\/usu216\/2020\/06\/logoingles-1024x1024.png 1024w, https:\/\/agora.xtec.cat\/insjoandaustria\/wp-content\/uploads\/usu216\/2020\/06\/logoingles-150x150.png 150w, https:\/\/agora.xtec.cat\/insjoandaustria\/wp-content\/uploads\/usu216\/2020\/06\/logoingles-300x300.png 300w, https:\/\/agora.xtec.cat\/insjoandaustria\/wp-content\/uploads\/usu216\/2020\/06\/logoingles-768x768.png 768w, https:\/\/agora.xtec.cat\/insjoandaustria\/wp-content\/uploads\/usu216\/2020\/06\/logoingles.png 1200w\" sizes=\"auto, (max-width: 311px) 100vw, 311px\" \/><\/a><\/p>\n<p>Aix\u00ed descriuen l&#8217;app feta per ajudar a millorar l&#8217;objectiu de desenvolupament sostenible de la ONU <a href=\"https:\/\/www.un.org\/sustainabledevelopment\/es\/health\/\">&#8220;Salut i benestar&#8221;:<\/a><\/p>\n<p><em>&#8220;Per promoure la import\u00e0ncia de la salut mental i facilitar l\u2019acc\u00e9s a la ter\u00e0pia, hem fet una<\/em><br \/>\n<em>aplicaci\u00f3 et permetr\u00e0 tenir ter\u00e0pia en l\u00ednia amb psic\u00f2legs llicenciats, fer tests dissenyats per<\/em><br \/>\n<em>psic\u00f2legs que t\u2019ajudin a determinar si podries tenir depressi\u00f3, ansietat o un altre problema psicol\u00f2gic.&#8221;<\/em><\/p>\n<p>Aqu\u00ed podeu veure:<\/p>\n<ul>\n<li><a href=\"http:\/\/feelinggood.insjoandaustria.org\/\">la web de l&#8217;aplicaci\u00f3<\/a><\/li>\n<li><a href=\"https:\/\/drive.google.com\/file\/d\/1tpRW6ql9IBn6SUpSIuc0tAtSfiRwIC7B\/view\">el p\u00f2ster de l&#8217;app<\/a><\/li>\n<li><a href=\"https:\/\/drive.google.com\/file\/d\/12RsW66Kn6qqBak3A6gFBETqtvJL343Ps\/view\">el prototipus de l&#8217;aplicaci\u00f3 per a Android.<\/a><\/li>\n<li><a href=\"https:\/\/drive.google.com\/file\/d\/1WCX76R8T8_hTQ_37xk81vgC-35GGtJZT\/view?usp=sharing\">la mem\u00f2ria del projecte.<\/a><\/li>\n<\/ul>\n<p>I aqu\u00ed l&#8217;anunci realitzat:<\/p>\n<p><iframe loading=\"lazy\" src=\"https:\/\/drive.google.com\/file\/d\/1bpYCzLLzCCsyuu8cbuQ1PDWmEKFguEpD\/preview\" width=\"640\" height=\"480\"><\/iframe><br \/>\nEl proper 17 de juny de 16h a 18h es far\u00e0 l&#8217;acte on s&#8217;anunciar\u00e0 els tres premiats.<\/p>\n<p>Moltes felicitats als quatre, heu fet una feina sensacional i un gran esfor\u00e7 per fer-ho des de casa telem\u00e0ticament. Molta sort!!!<\/p>\n<p>&nbsp;<\/p>\n","protected":false},"excerpt":{"rendered":"<p>Ahir ens van comunicar que el projecte <a href=\"http:\/\/feelinggood.insjoandaustria.org\/\">Feeling good <\/a>ha estat un dels 9 finalistes de l&#8217;edici\u00f3 dels <a href=\"https:\/\/mschools.mobileworldcapital.com\/ca\/iniciatives\/mschools-student-awards\/\">mSchools Student Awards 2020\u00a0 <\/a>. Aquest projecte l&#8217;ha fet l&#8217;alumnat de 4t ESO, en concret:<\/p>\n<ul>\n<li>Aamna Syed<\/li>\n<li>Lenyn Bernal<\/li>\n<li>Martin Pereira<\/li>\n<li>Vazgen Kocharyan<\/li>\n<\/ul>\n<p>Han realitzat una app que permetr\u00e0 posar&hellip;  <a href=\"https:\/\/agora.xtec.cat\/insjoandaustria\/general\/finalistes-de-mschools-2\/\" title=\"Read Finalistes dels mSchools Student Awards 2020!\">Llegeix m\u00e9s\u00bb<\/a><\/p>\n","protected":false},"author":11,"featured_media":7675,"comment_status":"open","ping_status":"closed","sticky":false,"template":"","format":"standard","meta":{"_bbp_topic_count":0,"_bbp_reply_count":0,"_bbp_total_topic_count":0,"_bbp_total_reply_count":0,"_bbp_voice_count":0,"_bbp_anonymous_reply_count":0,"_bbp_topic_count_hidden":0,"_bbp_reply_count_hidden":0,"_bbp_forum_subforum_count":0,"footnotes":""},"categories":[7,24,25,26,1,29],"tags":[],"class_list":["post-7670","post","type-post","status-publish","format-standard","has-post-thumbnail","hentry","category-eso-4","category-eso-4a","category-eso-4b","category-eso-4c","category-general","category-portada"],"post_mailing_queue_ids":[],"_links":{"self":[{"href":"https:\/\/agora.xtec.cat\/insjoandaustria\/wp-json\/wp\/v2\/posts\/7670","targetHints":{"allow":["GET"]}}],"collection":[{"href":"https:\/\/agora.xtec.cat\/insjoandaustria\/wp-json\/wp\/v2\/posts"}],"about":[{"href":"https:\/\/agora.xtec.cat\/insjoandaustria\/wp-json\/wp\/v2\/types\/post"}],"author":[{"embeddable":true,"href":"https:\/\/agora.xtec.cat\/insjoandaustria\/wp-json\/wp\/v2\/users\/11"}],"replies":[{"embeddable":true,"href":"https:\/\/agora.xtec.cat\/insjoandaustria\/wp-json\/wp\/v2\/comments?post=7670"}],"version-history":[{"count":3,"href":"https:\/\/agora.xtec.cat\/insjoandaustria\/wp-json\/wp\/v2\/posts\/7670\/revisions"}],"predecessor-version":[{"id":7677,"href":"https:\/\/agora.xtec.cat\/insjoandaustria\/wp-json\/wp\/v2\/posts\/7670\/revisions\/7677"}],"wp:featuredmedia":[{"embeddable":true,"href":"https:\/\/agora.xtec.cat\/insjoandaustria\/wp-json\/wp\/v2\/media\/7675"}],"wp:attachment":[{"href":"https:\/\/agora.xtec.cat\/insjoandaustria\/wp-json\/wp\/v2\/media?parent=7670"}],"wp:term":[{"taxonomy":"category","embeddable":true,"href":"https:\/\/agora.xtec.cat\/insjoandaustria\/wp-json\/wp\/v2\/categories?post=7670"},{"taxonomy":"post_tag","embeddable":true,"href":"https:\/\/agora.xtec.cat\/insjoandaustria\/wp-json\/wp\/v2\/tags?post=7670"}],"curies":[{"name":"wp","href":"https:\/\/api.w.org\/{rel}","templated":true}]}}