{"id":7665,"date":"2020-06-09T07:02:38","date_gmt":"2020-06-09T05:02:38","guid":{"rendered":"http:\/\/agora.xtec.cat\/insjoandaustria\/?p=7665"},"modified":"2020-09-04T16:51:39","modified_gmt":"2020-09-04T14:51:39","slug":"pla-reobertura-del-centre-juny-2020","status":"publish","type":"post","link":"https:\/\/agora.xtec.cat\/insjoandaustria\/general\/pla-reobertura-del-centre-juny-2020\/","title":{"rendered":"Pla reobertura del centre. Juny 2020"},"content":{"rendered":"<h1><b>Introducci\u00f3<\/b><\/h1>\n<h3><b>Marc Legal<\/b><\/h3>\n<p><span style=\"font-weight: 400;\">En data 20 de maig el Departament d\u2019Educaci\u00f3 va comunicar el <\/span><a href=\"https:\/\/documents.espai.educacio.gencat.cat\/IPCNormativa\/DisposicionsInternes\/Pla-reobertura-centres-fase2.pdf\"><i><span style=\"font-weight: 400;\">Pla d\u2019obertura de centres educatius en fase 2<\/span><\/i><\/a><i><span style=\"font-weight: 400;\"> de desescalada en la finalitzaci\u00f3 del curs 2019-2020 i per a l\u2019organitzaci\u00f3 i funcionament dels centres i els estudis del curs 2020-2021\u00a0<\/span><\/i><\/p>\n<p><span style=\"font-weight: 400;\">Amb posterioritat es va emetre la <\/span><a href=\"http:\/\/politiquesdigitals.gencat.cat\/web\/.content\/funcio_publica\/documents\/normativa\/circulars_i_instruccions\/Instruccio-5_2020_mesures-reincorporacio-progressiva.pdf\"><i><span style=\"font-weight: 400;\">Instrucci\u00f3 5\/2020<\/span><\/i><\/a><i><span style=\"font-weight: 400;\">, de 24 de maig, sobre reincorporaci\u00f3 progressiva als centres de treball, teletreball i altres mesures organitzatives d\u2019aplicaci\u00f3 al personal al servei de l\u2019Administraci\u00f3 de la Generalitat de Catalunya amb motiu del coronavirus SARS-CoV-2\u00a0<\/span><\/i><\/p>\n<p><span style=\"font-weight: 400;\">La <\/span><a href=\"https:\/\/documents.espai.educacio.gencat.cat\/IPCNormativa\/DisposicionsInternes\/Instruccio-obertura-centres-juny.pdf\"><i><span style=\"font-weight: 400;\">Instrucci\u00f3 2\/2020<\/span><\/i><\/a><i><span style=\"font-weight: 400;\">, de 28 de maig, sobre reincorporaci\u00f3 progressiva als centres educatius d\u2019aplicaci\u00f3 al personal docent al servei de l\u2019Administraci\u00f3 de la Generalitat de Catalunya amb motiu del coronavirus SARS-CoV-2<\/span><\/i><span style=\"font-weight: 400;\">.<\/span><\/p>\n<p><span style=\"font-weight: 400;\">I per \u00faltim la <\/span><a href=\"https:\/\/documents.espai.educacio.gencat.cat\/IPCNormativa\/DisposicionsInternes\/Inst-obertura-centres.pdf\"><span style=\"font-weight: 400;\">Instrucci\u00f3 per a l\u2019organitzaci\u00f3 de l\u2019obertura dels centres educatius<\/span><\/a><\/p>\n<h3><b>Consideracions del centre<\/b><\/h3>\n<p><span style=\"font-weight: 400;\">Les instruccions referenciades indiquen que la reobertura dels centres educatius s\u2019ha d\u2019acompanyar\u00a0 d\u2019un pla espec\u00edfic que contempli les <\/span><b>actuacions pedag\u00f2giques a assolir<\/b><span style=\"font-weight: 400;\">, que en detalli <\/span><b>la regulaci\u00f3 del funcionament<\/b><span style=\"font-weight: 400;\"> i que <\/span><b>garanteixi les recomanacions sanit\u00e0ries<\/b><span style=\"font-weight: 400;\">. Tants requeriments faran necess\u00e0ries <\/span><b>la flexibilitat i l\u2019adaptaci\u00f3 a les particularitats de cada centre<\/b><span style=\"font-weight: 400;\">.<\/span><\/p>\n<p><span style=\"font-weight: 400;\">Des del <\/span><b>punt de vista pedag\u00f2gic<\/b><span style=\"font-weight: 400;\"> el \u201c<\/span><i><span style=\"font-weight: 400;\">Pla d\u2019obertura de centres educatius en fase 2\u201d<\/span><\/i><span style=\"font-weight: 400;\">\u00a0 indica que el centre <\/span><b>efectuar\u00e0 propostes per a l\u2019acci\u00f3 educativa amb un triple objectiu<\/b><span style=\"font-weight: 400;\">:<\/span><\/p>\n<ul>\n<li style=\"font-weight: 400;\"><span style=\"font-weight: 400;\">Suport lectiu i d\u2019orientaci\u00f3, fent especial \u00e8mfasi en els finals d\u2019etapa educativa (<\/span><span style=\"font-weight: 400;\">en el cas del nostre centre: 4t ESO, 2n Batxillerat i 2n de CF<\/span><span style=\"font-weight: 400;\">).<\/span><\/li>\n<li style=\"font-weight: 400;\"><span style=\"font-weight: 400;\">Acompanyament tutorial i emocional de l\u2019alumnat que ho necessiti.<\/span><\/li>\n<li style=\"font-weight: 400;\"><span style=\"font-weight: 400;\">Planificaci\u00f3 dels diferents escenaris del curs 2020-2021 en cada centre, tot incidint en el treball organitzatiu del retorn.<\/span><\/li>\n<\/ul>\n<p><span style=\"font-weight: 400;\">Entenem que les instruccions s\u00f3n prou gen\u00e8riques per poder donar resposta a tots els centres de Catalunya, independentment de quina sigui la seva localitzaci\u00f3 i per extensi\u00f3 la data que s\u2019incorporen a la fase 2 de desescalada per\u00f2 no podem perdre de vista que la ciutat de Barcelona passar\u00e0 a la fase 2 a partir del 8 de juny (a nom\u00e9s dues setmanes de la finalitzaci\u00f3 del curs escolar, segons el calendari escolar del curs 2019-2020 en vig\u00e8ncia).<\/span><\/p>\n<p><span style=\"font-weight: 400;\">Tenint molt present la data d\u2019obertura del centre, hem de tenir en consideraci\u00f3 que:<\/span><\/p>\n<ul>\n<li style=\"font-weight: 400;\"><span style=\"font-weight: 400;\">L\u2019alumnat de 2n de Batxillerat i de 2n de CF ja ha finalitzat la convocat\u00f2ria ordin\u00e0ria (seguint els seus propis calendaris espec\u00edfics)<\/span><\/li>\n<li style=\"font-weight: 400;\"><span style=\"font-weight: 400;\">L\u2019alumnat de 4t d\u2019ESO ja ha estat orientat amb anterioritat cap a altres estudis (Batxillerat, PFI, CFGM&#8230;) i en els casos que corresponen ja ha hagut de realitzar les preinscripcions corresponents\u00a0<\/span><\/li>\n<li style=\"font-weight: 400;\"><span style=\"font-weight: 400;\">Les <\/span><i><span style=\"font-weight: 400;\">Instruccions per al desenvolupament de l\u2019acci\u00f3 educativa i l\u2019avaluaci\u00f3 en el tercer trimestre<\/span><\/i><span style=\"font-weight: 400;\"> del Departament d\u2019Educaci\u00f3, anteriors a les referenciades en aquest document, indiquen que les activitats d\u2019ensenyament-aprenentatge d\u2019aquest per\u00edode i fins al final de curs, tenien com a finalitat la millora dels resultats obtinguts fins el mes de mar\u00e7 i que aquestes es duen a terme de manera no presencial.<\/span><\/li>\n<li style=\"font-weight: 400;\"><span style=\"font-weight: 400;\">La planificaci\u00f3 d\u2019escenaris pel proper curs escolar no ser\u00e0 objecte d\u2019aquest pla d\u2019obertura\u00a0 sin\u00f3 que ser\u00e0 desenvolupat amb posterioritat en un altre pla espec\u00edfic.<\/span><\/li>\n<\/ul>\n<h1><b>Objectius del pla d\u2019obertura<\/b><\/h1>\n<p><span style=\"font-weight: 400;\">Els objectius espec\u00edfics que ens hem marcat, per aquest pla, s\u00f3n:<\/span><\/p>\n<ol>\n<li style=\"font-weight: 400;\"><span style=\"font-weight: 400;\">Determinar les actuacions pr\u00e8vies a l\u2019obertura del centre per tal de complir amb les normatives i recomanacions vigents\u00a0\u00a0<\/span><\/li>\n<li style=\"font-weight: 400;\"><span style=\"font-weight: 400;\">Definir els \u00e0mbits afectats i objecte de tractament<\/span><\/li>\n<li style=\"font-weight: 400;\"><span style=\"font-weight: 400;\">Definir les actuacions a dur a terme, a partir de la data d\u2019obertura, amb els seus condicionants per tal de clarificar els serveis que ofereix el centre\u00a0<\/span><\/li>\n<li style=\"font-weight: 400;\"><span style=\"font-weight: 400;\">Descriure el conjunt de serveis que el centre oferir\u00e0 de manera presencial i de manera telem\u00e0tica\u00a0<\/span><\/li>\n<\/ol>\n<h1><b>Factors que condicionen l\u2019obertura<\/b><\/h1>\n<h2><b>Personal de centre. Professorat i PAS<\/b><\/h2>\n<p><span style=\"font-weight: 400;\">La incorporaci\u00f3 presencial del personal al centre ve marcada per tres factors:<\/span><\/p>\n<ul>\n<li style=\"font-weight: 400;\"><span style=\"font-weight: 400;\">Les indicacions de la Instrucci\u00f3 2\/2020, de 28 de maig i com a conseq\u00fc\u00e8ncia: <\/span><b>no podr\u00e0 incorporar-se al centre cap persona que es trobi en situaci\u00f3 vulnerable<\/b><span style=\"font-weight: 400;\">, segons els grups definits pel Departament de Salut.<\/span><\/li>\n<li style=\"font-weight: 400;\"><span style=\"font-weight: 400;\">La possibilitat d\u2019acollir-se al perm\u00eds de conciliaci\u00f3 i desenvolupar les seves tasques de manera no presencial, en els casos que la seva situaci\u00f3 personal ho requereixi.<\/span><\/li>\n<li style=\"font-weight: 400;\"><span style=\"font-weight: 400;\">La continu\u00eftat formativa de l\u2019alumnat, fins al final de curs, en la modalitat no presencial ha de compatibilitzar-se amb l\u2019assist\u00e8ncia al centre (en els casos necessaris).<\/span><\/li>\n<\/ul>\n<p><span style=\"font-weight: 400;\">En el cas del nostre centre, en la data de redacci\u00f3 d\u2019aquest pla, es veuen afectades:<\/span><\/p>\n<ul>\n<li style=\"font-weight: 400;\"><span style=\"font-weight: 400;\">2 persones de consergeria. Nom\u00e9s un conserge pot assistir al centre per desenvolupar les tasques de manera presencial.<\/span><\/li>\n<li style=\"font-weight: 400;\"><span style=\"font-weight: 400;\">1 persona d\u2019oficines. Nom\u00e9s un administratiu pot assistir al centre per desenvolupar les tasques de manera presencial.<\/span><\/li>\n<li style=\"font-weight: 400;\"><span style=\"font-weight: 400;\">25% del professorat de les etapes d\u2019ESO i Batxillerat.<\/span><\/li>\n<li style=\"font-weight: 400;\"><span style=\"font-weight: 400;\">10% del professorat de CF.<\/span><\/li>\n<\/ul>\n<p><span style=\"font-weight: 400;\">No es faran reunions presencials de cap mena (equips docents, juntes d\u2019avaluaci\u00f3, claustres\u2026) al centre. Aquestes continuaran essent telem\u00e0tiques, possiblement en horaris diferents a les planificades fins ara, donat que s\u2019han de coordinar les jornades presencials i les telem\u00e0tiques.<\/span><\/p>\n<p><span style=\"font-weight: 400;\">El professorat nom\u00e9s haur\u00e0 d\u2019assistir al centre en els per\u00edodes de temps que hagi de desenvolupar actuacions amb l\u2019alumnat, a petici\u00f3 dels membres de l\u2019equip directiu i\/o per altres raons comunicades amb anterioritat a l\u2019equip.\u00a0<\/span><\/p>\n<p><span style=\"font-weight: 400;\">Per poder realitzar una possible tra\u00e7abilitat posterior, per possibles casos de contagis, el professorat que assisteix al centre de manera espor\u00e0dica haur\u00e0 d\u2019omplir un full resum indicant:<\/span><\/p>\n<ul>\n<li style=\"font-weight: 400;\"><span style=\"font-weight: 400;\">Tots els espais en els que ha estat i les hores d\u2019entrada i sortida de l\u2019espai<\/span><\/li>\n<li style=\"font-weight: 400;\"><span style=\"font-weight: 400;\">Alumnes a qui ha at\u00e8s<\/span><\/li>\n<li style=\"font-weight: 400;\"><span style=\"font-weight: 400;\">Altres persones del centre amb qui ha contactat\u00a0<\/span><\/li>\n<\/ul>\n<p><span style=\"font-weight: 400;\">En l&#8217;assist\u00e8ncia presencial el professorat haur\u00e0 de portar els seus propis materials (ordinador, bol\u00edgrafs\u2026)<\/span> <span style=\"font-weight: 400;\">i el seu EPI personal (obligatori per circular pel carrer).\u00a0<\/span><\/p>\n<h2><b>Espais i mobiliari<\/b><\/h2>\n<p><span style=\"font-weight: 400;\">L\u2019organitzaci\u00f3 d\u2019aquests dies ve marcada per les indicacions i orientacions que donen els responsables de Salut.<\/span><\/p>\n<p><span style=\"font-weight: 400;\">L\u2019alumnat sempre han de ser els mateixos i en el mateix espai, i sempre que sigui possible tamb\u00e9 el docent. En tot cas, si alg\u00fa s\u2019ha de moure, \u00e9s el docent.<\/span><\/p>\n<p><span style=\"font-weight: 400;\">La distribuci\u00f3 dels espais que es faran servir vindr\u00e0 determinada\u00a0 pels principis seg\u00fcents:<\/span><\/p>\n<ol>\n<li style=\"font-weight: 400;\"><span style=\"font-weight: 400;\">La mesura b\u00e0sica de refer\u00e8ncia \u00e9s 4 m<\/span><span style=\"font-weight: 400;\">2 <\/span><span style=\"font-weight: 400;\">per alumne. (*)<\/span><\/li>\n<li style=\"font-weight: 400;\"><span style=\"font-weight: 400;\">En el cas d\u2019espais que permetin l\u2019ocupaci\u00f3 per m\u00e9s d\u2019un grup d\u2019alumnes, aquests hauran d\u2019estar clarament separats entre si.<\/span><\/li>\n<li style=\"font-weight: 400;\"><span style=\"font-weight: 400;\">Si\u00a0 la\u00a0 superf\u00edcie\u00a0 dels\u00a0 espais\u00a0 no\u00a0 permeten\u00a0 acollir\u00a0 la\u00a0 r\u00e0tio\u00a0 establerta respectant els 4 m<\/span><span style=\"font-weight: 400;\">2<\/span><span style=\"font-weight: 400;\"> per alumne, caldr\u00e0 adequar la seva ocupaci\u00f3.<\/span><\/li>\n<\/ol>\n<p><span style=\"font-weight: 400;\">(*) Respecte a l\u2019espai de refer\u00e8ncia prendrem com a mesura\u00a0 8 m<\/span><span style=\"font-weight: 400;\">2 <\/span><span style=\"font-weight: 400;\">\u00a0pel professorat.<\/span><\/p>\n<p><span style=\"font-weight: 400;\">S\u2019analitzaran tots els espais del centre per determinar la seva ocupaci\u00f3 m\u00e0xima.<\/span><\/p>\n<p><span style=\"font-weight: 400;\">Les instruccions sobre la neteja dels espais i del mobiliari que es faran servir al centre s\u2019indiquen en l\u2019apartat de <\/span><b>normes i protocols<\/b><span style=\"font-weight: 400;\">.\u00a0\u00a0<\/span><\/p>\n<h2><b>Alumnat<\/b><\/h2>\n<p><span style=\"font-weight: 400;\">En funci\u00f3 de les activitats previstes en les diferents fases hem de recordar que l&#8217;assist\u00e8ncia al centre <\/span><b>\u00e9s volunt\u00e0ria<\/b><span style=\"font-weight: 400;\"> per a l\u2019alumnat.\u00a0<\/span><\/p>\n<p><span style=\"font-weight: 400;\">L\u2019alumnat que vulgui venir al centre <\/span><b>ha de contestar unes preguntes<\/b><span style=\"font-weight: 400;\"> per determinar les seves necessitats. Aquesta enquesta \u00e9s realitzar\u00e0 via formulari de Gsuite associat al compte de correu de l\u2019alumnat i servir\u00e0 per planificar les actuacions. Estar\u00e0 disponible a la seg\u00fcent adre\u00e7a: <\/span><a href=\"https:\/\/forms.gle\/KDqGeCjmeAUqyhRB7\"><b>https:\/\/forms.gle\/KDqGeCjmeAUqyhRB7<\/b><\/a><\/p>\n<p><span style=\"font-weight: 400;\">En els casos excepcionals d\u2019alumnes i\/o fam\u00edlies que no puguin omplir-la, es podr\u00e0 comunicar per tel\u00e8fon al n\u00famero <\/span><b>634 289 921<\/b><span style=\"font-weight: 400;\">\u00a0 (Horari: de 09:30 h. fins a les 13:00 h. de dilluns a divendres).<\/span><\/p>\n<p><span style=\"font-weight: 400;\">L\u2019alumnat que manifesti la seva necessitat d\u2019assistir al centre ha de portar la seva <\/span><b>declaraci\u00f3 responsable signada<\/b><span style=\"font-weight: 400;\"> per poder accedir a l\u2019edifici, els seus propis materials i EPI (equips de protecci\u00f3 individuals). <\/span><i><span style=\"font-weight: 400;\">Veure apartat de Normes i protocols<\/span><\/i><span style=\"font-weight: 400;\">.<\/span><\/p>\n<p><a href=\"https:\/\/documents.espai.educacio.gencat.cat\/FormularisModels\/CentresGestioAdministrativa\/A817.pdf\"><span style=\"font-weight: 400;\">Declaraci\u00f3 responsable per a les fam\u00edlies d&#8217;alumnes d&#8217;educaci\u00f3 secund\u00e0ria obligat\u00f2ria, batxillerat i cicles formatius\u00a0<\/span><\/a><\/p>\n<h2><b>Normes i protocols<\/b><\/h2>\n<h3><b>Sobre ventilaci\u00f3, neteja i desinfecci\u00f3 d\u2019espais:<\/b><\/h3>\n<p><span style=\"font-weight: 400;\">Es seguiran les indicacions de l\u2019<\/span><b>Annex<\/b><span style=\"font-weight: 400;\"> de la <\/span><a href=\"https:\/\/documents.espai.educacio.gencat.cat\/IPCNormativa\/DisposicionsInternes\/Inst-obertura-centres.pdf\"><span style=\"font-weight: 400;\">Instrucci\u00f3 per a l\u2019organitzaci\u00f3 de l\u2019obertura dels centres educatius<\/span><\/a> <b>Punt 2<\/b><span style=\"font-weight: 400;\"> VENTILACI\u00d3, NETEJA I DESINFECCI\u00d3 D\u2019ESPAIS (a partir de la p\u00e0gina 15)<\/span><\/p>\n<h3><b>Sobre mesures de protecci\u00f3 i prevenci\u00f3:<\/b><\/h3>\n<p><span style=\"font-weight: 400;\">Es seguiran les indicacions de l\u2019<\/span><b>Annex<\/b><span style=\"font-weight: 400;\"> de la <\/span><a href=\"https:\/\/documents.espai.educacio.gencat.cat\/IPCNormativa\/DisposicionsInternes\/Inst-obertura-centres.pdf\"><span style=\"font-weight: 400;\">Instrucci\u00f3 per a l\u2019organitzaci\u00f3 de l\u2019obertura dels centres educatius<\/span><\/a> <b>Punt 1<\/b><span style=\"font-weight: 400;\"> 1. MESURES DE PROTECCI\u00d3 I PREVENCI\u00d3 (p\u00e0gines 13-15)<\/span><\/p>\n<h3><b>Sobre la mobilitat dins del centre:<\/b><\/h3>\n<p><b>Entrades i sortides<\/b><\/p>\n<p><span style=\"font-weight: 400;\">En les hores d\u2019inici i final de les activitats educatives, les entrades i sortides del centre s\u2019han de fer en diferents horaris i de forma esglaonada per evitar aglomeracions i sempre mantenint la dist\u00e0ncia de seguretat i aprofitant els possibles diferents accessos a la instal\u00b7laci\u00f3.<\/span><\/p>\n<p><span style=\"font-weight: 400;\">L\u2019alumnat ha d\u2019arribar a l\u2019hora citada i no pot quedar-se als voltants del centre.<\/span><\/p>\n<p><b>Circulaci\u00f3 pels passadissos<\/b><\/p>\n<p><span style=\"font-weight: 400;\">Els docents hauran de vetllar perqu\u00e8 l\u2019alumnat no coincideixi als passadissos i als lavabos a fi d\u2019evitar aglomeracions i mantenir la dist\u00e0ncia f\u00edsica. Per evitar l\u2019aglomeraci\u00f3 de persones en un lloc del centre caldr\u00e0 seguir els circuits establerts. Cal circular en tot moment per la part indicada dels passadissos i escales.<\/span><\/p>\n<p>&nbsp;<\/p>\n<h1><b>Fases i actuacions<\/b><\/h1>\n<h2><b>Per\u00edode de preobertura. Abans del 8 de juny<\/b><\/h2>\n<p><span style=\"font-weight: 400;\">En aquesta fase es duran a terme les seg\u00fcents actuacions:<\/span><\/p>\n<ul>\n<li style=\"font-weight: 400;\"><span style=\"font-weight: 400;\">Neteja exhaustiva i desinfecci\u00f3 de tots els espais del centre<\/span><\/li>\n<li style=\"font-weight: 400;\"><span style=\"font-weight: 400;\">Senyalitzaci\u00f3 de les instal\u00b7lacions del centre<\/span><\/li>\n<li style=\"font-weight: 400;\"><span style=\"font-weight: 400;\">Desenvolupament de l\u2019enquesta a l\u2019alumnat<\/span><\/li>\n<li style=\"font-weight: 400;\"><span style=\"font-weight: 400;\">An\u00e0lisi de capacitat i disponibilitat d\u2019espais de centre<\/span><\/li>\n<li style=\"font-weight: 400;\"><span style=\"font-weight: 400;\">Elaboraci\u00f3 del pla d\u2019obertura<\/span><\/li>\n<\/ul>\n<p>&nbsp;<\/p>\n<h2><b>Per\u00edode del 8 de juny fins el 19 de juny<\/b><\/h2>\n<p><b>El centre romandr\u00e0 obert des de les 9:30h fins les 13:30h<\/b><\/p>\n<h3><b>Atenci\u00f3 a l\u2019alumnat<\/b><\/h3>\n<p><span style=\"font-weight: 400;\">En aquest per\u00edode no es desenvoluparan classes est\u00e0ndards, no hi hauran activitats d\u2019ensenyament ni ex\u00e0mens presencials. Aquest conjunt d\u2019activitats continuen essent telem\u00e0tiques.<\/span><\/p>\n<p><span style=\"font-weight: 400;\">L\u2019alumnat abans d\u2019entrar al centre ha de portar la seva declaraci\u00f3 responsable signada. <\/span><a href=\"https:\/\/documents.espai.educacio.gencat.cat\/FormularisModels\/CentresGestioAdministrativa\/A817.pdf\"><span style=\"font-weight: 400;\">Declaraci\u00f3 responsable per a les fam\u00edlies d&#8217;alumnes d&#8217;educaci\u00f3 secund\u00e0ria obligat\u00f2ria, batxillerat i cicles formatius\u00a0<\/span><\/a><\/p>\n<p><span style=\"font-weight: 400;\">Les activitats que hem previst desenvolupar amb l\u2019alumnat s\u00f3n:<\/span><\/p>\n<ul>\n<li style=\"font-weight: 400;\"><span style=\"font-weight: 400;\">Tutoria individualitzada<\/span><\/li>\n<li style=\"font-weight: 400;\"><span style=\"font-weight: 400;\">Suport en la preparaci\u00f3 a les PAU (alumnat 2n Batxillerat)<\/span><\/li>\n<li style=\"font-weight: 400;\"><span style=\"font-weight: 400;\">Orientaci\u00f3-Atenci\u00f3 psicopedag\u00f2gica individualitzada<\/span><\/li>\n<\/ul>\n<p><b>Les atencions individualitzades<\/b><span style=\"font-weight: 400;\"> (per tutoria, orientaci\u00f3 i\/o atenci\u00f3 psicopedag\u00f2gica) es desenvoluparan <\/span><b>exclusivament amb cita concertada<\/b><span style=\"font-weight: 400;\"> entre l\u2019alumnat i el professorat que doni el suport. Aquesta cita concertada estar\u00e0 planificada per l\u2019equip directiu que indicar\u00e0 l\u2019espai a fer servir, el dia, l\u2019hora i la durada prevista per tal de garantir la tra\u00e7abilitat indicada.<\/span><\/p>\n<p><span style=\"font-weight: 400;\">Les informacions de la cita concertada s\u2019enviaran per correu electr\u00f2nic (als comptes de l\u2019alumne i del seu primer responsable, en els casos de l\u2019alumnat menor d\u2019edat).<\/span><\/p>\n<p><span style=\"font-weight: 400;\">Pr\u00e8viament a la cita, la fam\u00edlia ha hagut de fer la demanda omplint el formulari habilitat a tal efecte.<\/span><\/p>\n<p><span style=\"font-weight: 400;\">En els casos que el professorat, les tutores i\/o altre personal del centre consideri que ha de mantenir una entrevista presencial amb algun\/na alumne\/a (tenint en compte la seva situaci\u00f3) ser\u00e0 el o ella qui informi a l\u2019equip directiu per tal de planificar-la.\u00a0<\/span><\/p>\n<p><span style=\"font-weight: 400;\">En els casos de <\/span><b>suport en la preparaci\u00f3<\/b><span style=\"font-weight: 400;\"> a les PAU s\u2019organitzaran de la seg\u00fcent manera:<\/span><\/p>\n<ul>\n<li style=\"font-weight: 400;\"><span style=\"font-weight: 400;\">No totes les mat\u00e8ries s\u00f3n susceptibles de tenir suport presencial per la situaci\u00f3 d\u2019una part del professorat. En aquest casos continuar\u00e0 essent telem\u00e0tic.<\/span><\/li>\n<li style=\"font-weight: 400;\"><span style=\"font-weight: 400;\">L\u2019alumnat decidir\u00e0 sobre quines mat\u00e8ries necessita suport abans de venir al centre. Se li\u00a0 donar\u00e0 acc\u00e9s a un formulari per a que pugui indicar-les.<\/span><\/li>\n<li style=\"font-weight: 400;\"><span style=\"font-weight: 400;\">S\u2019enviar\u00e0 per correu electr\u00f2nic a l\u2019alumnat interessat l\u2019horari de suport presencial de cada mat\u00e8ria.<\/span><\/li>\n<li style=\"font-weight: 400;\"><span style=\"font-weight: 400;\">Est\u00e0 previst que la durada de cada franja de suport sigui de 1,5 hores di\u00e0ries com a m\u00e0xim (en funci\u00f3 de l\u2019alumnat) per tal de minimitzar la mobilitat de l\u2019alumnat i del professorat.<\/span><\/li>\n<\/ul>\n<h3><b>Tr\u00e0mits administratius<\/b><\/h3>\n<p><span style=\"font-weight: 400;\">L\u2019horari dels tr\u00e0mits administratius es marquen entre les 9:30h fins 11:00h i de 11:30h fins 13:30h<\/span><\/p>\n<p><span style=\"font-weight: 400;\">Per realitzar els tr\u00e0mits \u00e9s imprescindible demanar cita previa trucant al <\/span><b>933073402<\/b><\/p>\n<h3><b>Manteniment d\u2019infraestructures de centre<\/b><\/h3>\n<p><span style=\"font-weight: 400;\">Es realitzaran les tasques de manteniment que siguin necess\u00e0ries<\/span><\/p>\n<p>&nbsp;<\/p>\n<h2><b>Per\u00edode del 22 de juny fins al 30 de juny<\/b><\/h2>\n<p>&nbsp;<\/p>\n<p><b>El centre romandr\u00e0 obert des de les 9:30h fins les 13:30h<\/b><\/p>\n<h3><b>Atenci\u00f3 a l\u2019alumnat: Recollida de materials<\/b><\/h3>\n<p><span style=\"font-weight: 400;\">Tots aquells alumnes que en el formulari hagin indicat la necessitat de venir al centre a recollir material, se\u2019ls comunicar\u00e0 al seu mail a partir del 22 de juny el dia i l\u2019hora que podran accedir al centre.<\/span><\/p>\n<h3><b>Tr\u00e0mits administratius<\/b><\/h3>\n<p><span style=\"font-weight: 400;\">L\u2019horari dels tr\u00e0mits administratius es marquen entre les 9:30h fins 11:00h i de 11:30h fins 13:30h<\/span><\/p>\n<p><span style=\"font-weight: 400;\">Per realitzar els tr\u00e0mits \u00e9s imprescindible demanar cita previa trucant al tel\u00e8fon <\/span><b>933073402<\/b><span style=\"font-weight: 400;\">.<\/span><\/p>\n<p><span style=\"font-weight: 400;\">Pel lliurament de les matr\u00edcules internes (alumnat del centre) s\u2019establir\u00e0 un calendari que ser\u00e0 comunicat a les fam\u00edlies.<\/span><\/p>\n<h3><b>Manteniment d\u2019infraestructures de centre<\/b><\/h3>\n<p><span style=\"font-weight: 400;\">Es realitzaran les tasques de manteniment que siguin necess\u00e0ries seguint tots els protocols normatius.<\/span><\/p>\n<h3><b>Actuacions especials.\u00a0<\/b><\/h3>\n<h4><i><span style=\"font-weight: 400;\">Proves d\u2019acc\u00e9s<\/span><\/i><\/h4>\n<p><span style=\"font-weight: 400;\">L\u2019organitzaci\u00f3 de les proves tindr\u00e0 el seu propi document amb el\u00a0 seu desenvolupament.\u00a0<\/span><\/p>\n<h4><i><span style=\"font-weight: 400;\">Final nacional online de la First Lego League<\/span><\/i><\/h4>\n<p><span style=\"font-weight: 400;\">L\u2019organitzaci\u00f3 de la final tindr\u00e0 el seu propi document amb el seu desenvolupament.\u00a0<\/span><\/p>\n<h1><b>Validaci\u00f3 i difusi\u00f3 del pla<\/b><\/h1>\n<p><span style=\"font-weight: 400;\">Aquest pla es comunicar\u00e0 a la Inspecci\u00f3 educativa per la seva validaci\u00f3 i posada en funcionament i, una vegada validat, mitjan\u00e7ant correu electr\u00f2nic al Consell Escolar del centre.<\/span><\/p>\n<p><span style=\"font-weight: 400;\">Per a la seva difusi\u00f3 es faran servir els seg\u00fcents canals de comunicaci\u00f3:<\/span><\/p>\n<ul>\n<li style=\"font-weight: 400;\"><span style=\"font-weight: 400;\">Not\u00edcia Web espec\u00edfica sobre l&#8217;obertura del centre que l\u2019inclogui<\/span><\/li>\n<li style=\"font-weight: 400;\"><span style=\"font-weight: 400;\">Xarxa social Twitter<\/span><\/li>\n<li style=\"font-weight: 400;\"><span style=\"font-weight: 400;\">Xarxa social Telegram<\/span><\/li>\n<li style=\"font-weight: 400;\"><span style=\"font-weight: 400;\">Plataformes de comunicaci\u00f3 amb les fam\u00edlies (Clickedu i Dinantia)<\/span><\/li>\n<\/ul>\n<p><span style=\"font-weight: 400;\">\u00a0<\/span><\/p>\n<p>&nbsp;<\/p>\n","protected":false},"excerpt":{"rendered":"<p>Introducci\u00f3<br \/>\nMarc Legal<br \/>\nEn data 20 de maig el Departament d\u2019Educaci\u00f3 va comunicar el <a href=\"https:\/\/documents.espai.educacio.gencat.cat\/IPCNormativa\/DisposicionsInternes\/Pla-reobertura-centres-fase2.pdf\">Pla d\u2019obertura de centres educatius en fase 2<\/a> de desescalada en la finalitzaci\u00f3 del curs 2019-2020 i per a l\u2019organitzaci\u00f3 i funcionament dels centres i els estudis del curs 2020-2021\u00a0<br \/>\nAmb posterioritat es&hellip;  <a href=\"https:\/\/agora.xtec.cat\/insjoandaustria\/general\/pla-reobertura-del-centre-juny-2020\/\" title=\"Read Pla reobertura del centre. Juny 2020\">Llegeix m\u00e9s\u00bb<\/a><\/p>\n","protected":false},"author":4,"featured_media":0,"comment_status":"closed","ping_status":"closed","sticky":false,"template":"","format":"standard","meta":{"_bbp_topic_count":0,"_bbp_reply_count":0,"_bbp_total_topic_count":0,"_bbp_total_reply_count":0,"_bbp_voice_count":0,"_bbp_anonymous_reply_count":0,"_bbp_topic_count_hidden":0,"_bbp_reply_count_hidden":0,"_bbp_forum_subforum_count":0,"footnotes":""},"categories":[1,29],"tags":[],"class_list":["post-7665","post","type-post","status-publish","format-standard","hentry","category-general","category-portada"],"post_mailing_queue_ids":[],"_links":{"self":[{"href":"https:\/\/agora.xtec.cat\/insjoandaustria\/wp-json\/wp\/v2\/posts\/7665","targetHints":{"allow":["GET"]}}],"collection":[{"href":"https:\/\/agora.xtec.cat\/insjoandaustria\/wp-json\/wp\/v2\/posts"}],"about":[{"href":"https:\/\/agora.xtec.cat\/insjoandaustria\/wp-json\/wp\/v2\/types\/post"}],"author":[{"embeddable":true,"href":"https:\/\/agora.xtec.cat\/insjoandaustria\/wp-json\/wp\/v2\/users\/4"}],"replies":[{"embeddable":true,"href":"https:\/\/agora.xtec.cat\/insjoandaustria\/wp-json\/wp\/v2\/comments?post=7665"}],"version-history":[{"count":2,"href":"https:\/\/agora.xtec.cat\/insjoandaustria\/wp-json\/wp\/v2\/posts\/7665\/revisions"}],"predecessor-version":[{"id":7667,"href":"https:\/\/agora.xtec.cat\/insjoandaustria\/wp-json\/wp\/v2\/posts\/7665\/revisions\/7667"}],"wp:attachment":[{"href":"https:\/\/agora.xtec.cat\/insjoandaustria\/wp-json\/wp\/v2\/media?parent=7665"}],"wp:term":[{"taxonomy":"category","embeddable":true,"href":"https:\/\/agora.xtec.cat\/insjoandaustria\/wp-json\/wp\/v2\/categories?post=7665"},{"taxonomy":"post_tag","embeddable":true,"href":"https:\/\/agora.xtec.cat\/insjoandaustria\/wp-json\/wp\/v2\/tags?post=7665"}],"curies":[{"name":"wp","href":"https:\/\/api.w.org\/{rel}","templated":true}]}}