{"id":7552,"date":"2020-05-14T11:32:54","date_gmt":"2020-05-14T09:32:54","guid":{"rendered":"http:\/\/agora.xtec.cat\/insjoandaustria\/?p=7552"},"modified":"2020-05-14T15:20:48","modified_gmt":"2020-05-14T13:20:48","slug":"participacio-a-lolimpiada-informatica-catalana","status":"publish","type":"post","link":"https:\/\/agora.xtec.cat\/insjoandaustria\/batxillerat\/participacio-a-lolimpiada-informatica-catalana\/","title":{"rendered":"Participaci\u00f3 a l&#8217;olimp\u00edada inform\u00e0tica catalana"},"content":{"rendered":"<p>L&#8217;alumnat de batxillerat de l&#8217;optativa d&#8217;inform\u00e0tica participar\u00e0 en un concurs. Aquest proper dissabte 16 de maig participaran en l&#8217;<a href=\"https:\/\/olimpiada-informatica.cat\/\">olimp\u00edada inform\u00e0tica catalana<\/a>. Degut al covid19 no van poder participar a activitats externes ja planificades com: el concurs<a href=\"https:\/\/www.hpcodewarsbcn.com\/\"> HPCodeWars<\/a> o impartint un taller de <a href=\"https:\/\/github.com\/sergiperez\/tallerTelegramBot\">bots (Telegram)<\/a> al <a href=\"http:\/\/www.ensenyament.com\/ca\">sal\u00f3 de l&#8217;ensenyament<\/a>.<\/p>\n<p><strong>Per\u00f2 ara s\u00ed! <\/strong><\/p>\n<ul>\n<li><strong>Alejandro Mart\u00ednez<\/strong><\/li>\n<li><strong>Jianjing Niu<\/strong><\/li>\n<li><strong>Harun Meraga<\/strong><\/li>\n<li><strong>Guillem P\u00e9rez<\/strong><\/li>\n<\/ul>\n<p><strong>Intentaran resoldre tot de reptes mitjan\u00e7ant les seves habilitats pythonianes.<\/strong><\/p>\n<p>Que gaudiu molt!!!!\u00a0 Seguirem informant.<\/p>\n\n\t\t<style type=\"text\/css\">\n\t\t\t#gallery-1 {\n\t\t\t\tmargin: auto;\n\t\t\t}\n\t\t\t#gallery-1 .gallery-item {\n\t\t\t\tfloat: left;\n\t\t\t\tmargin-top: 10px;\n\t\t\t\ttext-align: center;\n\t\t\t\twidth: 33%;\n\t\t\t}\n\t\t\t#gallery-1 img {\n\t\t\t\tborder: 2px solid #cfcfcf;\n\t\t\t}\n\t\t\t#gallery-1 .gallery-caption {\n\t\t\t\tmargin-left: 0;\n\t\t\t}\n\t\t\t\/* see gallery_shortcode() in wp-includes\/media.php *\/\n\t\t<\/style>\n\t\t<div id='gallery-1' class='gallery galleryid-7552 gallery-columns-3 gallery-size-medium'><dl class='gallery-item'>\n\t\t\t<dt class='gallery-icon landscape'>\n\t\t\t\t<img loading=\"lazy\" decoding=\"async\" width=\"300\" height=\"143\" src=\"https:\/\/agora.xtec.cat\/insjoandaustria\/wp-content\/uploads\/usu216\/2020\/05\/logo-2020-300x143.png\" class=\"attachment-medium size-medium\" alt=\"\" srcset=\"https:\/\/agora.xtec.cat\/insjoandaustria\/wp-content\/uploads\/usu216\/2020\/05\/logo-2020-300x143.png 300w, https:\/\/agora.xtec.cat\/insjoandaustria\/wp-content\/uploads\/usu216\/2020\/05\/logo-2020-768x366.png 768w, https:\/\/agora.xtec.cat\/insjoandaustria\/wp-content\/uploads\/usu216\/2020\/05\/logo-2020.png 1024w\" sizes=\"auto, (max-width: 300px) 100vw, 300px\" \/>\n\t\t\t<\/dt><\/dl><dl class='gallery-item'>\n\t\t\t<dt class='gallery-icon landscape'>\n\t\t\t\t<img loading=\"lazy\" decoding=\"async\" width=\"300\" height=\"280\" src=\"https:\/\/agora.xtec.cat\/insjoandaustria\/wp-content\/uploads\/usu216\/2020\/05\/logo-oicat-300x280.png\" class=\"attachment-medium size-medium\" alt=\"\" srcset=\"https:\/\/agora.xtec.cat\/insjoandaustria\/wp-content\/uploads\/usu216\/2020\/05\/logo-oicat-300x280.png 300w, https:\/\/agora.xtec.cat\/insjoandaustria\/wp-content\/uploads\/usu216\/2020\/05\/logo-oicat-768x716.png 768w, https:\/\/agora.xtec.cat\/insjoandaustria\/wp-content\/uploads\/usu216\/2020\/05\/logo-oicat-1024x955.png 1024w\" sizes=\"auto, (max-width: 300px) 100vw, 300px\" \/>\n\t\t\t<\/dt><\/dl>\n\t\t\t<br style='clear: both' \/>\n\t\t<\/div>\n\n<p>&nbsp;<\/p>\n","protected":false},"excerpt":{"rendered":"<p>L&#8217;alumnat de batxillerat de l&#8217;optativa d&#8217;inform\u00e0tica participar\u00e0 en un concurs. Aquest proper dissabte 16 de maig participaran en l&#8217;<a href=\"https:\/\/olimpiada-informatica.cat\/\">olimp\u00edada inform\u00e0tica catalana<\/a>. Degut al covid19 no van poder participar a activitats externes ja planificades com: el concurs<a href=\"https:\/\/www.hpcodewarsbcn.com\/\"> HPCodeWars<\/a> o impartint un taller de <a&hellip;  <a href=\"https:\/\/agora.xtec.cat\/insjoandaustria\/batxillerat\/participacio-a-lolimpiada-informatica-catalana\/\" title=\"Read Participaci\u00f3 a l&#8217;olimp\u00edada inform\u00e0tica catalana\">Llegeix m\u00e9s\u00bb<\/a><\/p>\n","protected":false},"author":11,"featured_media":7554,"comment_status":"closed","ping_status":"closed","sticky":false,"template":"","format":"standard","meta":{"_bbp_topic_count":0,"_bbp_reply_count":0,"_bbp_total_topic_count":0,"_bbp_total_reply_count":0,"_bbp_voice_count":0,"_bbp_anonymous_reply_count":0,"_bbp_topic_count_hidden":0,"_bbp_reply_count_hidden":0,"_bbp_forum_subforum_count":0,"footnotes":""},"categories":[8,29],"tags":[],"class_list":["post-7552","post","type-post","status-publish","format-standard","has-post-thumbnail","hentry","category-batxillerat","category-portada"],"post_mailing_queue_ids":[],"_links":{"self":[{"href":"https:\/\/agora.xtec.cat\/insjoandaustria\/wp-json\/wp\/v2\/posts\/7552","targetHints":{"allow":["GET"]}}],"collection":[{"href":"https:\/\/agora.xtec.cat\/insjoandaustria\/wp-json\/wp\/v2\/posts"}],"about":[{"href":"https:\/\/agora.xtec.cat\/insjoandaustria\/wp-json\/wp\/v2\/types\/post"}],"author":[{"embeddable":true,"href":"https:\/\/agora.xtec.cat\/insjoandaustria\/wp-json\/wp\/v2\/users\/11"}],"replies":[{"embeddable":true,"href":"https:\/\/agora.xtec.cat\/insjoandaustria\/wp-json\/wp\/v2\/comments?post=7552"}],"version-history":[{"count":3,"href":"https:\/\/agora.xtec.cat\/insjoandaustria\/wp-json\/wp\/v2\/posts\/7552\/revisions"}],"predecessor-version":[{"id":7563,"href":"https:\/\/agora.xtec.cat\/insjoandaustria\/wp-json\/wp\/v2\/posts\/7552\/revisions\/7563"}],"wp:featuredmedia":[{"embeddable":true,"href":"https:\/\/agora.xtec.cat\/insjoandaustria\/wp-json\/wp\/v2\/media\/7554"}],"wp:attachment":[{"href":"https:\/\/agora.xtec.cat\/insjoandaustria\/wp-json\/wp\/v2\/media?parent=7552"}],"wp:term":[{"taxonomy":"category","embeddable":true,"href":"https:\/\/agora.xtec.cat\/insjoandaustria\/wp-json\/wp\/v2\/categories?post=7552"},{"taxonomy":"post_tag","embeddable":true,"href":"https:\/\/agora.xtec.cat\/insjoandaustria\/wp-json\/wp\/v2\/tags?post=7552"}],"curies":[{"name":"wp","href":"https:\/\/api.w.org\/{rel}","templated":true}]}}