{"id":7012,"date":"2020-05-09T19:31:35","date_gmt":"2020-05-09T17:31:35","guid":{"rendered":"http:\/\/agora.xtec.cat\/insjoandaustria\/?p=7012"},"modified":"2020-07-14T10:11:58","modified_gmt":"2020-07-14T08:11:58","slug":"proves-dacces-2020","status":"publish","type":"post","link":"https:\/\/agora.xtec.cat\/insjoandaustria\/general\/proves-dacces-2020\/","title":{"rendered":"Proves d&#8217;acc\u00e9s 2020"},"content":{"rendered":"<p><strong>\u00c9s obligatori l\u2019\u00fas de la mascareta a entrada i sortida del centre i fins que l\u2019aspirant ocupi el seu lloc d\u2019examen, despr\u00e9s dependr\u00e0 de si \u00e9s pot mantenir la dist\u00e0ncia de seguretat.<\/strong><\/p>\n<h2>Data i hora de la convocat\u00f2ria:<\/h2>\n<ul>\n<li><strong>GRAU MITJ\u00c0:<\/strong>\n<ul>\n<li>Prova: 25 de juny de 2020 a les 8.30 h (En el cas d&#8217;haver de convocar els aspirants en dos grups separats, es notificar\u00e0 per correu electr\u00f2nic als aspirants admesos.)<\/li>\n<\/ul>\n<\/li>\n<li><strong>GRAU SUPERIOR:<\/strong>\n<ul>\n<li>Part comuna:\u00a029\u00a0de\u00a0juny\u00a0de\u00a02020 a les 8.30 h (En el cas d&#8217;haver de convocar els aspirants en dos grups separats, es notificar\u00e0 per correu electr\u00f2nic als aspirants admesos.)<\/li>\n<li>Part espec\u00edfica: 30 de juny de 2020 a les 8.30 h (En el cas d&#8217;haver de convocar els aspirants en dos grups separats, es notificar\u00e0 per correu electr\u00f2nic als aspirants admesos.)<\/li>\n<\/ul>\n<\/li>\n<li><strong>CONVOCAT\u00d2RIA D&#8217;INCID\u00c8NCIES GRAU MITJ\u00c0<\/strong>\n<ul>\n<li>Prova: 2 de juliol de 2020 8:45h<\/li>\n<li><a href=\"https:\/\/agora.xtec.cat\/insjoandaustria\/wp-content\/uploads\/usu216\/2020\/05\/GSA_PACF_008_ADMESOS_INCIDENCIES_GSA_PACF_008_Admesos_Incidencies_2020-CGM-03.pdf\">Llista d&#8217;admesos a la convocat\u00f2ria d&#8217;incid\u00e8ncies de grau mitj\u00e0<\/a><\/li>\n<\/ul>\n<\/li>\n<li><strong>CONVOCAT\u00d2RIA D&#8217;INCID\u00c8NCIES GRAU SUPERIOR<\/strong>\n<ul>\n<li>Prova: 6 de juliol de 2020 Comunes a les 8:45h &#8211; Espec\u00edfiques a les 15:45h.<\/li>\n<li><a href=\"https:\/\/agora.xtec.cat\/insjoandaustria\/wp-content\/uploads\/usu216\/2020\/05\/GSA_PACF_008_ADMESOS_INCIDENCIES_GSA_PACF_008_Admesos_Incidencies_2020-CGS-03.pdf\">Llista d&#8217;admesos a la convocat\u00f2ria d&#8217;incid\u00e8ncies de grau superior<\/a><\/li>\n<\/ul>\n<\/li>\n<\/ul>\n<p><strong>Per evitar aglomeracions en l&#8217;entrada del centre rebreu l&#8217;hora concreta de la convocat\u00f2ria en un correu electr\u00f2nic.<\/strong><\/p>\n<h2>Calendari general<\/h2>\n<p>Totes les dates del mes de juny i posteriors s\u00f3n provisionals i podran patir modificacions en funci\u00f3 de com evolucioni la pand\u00e8mia.<\/p>\n<ul>\n<li><strong>Inscripci\u00f3<\/strong>: del 13 al 21 de maig de 2020<\/li>\n<li><strong>Llista provisional d\u2019admesos i exclosos<\/strong>: 5 de juny de 2020<\/li>\n<li><strong>Llistat definitiu d\u2019admesos i exclosos<\/strong>: 19 de juny de 2020<\/li>\n<li><strong>Prova de GM<\/strong>: 25 de juny<\/li>\n<li><strong>Prova de GS<\/strong>: part comuna 29 de juny de 2020; part espec\u00edfica 30 de juny de 2020<\/li>\n<li><strong>Prova d\u2019incid\u00e8ncies GM<\/strong>: 2 de juliol de 2020<\/li>\n<li><strong>Prova d\u2019incid\u00e8ncies GS<\/strong>: 6 de juliol de 2020<\/li>\n<li><strong>Llistat provisional de qualificacions<\/strong>: 8 de juliol de 2020\n<ul>\n<li><strong><a href=\"http:\/\/ensenyament.gencat.cat\/ca\/serveis-tramits\/proves\/proves-acces\/gm-fp\/consulta-resultats\/\">CONSULTA DE RESULTATS GM<\/a><\/strong><\/li>\n<li><strong><a href=\"http:\/\/ensenyament.gencat.cat\/ca\/serveis-tramits\/proves\/proves-acces\/gs-fp\/consulta-resultats\/\">CONSULTA DE RESULTATS GS<\/a><\/strong><\/li>\n<\/ul>\n<\/li>\n<li><strong>Termini per presentar reclamacions mitjan\u00e7ant un correu electr\u00f2nic a la b\u00fastia corporativa del centre seu triat per fer la prova<\/strong>: del 9 al 13 de juliol de 2020<\/li>\n<li><strong>Llistat definitiu de qualificacions:<\/strong> 14 de juliol de 2020\n<ul>\n<li>\n<div><b>grau mitj\u00e0:\u00a0<\/b><a href=\"http:\/\/ensenyament.gencat.cat\/ca\/serveis-tramits\/proves\/proves-acces\/gm-fp\/consulta-resultats\/\" target=\"_blank\" rel=\"noopener noreferrer\" data-saferedirecturl=\"https:\/\/www.google.com\/url?q=http:\/\/ensenyament.gencat.cat\/ca\/serveis-tramits\/proves\/proves-acces\/gm-fp\/consulta-resultats\/&amp;source=gmail&amp;ust=1594800216285000&amp;usg=AFQjCNGbpty2dyPGjXh9xlNt44dIfnnhxQ\">http:\/\/ensenyament.gencat.cat\/<wbr \/>ca\/serveis-tramits\/proves\/<wbr \/>proves-acces\/gm-fp\/consulta-<wbr \/>resultats\/<\/a><\/div>\n<\/li>\n<li>\n<div><b>grau superior:\u00a0<\/b><a id=\"m_-2794853615295872997LPlnk706160\" href=\"http:\/\/ensenyament.gencat.cat\/ca\/serveis-tramits\/proves\/proves-acces\/gs-fp\/consulta-resultats\/\" target=\"_blank\" rel=\"noopener noreferrer\" data-saferedirecturl=\"https:\/\/www.google.com\/url?q=http:\/\/ensenyament.gencat.cat\/ca\/serveis-tramits\/proves\/proves-acces\/gs-fp\/consulta-resultats\/&amp;source=gmail&amp;ust=1594800216286000&amp;usg=AFQjCNH4T92zE7v2Ov9ljFiN0yBc4qCP7g\">http:\/\/ensenyament.gencat.cat\/<wbr \/>ca\/serveis-tramits\/proves\/<wbr \/>proves-acces\/gs-fp\/consulta-<wbr \/>resultats\/<\/a><\/div>\n<\/li>\n<\/ul>\n<\/li>\n<li><strong>Emissi\u00f3 de certificats<\/strong>: a partir del 14 de juliol de 2020<\/li>\n<\/ul>\n<h2>Presentaci\u00f3 de la sol\u00b7licitud d&#8217;inscripci\u00f3<\/h2>\n<p>Per presentar la sol\u00b7licitud d&#8217;inscripci\u00f3 caldr\u00e0 utilitzar el formulari telem\u00e0tic disponible al web del Departament d&#8217;Educaci\u00f3.<\/p>\n<ul>\n<li><a href=\"http:\/\/ensenyament.gencat.cat\/ca\/tramits\/tramits-temes\/11014-f-professional-gmitja?category=7445de6a-a82c-11e3-a972-000c29052e2c&amp;moda=1\">Inscripci\u00f3 a les proves d&#8217;acc\u00e9s de cicles formatius de grau mitj\u00e0.<\/a><\/li>\n<li><a href=\"http:\/\/ensenyament.gencat.cat\/ca\/tramits\/tramits-temes\/prova-FP-GS-6949?category=7445de6a-a82c-11e3-a972-000c29052e2c\">Inscripci\u00f3 a les proves d&#8217;acc\u00e9s de cicles formatius de grau superior.<\/a><\/li>\n<\/ul>\n<h2>Presentaci\u00f3 de la documentaci\u00f3<\/h2>\n<p>La documentaci\u00f3 <strong>s&#8217;enviar\u00e0, escanejada o fotografiada<\/strong>, mitjan\u00e7ant correu electr\u00f2nic <strong>a la b\u00fastia del centre escollit per realitzar la prova<\/strong>. El centre enviar\u00e0 un correu d&#8217;acusament de recepci\u00f3 de la documentaci\u00f3.<\/p>\n<ul>\n<li><a href=\"mailto:a8013101+PACFGMdoc@xtec.cat\">Per entrega de documentaci\u00f3 de les PACF de grau mitj\u00e0 clica aqu\u00ed<\/a>.<\/li>\n<li><a href=\"mailto:a8013101+PACFGSdoc@xtec.cat\">Per entrega de documentaci\u00f3 de les PACF de grau superior clica aqu\u00ed<\/a>.<\/li>\n<\/ul>\n<p><strong>De manera excepcional i degudament justificada<\/strong>, per als casos en qu\u00e8 els sol\u00b7licitants no puguin fer la presentaci\u00f3 telem\u00e0tica, els centres hauran d\u2019organitzar la presentaci\u00f3 de sol\u00b7licituds assignant una <strong>cita pr\u00e8via per a l\u2019acc\u00e9s al centre<\/strong>. Podeu <a href=\"https:\/\/aplicacions.gestioeducativa.gencat.cat\/pls\/apex\/f?p=CITA_PREVIA:4::::4:P4_TIPUS_CALENDARI,P4_DOMINI:01_Oblig,08013101\">demanar cita pr\u00e8via fent servir l&#8217;aplicatiu oficial del Departament d&#8217;Educaci\u00f3 fent clic aqu\u00ed<\/a>.<\/p>\n<h2>Publicaci\u00f3 de llistats d\u2019admesos i exclosos i de qualificacions<\/h2>\n<p>La consulta dels resultats s\u2019efectua telem\u00e0ticament des de la p\u00e0gina web del Departament.<\/p>\n<ul>\n<li><a href=\"http:\/\/ensenyament.gencat.cat\/ca\/serveis-tramits\/proves\/proves-acces\/gm-fp\/consulta-resultats\/\">Consulta de resultats de PACF Grau Mitj\u00e0.<\/a><\/li>\n<li><a href=\"http:\/\/ensenyament.gencat.cat\/ca\/serveis-tramits\/proves\/proves-acces\/gs-fp\/consulta-resultats\/\">Consulta de resultats de PACF Grau Superior.<\/a><\/li>\n<\/ul>\n<h2>Presentaci\u00f3 de reclamacions<\/h2>\n<p>Les reclamacions contra les qualificacions provisionals, com tamb\u00e9 les peticions de revisions d\u2019ex\u00e0mens, es presentaran per correu a la b\u00fastia electr\u00f2nica oficial del centre. El centre enviar\u00e0 un correu d\u2019acusament de rebuda de la reclamaci\u00f3.<\/p>\n<ul>\n<li><a href=\"mailto:a8013101+PACFGMreclam@xtec.cat\">Per presentar reclamaci\u00f3 de la nota provisional de les PACF de grau mitj\u00e0 envia un email a: a8013101+PACFGMreclam@xtec.cat<\/a>.<\/li>\n<li><a href=\"mailto:PACFGS+a8013101@xtec.cat\">Per <\/a><a href=\"mailto:a8013101+PACFGSreclam@xtec.cat\">presentar reclamaci\u00f3 de la nota provisional<\/a> <a href=\"mailto:a8013101+PACFGSreclam@xtec.cat\">de les PACF de grau superior envia un email a: a8013101+PACFGSreclam@xtec.cat<\/a>.<\/li>\n<\/ul>\n<p>Pel que fa a les peticions de revisi\u00f3 d\u2019examen, quan l\u2019aspirant demani vista del mateix, se li enviar\u00e0 per correu electr\u00f2nic i es far\u00e0 una revisi\u00f3 preferentment telef\u00f2nica. Com en el cas anterior, excepcionalment, es donar\u00e0 cita pr\u00e8via per atenci\u00f3 presencial.<\/p>\n<h2>Certificats de superaci\u00f3<\/h2>\n<p>Els certificats de superaci\u00f3 de les proves s\u2019enviaran per correu ordinari. En el cas de voler participar en el proc\u00e9s de preinscripci\u00f3 <strong>no caldr\u00e0 presentar-se en el centre a recollir el certificat ja que es creuaran les dades necess\u00e0ries entre proves i preinscripci\u00f3<\/strong>.<\/p>\n<h2>Petici\u00f3 de cita pr\u00e8via<\/h2>\n<p>L&#8217;atenci\u00f3 personal queda reservada a casos excepcionals. La <a href=\"https:\/\/aplicacions.gestioeducativa.gencat.cat\/pls\/apex\/f?p=CITA_PREVIA:4::::4:P4_TIPUS_CALENDARI,P4_DOMINI:01_Oblig,08013101\">cita pr\u00e8via es realitzar\u00e0 mitjan\u00e7ant l&#8217;aplcatiu del departament d&#8217;Educaci\u00f3 fent clic aqu\u00ed<\/a>. L&#8217;atenci\u00f3 personal es realitzar\u00e0 sota les seg\u00fcents consideracions:<\/p>\n<ul>\n<li>Ha de venir el menor nombre possible de persones a fer les gestions (preferiblement, una sola persona)<\/li>\n<li>Cal portar la documentaci\u00f3 per a poder-la escanejar o fotocopiar. Si no cal presentar cap documentaci\u00f3, no cal venir al centre.<\/li>\n<li>\u00c9s altament recomanable portar equips de protecci\u00f3 individuals (mascareta i guants) aix\u00ed com un bol\u00edgraf PROPI per si cal emplenar documentaci\u00f3.<\/li>\n<li>No han d\u2019acudir al centre les persones de grups d&#8217;especial vulnerabilitat o en per\u00edode de confinament, o que presentin s\u00edmptomes; en aquest cas, poden autoritzar per escrit a una altra persona a fer les gestions.<\/li>\n<\/ul>\n<h2>Adre\u00e7a de correu electr\u00f2nic:<\/h2>\n<ul>\n<li><a href=\"mailto:a8013101+PACFGMdoc@xtec.cat\">Per comunicacions, peticions i entrega de documentaci\u00f3 de les PACF de grau mitj\u00e0<\/a>.<\/li>\n<li><a href=\"mailto:a8013101+PACFGSdoc@xtec.cat\">Per comunicacions, peticions i entrega de documentaci\u00f3 de les PACF de grau superior<\/a>.<\/li>\n<\/ul>\n<h2>Tel\u00e8fon de contacte:<\/h2>\n<p>93 307 34 02<\/p>\n<h2>Material espec\u00edfic per les proves:<\/h2>\n<p>En virtut de l'&#8221;<a href=\"https:\/\/www.boe.es\/eli\/es\/o\/2020\/05\/19\/snd422\" target=\"_blank\" rel=\"noopener noreferrer\">Orden SND\/422\/2020, de 19 de mayo, por la que se regulan las condiciones para el uso obligatorio de mascarilla durante la situaci\u00f3n de crisis sanitaria ocasionada por el COVID-19.<\/a>&#8221; <strong>\u00e9s obligatori l&#8217;\u00fas de mascareta<\/strong> per accedir al centre educatiu. Qualsevol persona que <strong>NO PORTI MASCARETA NO PODR\u00c0 ACCEDIR AL CENTRE A LA REALITZACI\u00d3 DE LES PROVES<\/strong>.<\/p>\n<h3>Proves d&#8217;acc\u00e9s CFGM<\/h3>\n<p>Totes els aspirants han de portar bol\u00edgraf blau o negre.\u00a0A m\u00e9s per algunes mat\u00e8ries caldr\u00e0 portar el material espec\u00edfic detallat a continuaci\u00f3.\u00a0Cada persona aspirant ha de portar el seu material, ja que no es permet demanar-lo a d&#8217;altres aspirants.<\/p>\n<div class=\"table-responsive pd-15 pd-30 taula_0\">\n<table class=\"tablesaw table\" data-tablesaw-mode=\"stack\">\n<thead>\n<tr>\n<th scope=\"col\" data-tablesaw-sortable-col=\"\" data-tablesaw-priority=\"persist\">Mat\u00e8ria<\/th>\n<th scope=\"col\" data-tablesaw-sortable-col=\"\" data-tablesaw-sortable-default-col=\"\" data-tablesaw-priority=\"1\">Material espec\u00edfic<\/th>\n<\/tr>\n<\/thead>\n<tbody>\n<tr>\n<td>Compet\u00e8ncia en llengua catalana<\/td>\n<td>Cap material espec\u00edfic<\/td>\n<\/tr>\n<tr>\n<td>Compet\u00e8ncia en llengua castellana<\/td>\n<td>Cap material espec\u00edfic<\/td>\n<\/tr>\n<tr>\n<td>Compet\u00e8ncia en llengua estrangera anglesa<\/td>\n<td>Cap material\u00a0espec\u00edfic<\/td>\n<\/tr>\n<tr>\n<td>Compet\u00e8ncia en llengua estrangera francesa<\/td>\n<td>Cap material\u00a0espec\u00edfic<\/td>\n<\/tr>\n<tr>\n<td>Compet\u00e8ncia social i ciutadana<\/td>\n<td>Calculadora<\/td>\n<\/tr>\n<tr>\n<td>Compet\u00e8ncia matem\u00e0tica<\/td>\n<td>Llapis<br \/>\nGoma d&#8217;esborrar<br \/>\nRegle<br \/>\nEscaire<br \/>\nTransportador d&#8217;angles<br \/>\nTres llapis de colors diferents i<br \/>\nCalculadora<\/td>\n<\/tr>\n<tr>\n<td>Compet\u00e8ncia d&#8217;interacci\u00f3 amb el m\u00f3n f\u00edsic<\/td>\n<td>Calculadora<\/td>\n<\/tr>\n<tr>\n<td>Compet\u00e8ncia en tecnologies<\/td>\n<td>Calculadora<\/td>\n<\/tr>\n<\/tbody>\n<\/table>\n<h3>Proves d&#8217;acc\u00e9s CFGS<\/h3>\n<p>Totes els aspirants han de portar bol\u00edgraf blau o negre.\u00a0A m\u00e9s per algunes mat\u00e8ries caldr\u00e0 portar el material espec\u00edfic detallat a continuaci\u00f3.\u00a0Cada persona aspirant ha de portar el seu material, ja que no es permet demanar-lo a d&#8217;altres aspirants.<\/p>\n<div class=\"table-responsive pd-15 pd-30 taula_0\">\n<table class=\"tablesaw table\" data-tablesaw-mode=\"stack\">\n<thead>\n<tr>\n<th scope=\"col\" data-tablesaw-sortable-col=\"\" data-tablesaw-priority=\"persist\">Mat\u00e8ria<\/th>\n<th scope=\"col\" data-tablesaw-sortable-col=\"\" data-tablesaw-sortable-default-col=\"\" data-tablesaw-priority=\"1\">Material espec\u00edfic<\/th>\n<\/tr>\n<\/thead>\n<tbody>\n<tr>\n<td colspan=\"2\"><strong>Part comuna<\/strong><\/td>\n<\/tr>\n<tr>\n<td>Llengua catalana<\/td>\n<td>Cap material espec\u00edfic<\/td>\n<\/tr>\n<tr>\n<td>Llengua castellana<\/td>\n<td>Cap material espec\u00edfic<\/td>\n<\/tr>\n<tr>\n<td>Angl\u00e8s<\/td>\n<td>Cap material\u00a0espec\u00edfic<\/td>\n<\/tr>\n<tr>\n<td>Franc\u00e8s<\/td>\n<td>Cap material\u00a0espec\u00edfic<\/td>\n<\/tr>\n<tr>\n<td>Alemany<\/td>\n<td>Cap material\u00a0espec\u00edfic<\/td>\n<\/tr>\n<tr>\n<td>Matem\u00e0tiques<\/td>\n<td>Calculadora cient\u00edfica<br \/>\nRegle graduat<br \/>\nSemicercle graduat (transportador)<br \/>\nLlapis<br \/>\nGoma d&#8217;esborrar<br \/>\nComp\u00e0s<\/td>\n<\/tr>\n<tr>\n<td colspan=\"2\"><strong>Part espec\u00edfica<\/strong><\/td>\n<\/tr>\n<tr>\n<td>Biologia<\/td>\n<td>Calculadora cient\u00edfica<\/td>\n<\/tr>\n<tr>\n<td>Ci\u00e8ncies de la terra i el medi ambient<\/td>\n<td>Calculadora cient\u00edfica<br \/>\nRegle graduat<br \/>\nLlapis<br \/>\nGoma d&#8217;esborrar<br \/>\nDos llapis de colors<\/td>\n<\/tr>\n<tr>\n<td>Qu\u00edmica<\/td>\n<td>Calculadora cient\u00edfica<\/td>\n<\/tr>\n<tr>\n<td>Educaci\u00f3 f\u00edsica<\/td>\n<td>Cap material espec\u00edfic<\/td>\n<\/tr>\n<tr>\n<td>F\u00edsica<\/td>\n<td>Calculadora cient\u00edfica<br \/>\nRegle graduat<br \/>\nLlapis<br \/>\nGoma d&#8217;esborrar<\/td>\n<\/tr>\n<tr>\n<td>Tecnologia industrial<\/td>\n<td>Calculadora cient\u00edfica<\/td>\n<\/tr>\n<tr>\n<td>Dibuix t\u00e8cnic<\/td>\n<td>Llapis HB<br \/>\nGoma d&#8217;esborrar<br \/>\nRegle graduat<br \/>\nJoc d&#8217;escaire i cartab\u00f3<br \/>\nComp\u00e0s<br \/>\nCinta adhesiva<\/td>\n<\/tr>\n<tr>\n<td>Geografia<\/td>\n<td>Calculadora cient\u00edfica<\/td>\n<\/tr>\n<tr>\n<td>Economia de l&#8217;empresa<\/td>\n<td>Calculadora cient\u00edfica<\/td>\n<\/tr>\n<tr>\n<td>Psicologia i sociologia<\/td>\n<td>Cap material espec\u00edfic<\/td>\n<\/tr>\n<tr>\n<td>Segona llengua estrangera: angl\u00e8s<\/td>\n<td>Cap material espec\u00edfic<\/td>\n<\/tr>\n<tr>\n<td>Segona llengua estrangera: franc\u00e8s<\/td>\n<td>Cap material espec\u00edfic<\/td>\n<\/tr>\n<\/tbody>\n<\/table>\n<\/div>\n<\/div>\n<h2>M\u00e9s informaci\u00f3:<\/h2>\n<p><a style=\"font-family: inherit; font-size: 1em;\" href=\"http:\/\/ensenyament.gencat.cat\/ca\/serveis-tramits\/proves\/proves-acces\/\">P\u00e0gina de les proves d&#8217;acc\u00e9s del Departament d&#8217;Educaci\u00f3<\/a><\/p>\n","protected":false},"excerpt":{"rendered":"<p>\u00c9s obligatori l\u2019\u00fas de la mascareta a entrada i sortida del centre i fins que l\u2019aspirant ocupi el seu lloc d\u2019examen, despr\u00e9s dependr\u00e0 de si \u00e9s pot mantenir la dist\u00e0ncia de seguretat.<br \/>\nData i hora de la convocat\u00f2ria:<\/p>\n<ul>\n<li>GRAU MITJ\u00c0:\n<ul>\n<li>Prova: 25 de juny de 2020 a les&hellip;  <a href=\"https:\/\/agora.xtec.cat\/insjoandaustria\/general\/proves-dacces-2020\/\" title=\"Read Proves d&#8217;acc\u00e9s 2020\">Llegeix m\u00e9s\u00bb<\/a><br \/>\n","protected":false},"author":4,"featured_media":0,"comment_status":"closed","ping_status":"closed","sticky":false,"template":"","format":"standard","meta":{"_bbp_topic_count":0,"_bbp_reply_count":0,"_bbp_total_topic_count":0,"_bbp_total_reply_count":0,"_bbp_voice_count":0,"_bbp_anonymous_reply_count":0,"_bbp_topic_count_hidden":0,"_bbp_reply_count_hidden":0,"_bbp_forum_subforum_count":0,"footnotes":""},"categories":[1,29],"tags":[],"class_list":["post-7012","post","type-post","status-publish","format-standard","hentry","category-general","category-portada"],"post_mailing_queue_ids":[],"_links":{"self":[{"href":"https:\/\/agora.xtec.cat\/insjoandaustria\/wp-json\/wp\/v2\/posts\/7012","targetHints":{"allow":["GET"]}}],"collection":[{"href":"https:\/\/agora.xtec.cat\/insjoandaustria\/wp-json\/wp\/v2\/posts"}],"about":[{"href":"https:\/\/agora.xtec.cat\/insjoandaustria\/wp-json\/wp\/v2\/types\/post"}],"author":[{"embeddable":true,"href":"https:\/\/agora.xtec.cat\/insjoandaustria\/wp-json\/wp\/v2\/users\/4"}],"replies":[{"embeddable":true,"href":"https:\/\/agora.xtec.cat\/insjoandaustria\/wp-json\/wp\/v2\/comments?post=7012"}],"version-history":[{"count":3,"href":"https:\/\/agora.xtec.cat\/insjoandaustria\/wp-json\/wp\/v2\/posts\/7012\/revisions"}],"predecessor-version":[{"id":7759,"href":"https:\/\/agora.xtec.cat\/insjoandaustria\/wp-json\/wp\/v2\/posts\/7012\/revisions\/7759"}],"wp:attachment":[{"href":"https:\/\/agora.xtec.cat\/insjoandaustria\/wp-json\/wp\/v2\/media?parent=7012"}],"wp:term":[{"taxonomy":"category","embeddable":true,"href":"https:\/\/agora.xtec.cat\/insjoandaustria\/wp-json\/wp\/v2\/categories?post=7012"},{"taxonomy":"post_tag","embeddable":true,"href":"https:\/\/agora.xtec.cat\/insjoandaustria\/wp-json\/wp\/v2\/tags?post=7012"}],"curies":[{"name":"wp","href":"https:\/\/api.w.org\/{rel}","templated":true}]}}