{"id":6856,"date":"2020-04-23T20:00:17","date_gmt":"2020-04-23T18:00:17","guid":{"rendered":"http:\/\/agora.xtec.cat\/insjoandaustria\/?p=6856"},"modified":"2020-04-23T20:09:18","modified_gmt":"2020-04-23T18:09:18","slug":"felic-diada-de-sant-jordi-2020-des-del-confinament","status":"publish","type":"post","link":"https:\/\/agora.xtec.cat\/insjoandaustria\/general\/felic-diada-de-sant-jordi-2020-des-del-confinament\/","title":{"rendered":"Feli\u00e7 Diada de Sant Jordi 2020, des del confinament"},"content":{"rendered":"<p>La data del 23 d\u2019abril de 2020 la recordarem com una Diada de Sant Jordi molt especial,\u00a0 per la situaci\u00f3 de confinament que ens ha tocat viure.<\/p>\n<p>Avui els carrers de la ciutat no estan plens a vessar de persones passejant, ni de llibres exposats en les paradetes improvisades, ni de roses de diferents colors que donen un aire festiu a qualsevol indret. Avui ens trobem, en els millors dels casos, confinats a casa amb la nostra fam\u00edlia (que no \u00e9s poca cosa).<\/p>\n<p>Volem desitjar-vos que gaudiu d\u2019aquest dia tan especial, en la mesura del possible. Com acompanyament aquesta imatge i aquest poema d\u2019en Gabriel Ferrater.<\/p>\n<p><b>Molt bona Diada de Sant Jordi!!!<\/b><\/p>\n<p>&nbsp;<\/p>\n<p><b>Gabriel Ferrater<\/b><\/p>\n<p><b>La vida furtiva<\/b><\/p>\n<p>Segurament ser\u00e0 com ara. Estar\u00e9 despert,<\/p>\n<p>anir\u00e9 amunt i avall pel corredor. Com un minador<\/p>\n<p>que surt d\u2019un pou, em pujar\u00e0<\/p>\n<p>des del silenci de tota la casa, brusc,<\/p>\n<p>el ronc de l\u2019ascensor. M\u2019aturar\u00e9 a escoltar<\/p>\n<p>el bufeteig de portes de metall, i els passos<\/p>\n<p>pel repl\u00e0, i endevinar\u00e9 l\u2019instant<\/p>\n<p>que arrencar\u00e0 a tremolar l\u2019ang\u00fania del timbre.<\/p>\n<p>Sabr\u00e9 qui s\u00f3n. Els obrir\u00e9 de seguida. Tot perdut,<\/p>\n<p>que entrin aquests, a qui ho haur\u00e9 de dir tot.<\/p>\n<p><a href=\"https:\/\/agora.xtec.cat\/insjoandaustria\/wp-content\/uploads\/usu216\/2020\/04\/32986602243_052089495c_k.jpg\"><img loading=\"lazy\" decoding=\"async\" class=\"aligncenter size-large wp-image-6858\" src=\"https:\/\/agora.xtec.cat\/insjoandaustria\/wp-content\/uploads\/usu216\/2020\/04\/32986602243_052089495c_k-1024x768.jpg\" alt=\"\" width=\"1024\" height=\"768\" srcset=\"https:\/\/agora.xtec.cat\/insjoandaustria\/wp-content\/uploads\/usu216\/2020\/04\/32986602243_052089495c_k-1024x768.jpg 1024w, https:\/\/agora.xtec.cat\/insjoandaustria\/wp-content\/uploads\/usu216\/2020\/04\/32986602243_052089495c_k-300x225.jpg 300w, https:\/\/agora.xtec.cat\/insjoandaustria\/wp-content\/uploads\/usu216\/2020\/04\/32986602243_052089495c_k-768x576.jpg 768w, https:\/\/agora.xtec.cat\/insjoandaustria\/wp-content\/uploads\/usu216\/2020\/04\/32986602243_052089495c_k-200x150.jpg 200w, https:\/\/agora.xtec.cat\/insjoandaustria\/wp-content\/uploads\/usu216\/2020\/04\/32986602243_052089495c_k.jpg 2048w\" sizes=\"auto, (max-width: 1024px) 100vw, 1024px\" \/><\/a><\/p>\n<p>&nbsp;<\/p>\n<p style=\"text-align: center;\"><sub>Imatge obtinguda de: https:\/\/www.flickr.com\/photos\/teresa_grau_ros\/32986602243\/<\/sub><\/p>\n<p style=\"text-align: center;\"><sub>Attribution-ShareAlike 2.0 Generic (CC BY-SA 2.0)<\/sub><\/p>\n","protected":false},"excerpt":{"rendered":"<p>La data del 23 d\u2019abril de 2020 la recordarem com una Diada de Sant Jordi molt especial,\u00a0 per la situaci\u00f3 de confinament que ens ha tocat viure.<br \/>\nAvui els carrers de la ciutat no estan plens a vessar de persones passejant, ni de llibres exposats en&hellip;  <a href=\"https:\/\/agora.xtec.cat\/insjoandaustria\/general\/felic-diada-de-sant-jordi-2020-des-del-confinament\/\" title=\"Read Feli\u00e7 Diada de Sant Jordi 2020, des del confinament\">Llegeix m\u00e9s\u00bb<\/a><\/p>\n","protected":false},"author":1,"featured_media":6857,"comment_status":"closed","ping_status":"closed","sticky":false,"template":"","format":"standard","meta":{"_bbp_topic_count":0,"_bbp_reply_count":0,"_bbp_total_topic_count":0,"_bbp_total_reply_count":0,"_bbp_voice_count":0,"_bbp_anonymous_reply_count":0,"_bbp_topic_count_hidden":0,"_bbp_reply_count_hidden":0,"_bbp_forum_subforum_count":0,"footnotes":""},"categories":[1,29],"tags":[],"class_list":["post-6856","post","type-post","status-publish","format-standard","has-post-thumbnail","hentry","category-general","category-portada"],"post_mailing_queue_ids":[],"_links":{"self":[{"href":"https:\/\/agora.xtec.cat\/insjoandaustria\/wp-json\/wp\/v2\/posts\/6856","targetHints":{"allow":["GET"]}}],"collection":[{"href":"https:\/\/agora.xtec.cat\/insjoandaustria\/wp-json\/wp\/v2\/posts"}],"about":[{"href":"https:\/\/agora.xtec.cat\/insjoandaustria\/wp-json\/wp\/v2\/types\/post"}],"author":[{"embeddable":true,"href":"https:\/\/agora.xtec.cat\/insjoandaustria\/wp-json\/wp\/v2\/users\/1"}],"replies":[{"embeddable":true,"href":"https:\/\/agora.xtec.cat\/insjoandaustria\/wp-json\/wp\/v2\/comments?post=6856"}],"version-history":[{"count":3,"href":"https:\/\/agora.xtec.cat\/insjoandaustria\/wp-json\/wp\/v2\/posts\/6856\/revisions"}],"predecessor-version":[{"id":6864,"href":"https:\/\/agora.xtec.cat\/insjoandaustria\/wp-json\/wp\/v2\/posts\/6856\/revisions\/6864"}],"wp:featuredmedia":[{"embeddable":true,"href":"https:\/\/agora.xtec.cat\/insjoandaustria\/wp-json\/wp\/v2\/media\/6857"}],"wp:attachment":[{"href":"https:\/\/agora.xtec.cat\/insjoandaustria\/wp-json\/wp\/v2\/media?parent=6856"}],"wp:term":[{"taxonomy":"category","embeddable":true,"href":"https:\/\/agora.xtec.cat\/insjoandaustria\/wp-json\/wp\/v2\/categories?post=6856"},{"taxonomy":"post_tag","embeddable":true,"href":"https:\/\/agora.xtec.cat\/insjoandaustria\/wp-json\/wp\/v2\/tags?post=6856"}],"curies":[{"name":"wp","href":"https:\/\/api.w.org\/{rel}","templated":true}]}}