{"id":6852,"date":"2020-04-23T12:29:17","date_gmt":"2020-04-23T10:29:17","guid":{"rendered":"http:\/\/agora.xtec.cat\/insjoandaustria\/?p=6852"},"modified":"2020-04-23T19:37:29","modified_gmt":"2020-04-23T17:37:29","slug":"felic-sant-jordi","status":"publish","type":"post","link":"https:\/\/agora.xtec.cat\/insjoandaustria\/general\/felic-sant-jordi\/","title":{"rendered":"FELI\u00c7 SANT JORDI"},"content":{"rendered":"<p><a href=\"https:\/\/agora.xtec.cat\/insjoandaustria\/wp-content\/uploads\/usu216\/2020\/04\/1034723.jpg\"><img loading=\"lazy\" decoding=\"async\" class=\"aligncenter size-full wp-image-6853\" src=\"https:\/\/agora.xtec.cat\/insjoandaustria\/wp-content\/uploads\/usu216\/2020\/04\/1034723.jpg\" alt=\"\" width=\"720\" height=\"900\" srcset=\"https:\/\/agora.xtec.cat\/insjoandaustria\/wp-content\/uploads\/usu216\/2020\/04\/1034723.jpg 720w, https:\/\/agora.xtec.cat\/insjoandaustria\/wp-content\/uploads\/usu216\/2020\/04\/1034723-240x300.jpg 240w\" sizes=\"auto, (max-width: 720px) 100vw, 720px\" \/><\/a><\/p>\n<h4><strong>Feli\u00e7 Sant Jordi a tots i a totes!<\/strong><\/h4>\n<p style=\"text-align: justify;\">Des de la biblioteca esperem que, tant vosaltres com la vostra familia i totes les persones que us estimeu estigueu b\u00e9. Aquest any ens toca viure un dia del llibre una mica diferent, per\u00f2 aix\u00f2 no vol dir que no sigui especial! Intenteu sorprendre a alg\u00fa, no podem anar a comprar roses, per\u00f2 i fer-les? Regaleu un dibuix, una dedicat\u00f2ria, una manualitat&#8230; \u00e9s l&#8217;hora de ser creatius!<\/p>\n<p style=\"text-align: justify;\">Us recordem que ens podeu trobar a Instagram: @bibliojda on estem m\u00e9s actius i on us hem deixat un joc de Sant Jordi.<\/p>\n<p style=\"text-align: justify;\">Si us animeu a fer alguna cosa, no dubteu en penjar-lo a les xarxes socials i etiquetar-nos.<\/p>\n<p style=\"text-align: justify;\">Esperem que gaudiu d&#8217;aquest diferent Sant Jordi i que llegiu molts llibres!<\/p>\n","protected":false},"excerpt":{"rendered":"<p><a href=\"https:\/\/agora.xtec.cat\/insjoandaustria\/wp-content\/uploads\/usu216\/2020\/04\/1034723.jpg\"><\/a><br \/>\nFeli\u00e7 Sant Jordi a tots i a totes!<br \/>\nDes de la biblioteca esperem que, tant vosaltres com la vostra familia i totes les persones que us estimeu estigueu b\u00e9. Aquest any ens toca viure un dia del llibre una mica diferent, per\u00f2 aix\u00f2 no vol&hellip;  <a href=\"https:\/\/agora.xtec.cat\/insjoandaustria\/general\/felic-sant-jordi\/\" title=\"Read FELI\u00c7 SANT JORDI\">Llegeix m\u00e9s\u00bb<\/a><\/p>\n","protected":false},"author":360,"featured_media":6853,"comment_status":"closed","ping_status":"closed","sticky":false,"template":"","format":"standard","meta":{"_bbp_topic_count":0,"_bbp_reply_count":0,"_bbp_total_topic_count":0,"_bbp_total_reply_count":0,"_bbp_voice_count":0,"_bbp_anonymous_reply_count":0,"_bbp_topic_count_hidden":0,"_bbp_reply_count_hidden":0,"_bbp_forum_subforum_count":0,"footnotes":""},"categories":[302,1,29],"tags":[],"class_list":["post-6852","post","type-post","status-publish","format-standard","has-post-thumbnail","hentry","category-biblioteca","category-general","category-portada"],"post_mailing_queue_ids":[],"_links":{"self":[{"href":"https:\/\/agora.xtec.cat\/insjoandaustria\/wp-json\/wp\/v2\/posts\/6852","targetHints":{"allow":["GET"]}}],"collection":[{"href":"https:\/\/agora.xtec.cat\/insjoandaustria\/wp-json\/wp\/v2\/posts"}],"about":[{"href":"https:\/\/agora.xtec.cat\/insjoandaustria\/wp-json\/wp\/v2\/types\/post"}],"author":[{"embeddable":true,"href":"https:\/\/agora.xtec.cat\/insjoandaustria\/wp-json\/wp\/v2\/users\/360"}],"replies":[{"embeddable":true,"href":"https:\/\/agora.xtec.cat\/insjoandaustria\/wp-json\/wp\/v2\/comments?post=6852"}],"version-history":[{"count":2,"href":"https:\/\/agora.xtec.cat\/insjoandaustria\/wp-json\/wp\/v2\/posts\/6852\/revisions"}],"predecessor-version":[{"id":6855,"href":"https:\/\/agora.xtec.cat\/insjoandaustria\/wp-json\/wp\/v2\/posts\/6852\/revisions\/6855"}],"wp:featuredmedia":[{"embeddable":true,"href":"https:\/\/agora.xtec.cat\/insjoandaustria\/wp-json\/wp\/v2\/media\/6853"}],"wp:attachment":[{"href":"https:\/\/agora.xtec.cat\/insjoandaustria\/wp-json\/wp\/v2\/media?parent=6852"}],"wp:term":[{"taxonomy":"category","embeddable":true,"href":"https:\/\/agora.xtec.cat\/insjoandaustria\/wp-json\/wp\/v2\/categories?post=6852"},{"taxonomy":"post_tag","embeddable":true,"href":"https:\/\/agora.xtec.cat\/insjoandaustria\/wp-json\/wp\/v2\/tags?post=6852"}],"curies":[{"name":"wp","href":"https:\/\/api.w.org\/{rel}","templated":true}]}}