{"id":6841,"date":"2020-04-04T20:00:48","date_gmt":"2020-04-04T18:00:48","guid":{"rendered":"http:\/\/agora.xtec.cat\/insjoandaustria\/?p=6841"},"modified":"2020-06-05T17:09:28","modified_gmt":"2020-06-05T15:09:28","slug":"coronavirus-informacions-importants-al-llarg-del-periode-de-tancament-del-centre","status":"publish","type":"post","link":"https:\/\/agora.xtec.cat\/insjoandaustria\/general\/coronavirus-informacions-importants-al-llarg-del-periode-de-tancament-del-centre\/","title":{"rendered":"Coronavirus: Informacions importants al llarg del per\u00edode de tancament del centre"},"content":{"rendered":"<p>En aquesta not\u00edcia anirem recollint i actualitzant totes les informacions que ens arribin al centre i considerem que s\u00f3n d\u2019inter\u00e8s per a la comunitat educativa: noves dates, recomanacions, instruccions, enlla\u00e7os d\u2019inter\u00e8s, \u2026<\/p>\n<p>Si us plau, consulteu-la de manera peri\u00f2dica.<\/p>\n<p>(<em>Darrera actualitzaci\u00f3<\/em> <strong>19\u00a0de maig de 2020<\/strong>)<\/p>\n<p>&nbsp;<\/p>\n<h2><b>Noves dates de tr\u00e0mits i\/o actuacions<\/b><\/h2>\n<p>&nbsp;<\/p>\n<table>\n<tbody>\n<tr>\n<td colspan=\"4\">\n<h3><b>Dates i actuacions internes afectades<\/b><\/h3>\n<\/td>\n<\/tr>\n<tr>\n<td><\/td>\n<td><b>Noves dates previstes<\/b><\/td>\n<td><b>Font d&#8217;informaci\u00f3<\/b><\/td>\n<td><b>Observacions<\/b><\/td>\n<\/tr>\n<tr>\n<td><b>Obertura del centre<\/b><\/td>\n<td>Sense determinar<\/td>\n<td><\/td>\n<td>Variable en funci\u00f3 de l&#8217;evoluci\u00f3 de la pand\u00e8mia.<\/td>\n<\/tr>\n<tr>\n<td><b>Per\u00edode inicial de confinament<\/b><\/td>\n<td>13 de mar\u00e7 fins 13 d&#8217;abril<\/td>\n<td><\/td>\n<td>Al llarg d&#8217;aquest per\u00edode <strong>les activitats d&#8217;ensenyament aprenentatge no son ponderables per a la nota final<\/strong>. Son avaluables amb avaluaci\u00f3 formativa.<\/td>\n<\/tr>\n<tr>\n<td><b>Vacances de Setmana Santa<\/b><\/td>\n<td>4 de mar\u00e7 fins 13 d&#8217;abril<\/td>\n<td><\/td>\n<td>Calendari Escolar 2019-2020<\/td>\n<\/tr>\n<tr>\n<td><b>Inici 3a avaluaci\u00f3. Curs 2019-20. En confinament<\/b><\/td>\n<td>14 d&#8217;abril<\/td>\n<td><a href=\"http:\/\/ensenyament.gencat.cat\/ca\/inici\/nota-premsa\/?id=384278\" target=\"_blank\" rel=\"noopener noreferrer\">Departament d&#8217;Educaci\u00f3<\/a><\/td>\n<td>A partir d&#8217;aquesta data <strong>les activitats d&#8217;ensenyament-aprenentatge seran ponderables<\/strong>. Es tindran en compte, de manera personalitzada, per a la nota de l&#8217;avaluaci\u00f3 final. <a href=\"https:\/\/www.publico.es\/public\/bargallo-els-centres-escolars-no-reobrin-tots-alhora.html\" target=\"_blank\" rel=\"noopener noreferrer\">Declaracions de l&#8217;Honorable Conseller d&#8217;Educaci\u00f3 Sr. J. Bargall\u00f3<\/a> de data10\/04\/2020<\/td>\n<\/tr>\n<tr>\n<td><b>Noves instruccions Departament d&#8217;Educaci\u00f3<\/b><\/td>\n<td>20 d&#8217;abril<\/td>\n<td><a href=\"http:\/\/ensenyament.gencat.cat\/ca\/actualitat\/coronavirus\/\" target=\"_blank\" rel=\"noopener noreferrer\">Departament d&#8217;Educaci\u00f3<\/a><\/td>\n<td>Instruccions per a <strong>l\u2019acci\u00f3 educativa i l\u2019avaluaci\u00f3 de l&#8217;alumnat<\/strong>. Instruccions <a href=\"https:\/\/documents.espai.educacio.gencat.cat\/IPCNormativa\/DisposicionsInternes\/Instruccions-accio-educativa-avaluacio-3T.pdf\" target=\"_blank\" rel=\"noopener noreferrer\">ESO i BATX<\/a>. Instruccions <a href=\"https:\/\/documents.espai.educacio.gencat.cat\/IPCNormativa\/DisposicionsInternes\/Avaluacio-final-FP.pdf\" target=\"_blank\" rel=\"noopener noreferrer\">CF<\/a>.<\/td>\n<\/tr>\n<\/tbody>\n<\/table>\n<p>&nbsp;<\/p>\n<p>&nbsp;<\/p>\n<table style=\"height: 651px;\">\n<tbody>\n<tr style=\"height: 34px;\">\n<td style=\"height: 34px; width: 940.15px;\" colspan=\"4\">\n<h3><b>Tr\u00e0mits i actuacions externes al centre afectades<\/b><\/h3>\n<\/td>\n<\/tr>\n<tr style=\"height: 34px;\">\n<td style=\"height: 34px; width: 270.217px;\"><\/td>\n<td style=\"height: 34px; width: 205.417px;\"><b>Noves dates previstes<\/b><\/td>\n<td style=\"height: 34px; width: 137.433px;\"><b>Font d&#8217;informaci\u00f3<\/b><\/td>\n<td style=\"height: 34px; width: 321.083px;\"><b>Observacions<\/b><\/td>\n<\/tr>\n<tr style=\"height: 34px;\">\n<td style=\"height: 34px; width: 270.217px;\"><b>Preinscripci\u00f3 ESO<\/b><\/td>\n<td style=\"height: 34px; width: 205.417px;\"><strong>Del 13 al 22 de maig<\/strong><\/td>\n<td style=\"height: 34px; width: 137.433px;\"><a href=\"http:\/\/ensenyament.gencat.cat\/ca\/inici\/nota-premsa\/?id=385690\">gencat.cat<\/a><\/td>\n<td style=\"height: 34px; width: 321.083px;\">Preinscripci\u00f3<strong> presencial al centre del 19 fins el 22 de maig, <\/strong>amb<strong> cita pr\u00e8via<\/strong><\/p>\n<p><span class=\"JtukPc\"><b>El tr\u00e0mit de preinscripci\u00f3<\/b> es podr\u00e0 fer tot <b>online<\/b>, a trav\u00e9s del portal <a href=\"https:\/\/www.google.com\/url?q=http:\/\/queestudiar.gencat.cat\/ca\/preinscripcio\/&amp;sa=D&amp;ust=1589326126501000&amp;usg=AOvVaw0lGxLq9KpLNwXdQKlI7JSm\" target=\"_blank\" rel=\"noopener noreferrer\">preinscripcio.gencat.cat<\/a><\/span><\/td>\n<\/tr>\n<tr style=\"height: 34px;\">\n<td style=\"height: 34px; width: 270.217px;\"><b>Preinscripci\u00f3 Batxillerat<br \/>\n<\/b><\/td>\n<td style=\"height: 34px; width: 205.417px;\"><strong>Del 27 de maig al 3 de juny<\/strong><\/td>\n<td style=\"height: 34px; width: 137.433px;\"><a href=\"http:\/\/ensenyament.gencat.cat\/ca\/inici\/nota-premsa\/?id=385690\">gencat.cat<\/a><\/td>\n<td style=\"height: 34px; width: 321.083px;\"><\/td>\n<\/tr>\n<tr style=\"height: 34px;\">\n<td style=\"height: 34px; width: 270.217px;\"><b>Preinscripci\u00f3 CFGM FP<br \/>\n<\/b><\/td>\n<td style=\"height: 34px; width: 205.417px;\"><strong>Del 2 al 8 de juny<\/strong><\/td>\n<td style=\"height: 34px; width: 137.433px;\"><a href=\"http:\/\/ensenyament.gencat.cat\/ca\/inici\/nota-premsa\/?id=385690\">gencat.cat<\/a><\/td>\n<td style=\"height: 34px; width: 321.083px;\"><\/td>\n<\/tr>\n<tr style=\"height: 34px;\">\n<td style=\"height: 34px; width: 270.217px;\"><b>Preinscripci\u00f3 CFGS FP<br \/>\n<\/b><\/td>\n<td style=\"height: 34px; width: 205.417px;\"><strong>Del 10 al 17 de juny<\/strong><\/td>\n<td style=\"height: 34px; width: 137.433px;\"><a href=\"http:\/\/ensenyament.gencat.cat\/ca\/inici\/nota-premsa\/?id=385690\">gencat.cat<\/a><\/td>\n<td style=\"height: 34px; width: 321.083px;\"><\/td>\n<\/tr>\n<tr style=\"height: 34px;\">\n<td style=\"height: 34px; width: 270.217px;\"><b>Preinscripci\u00f3 proves d&#8217;acc\u00e9s a CFGM<\/b><\/td>\n<td style=\"height: 34px; width: 205.417px;\"><strong>Del 13 al 21 de maig<\/strong><\/td>\n<td style=\"height: 34px; width: 137.433px;\"><a href=\"http:\/\/ensenyament.gencat.cat\/ca\/serveis-tramits\/proves\/proves-acces\/gm-fp\/\" target=\"_blank\" rel=\"noopener noreferrer\">gencat.cat<\/a><\/td>\n<td style=\"height: 34px; width: 321.083px;\"><\/td>\n<\/tr>\n<tr style=\"height: 34px;\">\n<td style=\"height: 34px; width: 270.217px;\"><b>Preinscripci\u00f3 proves d&#8217;acc\u00e9s a CFGS<\/b><\/td>\n<td style=\"height: 34px; width: 205.417px;\"><strong>Del 13 al 21 de maig<\/strong><\/td>\n<td style=\"height: 34px; width: 137.433px;\"><a href=\"http:\/\/ensenyament.gencat.cat\/ca\/serveis-tramits\/proves\/proves-acces\/gs-fp\/\" target=\"_blank\" rel=\"noopener noreferrer\">gencat.cat<\/a><\/td>\n<td style=\"height: 34px; width: 321.083px;\"><\/td>\n<\/tr>\n<tr style=\"height: 34px;\">\n<td style=\"height: 34px; width: 270.217px;\"><b>PAU &#8211; Per\u00edode de matr\u00edcula<\/b><\/td>\n<td style=\"height: 34px; width: 205.417px;\"><b>Del 15 de maig al 15 de juny<\/b><\/td>\n<td style=\"height: 34px; width: 137.433px;\"><a href=\"http:\/\/universitats.gencat.cat\/ca\/pau\/calendari_pau\/\" target=\"_blank\" rel=\"noopener noreferrer\">Canal Universitats<\/a><\/td>\n<td style=\"height: 34px; width: 321.083px;\"><\/td>\n<\/tr>\n<tr style=\"height: 177px;\">\n<td style=\"height: 177px; width: 270.217px;\"><b>PAU &#8211; Convocat\u00f2ria ordin\u00e0ria<\/b><\/td>\n<td style=\"height: 177px; width: 205.417px;\"><b>7,8 ,9 i 10 de juliol<\/b><\/p>\n<p>(CANVI)<\/td>\n<td style=\"height: 177px; width: 137.433px;\"><a href=\"http:\/\/universitats.gencat.cat\/ca\/pau\/\" target=\"_blank\" rel=\"noopener noreferrer\">Canal Universitats<\/a><\/td>\n<td style=\"height: 177px; width: 321.083px;\"><a href=\"https:\/\/www.boe.es\/boe\/dias\/2020\/04\/23\/pdfs\/BOE-A-2020-4576.pdf\" target=\"_blank\" rel=\"noopener noreferrer\">BOE 23 de abril de 2020<\/a>. Caracter\u00edstiques i<\/p>\n<p>disseny de les PAU (Estatal).<\/p>\n<p><a href=\"http:\/\/universitats.gencat.cat\/web\/.content\/01_acces_i_admissio\/pau\/documents\/PAU_2020_centres.pdf\" target=\"_blank\" rel=\"noopener noreferrer\">PAU 2020<\/a> (Catalunya). Informaci\u00f3 i adequacions<\/p>\n<p>Consell Interuniversitari de Catalunya<\/td>\n<\/tr>\n<tr style=\"height: 34px;\">\n<td style=\"height: 34px; width: 270.217px;\"><b>PAP<\/b><\/td>\n<td style=\"height: 34px; width: 205.417px;\"><b>15 de juliol<\/b><\/p>\n<p>(CANVI)<\/td>\n<td style=\"height: 34px; width: 137.433px;\"><a href=\"http:\/\/universitats.gencat.cat\/ca\/pau\/\" target=\"_blank\" rel=\"noopener noreferrer\">Canal Universitats<\/a><\/td>\n<td style=\"height: 34px; width: 321.083px;\">per als graus d&#8217;Educaci\u00f3 Infantil i Prim\u00e0ria<\/td>\n<\/tr>\n<tr style=\"height: 34px;\">\n<td style=\"height: 34px; width: 270.217px;\"><b>Proves d&#8217;acc\u00e9s a CFGM<\/b><\/td>\n<td style=\"height: 34px; width: 205.417px;\"><strong>25 de juny<\/strong><\/td>\n<td style=\"height: 34px; width: 137.433px;\"><\/td>\n<td style=\"height: 34px; width: 321.083px;\"><\/td>\n<\/tr>\n<tr style=\"height: 34px;\">\n<td style=\"height: 34px; width: 270.217px;\"><b>Proves d&#8217;acc\u00e9s a CFGS<\/b><\/td>\n<td style=\"height: 34px; width: 205.417px;\"><strong>29 i 30 de juny<\/strong><\/td>\n<td style=\"height: 34px; width: 137.433px;\"><\/td>\n<td style=\"height: 34px; width: 321.083px;\"><\/td>\n<\/tr>\n<tr style=\"height: 34px;\">\n<td style=\"height: 34px; width: 270.217px;\"><b>Proves GESO<\/b><\/td>\n<td style=\"height: 34px; width: 205.417px;\">Sense determinar<\/td>\n<td style=\"height: 34px; width: 137.433px;\"><\/td>\n<td style=\"height: 34px; width: 321.083px;\"><\/td>\n<\/tr>\n<tr style=\"height: 33px;\">\n<td style=\"height: 33px; width: 270.217px;\"><\/td>\n<td style=\"height: 33px; width: 205.417px;\"><\/td>\n<td style=\"height: 33px; width: 137.433px;\"><\/td>\n<td style=\"height: 33px; width: 321.083px;\"><\/td>\n<\/tr>\n<tr style=\"height: 34px;\">\n<td style=\"height: 34px; width: 940.15px;\" colspan=\"4\">\n<h3><b>Altres Tr\u00e0mits i informacions<\/b><\/h3>\n<\/td>\n<\/tr>\n<tr style=\"height: 33px;\">\n<td style=\"height: 33px; width: 270.217px;\"><strong>Campanya de vacances d&#8217;estiu<\/strong><\/td>\n<td style=\"height: 33px; width: 205.417px;\"><strong>25 d&#8217;abril fins 22 de maig<\/strong><\/td>\n<td style=\"height: 33px; width: 137.433px;\"><a href=\"https:\/\/vacances.barcelona.cat\/ca\/estiu-a-la-teva-mida\" target=\"_blank\" rel=\"noopener noreferrer\">Ajuntament de Barcelona<\/a><\/td>\n<td style=\"height: 33px; width: 321.083px;\">infants i adolescents de Barcelona d\u20191 a 17 anys<\/td>\n<\/tr>\n<\/tbody>\n<\/table>\n<p>&nbsp;<\/p>\n<h2><b>Tel\u00e8fons d&#8217;inter\u00e8s general<\/b><\/h2>\n<p>&nbsp;<\/p>\n<p><strong>Emerg\u00e8ncies<\/strong> (<b>112<\/b>) n\u00famero de refer\u00e8ncia per resoldre situacions d&#8217;emerg\u00e8ncia que requereixen intervenci\u00f3 immediata de bombers, policies i professionals sanitaris.<\/p>\n<p><strong>Cat Salut Respon<\/strong> (<b>061<\/b>) orientat a resoldre dubtes, consultes o problemes de salut que no siguin una emerg\u00e8ncia<\/p>\n<p><strong>Inf\u00e0ncia Respon<\/strong> (<b>116111<\/b>) t\u00e9 l&#8217;objectiu de prevenir i detectar els maltractaments d&#8217;infants i adolescents<\/p>\n<p><strong>Viol\u00e8ncia de G\u00e8nere<\/strong> (<b>016<\/b>)<\/p>\n<p><strong>Punt JIP Sant Mart\u00ed<\/strong> (Clara Dom\u00e8nech) <strong>690255904\u00a0<\/strong> <strong>jip_sanmarti@gmail.com<\/strong>\u00a0 Informaci\u00f3 del Punt JIP<\/p>\n<p>&nbsp;<\/p>\n<h2><b>Enlla\u00e7os a recursos diversos<\/b><\/h2>\n<table>\n<tbody>\n<tr>\n<td><b>Entitat &#8211; Plataforma<\/b><\/td>\n<td><b>Enlla\u00e7os<\/b><\/td>\n<td><b>Tem\u00e0tica \/ Categoria<\/b><\/td>\n<td><b>Observacions<\/b><\/td>\n<\/tr>\n<tr>\n<td>Dd&#8217;E<\/td>\n<td><a href=\"http:\/\/ensenyament.gencat.cat\/ca\/actualitat\/coronavirus\/\" target=\"_blank\" rel=\"noopener noreferrer\">Enlla\u00e7<\/a><\/td>\n<td>Informaci\u00f3 del Departament d&#8217;Educaci\u00f3<\/td>\n<td>Informacions p\u00fabliques al llarg del confinament<\/td>\n<\/tr>\n<tr>\n<td>DdS<\/td>\n<td><a href=\"https:\/\/canalsalut.gencat.cat\/ca\/salut-a-z\/c\/coronavirus-2019-ncov\/\" target=\"_blank\" rel=\"noopener noreferrer\">Enlla\u00e7<\/a><\/td>\n<td>Informaci\u00f3 del Departament de Salut<\/td>\n<td>Informacions p\u00fabliques sobre l&#8217;evoluci\u00f3 de la pand\u00e8mia<\/td>\n<\/tr>\n<tr>\n<td>DdTASF<\/td>\n<td><a href=\"https:\/\/treballiaferssocials.gencat.cat\/ca\/el_departament\/coronavirus-sars-cov-2\/materialaltresllengues\/\" target=\"_blank\" rel=\"noopener noreferrer\">Enlla\u00e7<\/a><\/td>\n<td>Informaci\u00f3 del Departament de Treball, Afers Socials i Fam\u00edlies<\/td>\n<td>Material divulgatiu sobre COVID, en diferents lleng\u00fces<\/td>\n<\/tr>\n<tr>\n<td>XTEC<\/td>\n<td><a href=\"http:\/\/xtec.gencat.cat\/ca\/recursos\/actuacio-extraordinaria-activitats-autoaprenentatge\/models-de-propostes-didactiques\/\" target=\"_blank\" rel=\"noopener noreferrer\">Enlla\u00e7<\/a><\/td>\n<td>Recursos did\u00e0ctics<\/td>\n<td>Models i propostes did\u00e0ctiques. ESO<\/td>\n<\/tr>\n<tr>\n<td>Edu365<\/td>\n<td><a href=\"http:\/\/www.edu365.cat\/eso\/index.html\" target=\"_blank\" rel=\"noopener noreferrer\">Enlla\u00e7<\/a><\/td>\n<td>Recursos did\u00e0ctics<\/td>\n<td>Propostes i Materials per a totes les mat\u00e8ries. ESO<\/td>\n<\/tr>\n<tr>\n<td>Cru\u00eflla<\/td>\n<td><a href=\"https:\/\/www.cruilla.cat\/post\/ens-quedem-de-vacances\" target=\"_blank\" rel=\"noopener noreferrer\">Enlla\u00e7<\/a><\/td>\n<td>Recursos did\u00e0ctics<\/td>\n<td>#EnsQuedemDeVacances . ESO<\/td>\n<\/tr>\n<tr>\n<td>Baula<\/td>\n<td><a href=\"http:\/\/projecteseducatius.baula.com\/ca\/projectes-educatius\/p\/fem-que-les-coses-passin\" target=\"_blank\" rel=\"noopener noreferrer\">Enlla\u00e7<\/a><\/td>\n<td>Recursos did\u00e0ctics<\/td>\n<td>Fem que les coses passin. 1r i 3r d&#8217;ESO<\/td>\n<\/tr>\n<tr>\n<td>Edu365<\/td>\n<td><a href=\"http:\/\/www.edu365.cat\/batxillerat\/index.html\" target=\"_blank\" rel=\"noopener noreferrer\">Enlla\u00e7<\/a><\/td>\n<td>Recursos did\u00e0ctics<\/td>\n<td>Propostes i Materials per a totes les mat\u00e8ries. ESO<\/td>\n<\/tr>\n<tr>\n<td>IOC<\/td>\n<td><a href=\"https:\/\/educaciodigital.cat\/ioc-batx\/moodle\/\" target=\"_blank\" rel=\"noopener noreferrer\">Enlla\u00e7<\/a><\/td>\n<td>Recursos did\u00e0ctics<\/td>\n<td>Propostes i Materials per a les mat\u00e8ries de BATX<\/td>\n<\/tr>\n<tr>\n<td>UPV<\/td>\n<td><a href=\"https:\/\/upvx.es\/bachillerato\" target=\"_blank\" rel=\"noopener noreferrer\">Enlla\u00e7<\/a><\/td>\n<td>Recursos did\u00e0ctics<\/td>\n<td>Segons l&#8217;UPV: &#8220;Es tracta dels MOOC d&#8217;anivellament, uns cursos dissenyats per al nostre alumnat de nou ingr\u00e9s, especialment per als que presenten problemes d&#8217;adaptaci\u00f3 en el seu primer any universitari. Vista la situaci\u00f3, pensem que poden resultar \u00fatils tamb\u00e9 per als vostres estudiants, ja que repassen els continguts impartits en 2n de batxillerat.&#8221;<\/td>\n<\/tr>\n<tr>\n<td>IOC<\/td>\n<td><a href=\"https:\/\/ioc.xtec.cat\/educacio\/recursos\" target=\"_blank\" rel=\"noopener noreferrer\">Enlla\u00e7<\/a><\/td>\n<td>Recursos did\u00e0ctics<\/td>\n<td>Materials organitzats per cicle formatiu i m\u00f2duls. CF<\/td>\n<\/tr>\n<tr>\n<td>mSchools-ToolBox<\/td>\n<td><a href=\"https:\/\/toolbox.mobileworldcapital.com\/apps\/android\/metacategory:aplicacions-en-linia?utm_source=%2A+mSchools+mailing+list+%2A&amp;utm_campaign=d7dcebaa86-EMAIL_CAMPAIGN_2018_06_27_01_59_COPY_01&amp;utm_medium=email&amp;utm_term=0_e6934f6547-d7dcebaa86-171037013\" target=\"_blank\" rel=\"noopener noreferrer\">Enlla\u00e7<\/a><\/td>\n<td>Recursos did\u00e0ctics<\/td>\n<td>Aplicacions per crear continguts en l\u00ednia<\/td>\n<\/tr>\n<tr>\n<td>Edu365<\/td>\n<td><a href=\"http:\/\/www.edu365.cat\/internetsegura\/index.html\" target=\"_blank\" rel=\"noopener noreferrer\">Enlla\u00e7<\/a><\/td>\n<td>Ciberseguretat, treball online, Internet, &#8230;<\/td>\n<td>Internet Segura<\/td>\n<\/tr>\n<tr>\n<td>Mossos<\/td>\n<td><a href=\"https:\/\/mossos.gencat.cat\/ca\/temes\/joves\/\" target=\"_blank\" rel=\"noopener noreferrer\">Enlla\u00e7<\/a><\/td>\n<td>Ciberseguretat, treball online, Internet, &#8230;<\/td>\n<td>Consideracions sobre l&#8217;\u00fas de tecnologies<\/td>\n<\/tr>\n<tr>\n<td>ACC<\/td>\n<td><a href=\"https:\/\/ciberseguretat.gencat.cat\/ca\/inici\" target=\"_blank\" rel=\"noopener noreferrer\">Enlla\u00e7<\/a><\/td>\n<td>Ciberseguretat, treball online, Internet, &#8230;<\/td>\n<td>Ag\u00e8ncia Ciberseguretat de Catalunya<\/td>\n<\/tr>\n<tr>\n<td>INCIBE<\/td>\n<td><a href=\"https:\/\/www.incibe.es\/cibercovid19\" target=\"_blank\" rel=\"noopener noreferrer\">Enlla\u00e7<\/a><\/td>\n<td>Ciberseguretat, treball online, Internet, &#8230;<\/td>\n<td>Institut nacional de ciberseguretat<\/td>\n<\/tr>\n<tr>\n<td>IS4K<\/td>\n<td><a href=\"https:\/\/www.is4k.es\/blog\" target=\"_blank\" rel=\"noopener noreferrer\">Enlla\u00e7<\/a><\/td>\n<td>Ciberseguretat, treball online, Internet, &#8230;<\/td>\n<td>Internet Segura For Kids<\/td>\n<\/tr>\n<tr>\n<td>COPC<\/td>\n<td><a href=\"https:\/\/www.copc.cat\/\" target=\"_blank\" rel=\"noopener noreferrer\">Enlla\u00e7<\/a><\/td>\n<td>Suport<\/td>\n<td>Col\u00b7legi Oficial de Psicologia de Catalunya<\/td>\n<\/tr>\n<tr>\n<td>COPC<\/td>\n<td><a href=\"https:\/\/www.copc.cat\/adjuntos\/adjunto_15213\/v\/Guia%20de%20gesti%C3%B3%20psicol%C3%B2gica%20davant%20quarantenes%20per%20malalties%20infeccioses.pdf?tm=1584127708\" target=\"_blank\" rel=\"noopener noreferrer\">Enlla\u00e7<\/a><\/td>\n<td>Suport<\/td>\n<td>Guia de gesti\u00f3 psicol\u00f2gica davant quarentenes per malalties infeccioses<\/td>\n<\/tr>\n<tr>\n<td>F. V\u00edctor Gr\u00edfolls<\/td>\n<td><a href=\"https:\/\/www.campaign-index.com\/view.php?J=JvhRKyK0mvSkJp8924GKrP892Q&amp;C=twRLRzUVFb2HMPRrg9IhDw\" target=\"_blank\" rel=\"noopener noreferrer\">Enlla\u00e7<\/a><\/td>\n<td>Concursos i premis<\/td>\n<td>Concurs de Treballs de recerca<\/td>\n<\/tr>\n<tr>\n<td>ICM<\/td>\n<td><a href=\"http:\/\/icmdivulga.icm.csic.es\/ocea-casa\/?lang=ca\" target=\"_blank\" rel=\"noopener noreferrer\">Enlla\u00e7<\/a><\/td>\n<td>Divulgaci\u00f3<\/td>\n<td>L&#8217;Oce\u00e0 a casa<\/td>\n<\/tr>\n<tr>\n<td>Suncine<\/td>\n<td><a href=\"http:\/\/www.suncinefest.com\/es\/cada_aula_un_cine\" target=\"_blank\" rel=\"noopener noreferrer\">Enlla\u00e7<\/a><\/td>\n<td>Divulgaci\u00f3<\/td>\n<td>Educaci\u00f3 Ambiental. El aula a casa.<\/td>\n<\/tr>\n<tr>\n<td>DdS<\/td>\n<td><a href=\"https:\/\/canalsalut.gencat.cat\/ca\/salut-a-z\/c\/coronavirus-2019-ncov\/\" target=\"_blank\" rel=\"noopener noreferrer\">Enlla\u00e7<\/a><\/td>\n<td>Divulgaci\u00f3<\/td>\n<td>Consells per un confinament saludable<\/td>\n<\/tr>\n<tr>\n<td>Educaci\u00f3n 3.0<\/td>\n<td><a href=\"https:\/\/www.educaciontrespuntocero.com\/\" target=\"_blank\" rel=\"noopener noreferrer\">Enlla\u00e7<\/a><\/td>\n<td>Divulgaci\u00f3<\/td>\n<td>Portal Web innovaci\u00f3 educativa<\/td>\n<\/tr>\n<tr>\n<td>BESCAT<\/td>\n<td><a href=\"https:\/\/projectes.xtec.cat\/bescat\/wp-content\/uploads\/usu793\/2020\/03\/tempsperllegir-2.pdf\" target=\"_blank\" rel=\"noopener noreferrer\">Enlla\u00e7<\/a><\/td>\n<td>Divulgaci\u00f3<\/td>\n<td>Biblioteques escolars de Catalunya. Propostes per fomentar la lectura en temps de confinament<\/td>\n<\/tr>\n<tr>\n<td>MNAC<\/td>\n<td><a href=\"https:\/\/www.museunacional.cat\/ca\/itineraris-virtuals\" target=\"_blank\" rel=\"noopener noreferrer\">Enlla\u00e7<\/a><\/td>\n<td>Cinema, Museus virtuals, Art, &#8230;<\/td>\n<td>Itineraris virtuals del museu<\/td>\n<\/tr>\n<tr>\n<td>El Prado<\/td>\n<td><a href=\"https:\/\/www.museodelprado.es\/actualidad\" target=\"_blank\" rel=\"noopener noreferrer\">Enlla\u00e7<\/a><\/td>\n<td>Cinema, Museus virtuals, Art, &#8230;<\/td>\n<td>Seccions exposicions i interactius<\/td>\n<\/tr>\n<tr>\n<td>Louvre<\/td>\n<td><a href=\"https:\/\/www.louvre.fr\/en\/visites-en-ligne\" target=\"_blank\" rel=\"noopener noreferrer\">Enlla\u00e7<\/a><\/td>\n<td>Cinema, Museus virtuals, Art, &#8230;<\/td>\n<td>Recorreguts virtuals. Requereix Flash Player<\/td>\n<\/tr>\n<tr>\n<td>Google<\/td>\n<td><a href=\"https:\/\/artsandculture.google.com\/\" target=\"_blank\" rel=\"noopener noreferrer\">Enlla\u00e7<\/a><\/td>\n<td>Cinema, Museus virtuals, Art, &#8230;<\/td>\n<td>Recorreguts i entorns virtuals diversos<\/td>\n<\/tr>\n<\/tbody>\n<\/table>\n<p>&nbsp;<\/p>\n<p>&nbsp;<\/p>\n<p>&nbsp;<\/p>\n<p>Imatge de noticia obtinguda de manera gratuita de <a href=\"https:\/\/pixabay.com\/es\/illustrations\/coronavirus-corona-virus-covid-19-4833754\/\">Pixabay.com<\/a><\/p>\n","protected":false},"excerpt":{"rendered":"<p>En aquesta not\u00edcia anirem recollint i actualitzant totes les informacions que ens arribin al centre i considerem que son d\u2019inter\u00e9s per a la comunitat educativa: noves dates, recomanacions, instruccions, enlla\u00e7os d\u2019inter\u00e8s, \u2026 Si us plau, consulteu-la de manera peri\u00f3dica.&hellip;  <a href=\"https:\/\/agora.xtec.cat\/insjoandaustria\/general\/coronavirus-informacions-importants-al-llarg-del-periode-de-tancament-del-centre\/\" title=\"Read Coronavirus: Informacions importants al llarg del per\u00edode de tancament del centre\">Llegeix m\u00e9s\u00bb<\/a><\/p>\n","protected":false},"author":1,"featured_media":6843,"comment_status":"closed","ping_status":"closed","sticky":false,"template":"","format":"standard","meta":{"_bbp_topic_count":0,"_bbp_reply_count":0,"_bbp_total_topic_count":0,"_bbp_total_reply_count":0,"_bbp_voice_count":0,"_bbp_anonymous_reply_count":0,"_bbp_topic_count_hidden":0,"_bbp_reply_count_hidden":0,"_bbp_forum_subforum_count":0,"footnotes":""},"categories":[1,29],"tags":[383,384,385],"class_list":["post-6841","post","type-post","status-publish","format-standard","has-post-thumbnail","hentry","category-general","category-portada","tag-coronavirus","tag-informacio","tag-recursos"],"post_mailing_queue_ids":[],"_links":{"self":[{"href":"https:\/\/agora.xtec.cat\/insjoandaustria\/wp-json\/wp\/v2\/posts\/6841","targetHints":{"allow":["GET"]}}],"collection":[{"href":"https:\/\/agora.xtec.cat\/insjoandaustria\/wp-json\/wp\/v2\/posts"}],"about":[{"href":"https:\/\/agora.xtec.cat\/insjoandaustria\/wp-json\/wp\/v2\/types\/post"}],"author":[{"embeddable":true,"href":"https:\/\/agora.xtec.cat\/insjoandaustria\/wp-json\/wp\/v2\/users\/1"}],"replies":[{"embeddable":true,"href":"https:\/\/agora.xtec.cat\/insjoandaustria\/wp-json\/wp\/v2\/comments?post=6841"}],"version-history":[{"count":3,"href":"https:\/\/agora.xtec.cat\/insjoandaustria\/wp-json\/wp\/v2\/posts\/6841\/revisions"}],"predecessor-version":[{"id":6845,"href":"https:\/\/agora.xtec.cat\/insjoandaustria\/wp-json\/wp\/v2\/posts\/6841\/revisions\/6845"}],"wp:featuredmedia":[{"embeddable":true,"href":"https:\/\/agora.xtec.cat\/insjoandaustria\/wp-json\/wp\/v2\/media\/6843"}],"wp:attachment":[{"href":"https:\/\/agora.xtec.cat\/insjoandaustria\/wp-json\/wp\/v2\/media?parent=6841"}],"wp:term":[{"taxonomy":"category","embeddable":true,"href":"https:\/\/agora.xtec.cat\/insjoandaustria\/wp-json\/wp\/v2\/categories?post=6841"},{"taxonomy":"post_tag","embeddable":true,"href":"https:\/\/agora.xtec.cat\/insjoandaustria\/wp-json\/wp\/v2\/tags?post=6841"}],"curies":[{"name":"wp","href":"https:\/\/api.w.org\/{rel}","templated":true}]}}