{"id":6834,"date":"2020-04-03T12:11:46","date_gmt":"2020-04-03T10:11:46","guid":{"rendered":"http:\/\/agora.xtec.cat\/insjoandaustria\/?p=6834"},"modified":"2020-04-15T12:11:57","modified_gmt":"2020-04-15T10:11:57","slug":"croniques-des-del-confinament","status":"publish","type":"post","link":"https:\/\/agora.xtec.cat\/insjoandaustria\/eso\/croniques-des-del-confinament\/","title":{"rendered":"Cr\u00f2niques des del confinament"},"content":{"rendered":"<p>Com estan vivint l&#8217;alumnat i les seves fam\u00edlies aquestes setmanes de confinament a casa? Els nois i noies de l&#8217;optativa de r\u00e0dio de 3r d&#8217;ESO de l&#8217;institut han preparat unes cr\u00f2niques que il\u00b7lustren com passen aquests dies ells i les seves fam\u00edlies. (Anirem ampliant les cr\u00f2niques disponibles).<\/p>\n<p><iframe src=\"https:\/\/www.ivoox.com\/player_ej_50039895_4_1.html?c1=ff6600\" height=\"200\" frameborder=\"0\"><\/iframe><br \/>\n<iframe src=\"https:\/\/www.ivoox.com\/player_ej_49590358_4_1.html?c1=ff6600\" height=\"200\" frameborder=\"0\"><\/iframe><br \/>\n<iframe src=\"https:\/\/www.ivoox.com\/player_ej_49591024_4_1.html?c1=ff6600\" height=\"200\" frameborder=\"0\"><\/iframe><br \/>\n<iframe src=\"https:\/\/www.ivoox.com\/player_ej_49591079_4_1.html?c1=ff6600\" height=\"200\" frameborder=\"0\"><\/iframe><\/p>\n","protected":false},"excerpt":{"rendered":"<p>Com estan vivint l&#8217;alumnat i les seves fam\u00edlies aquestes setmanes de confinament a casa? Els nois i noies de l&#8217;optativa de r\u00e0dio de 3r d&#8217;ESO de l&#8217;institut han preparat unes cr\u00f2niques que il\u00b7lustren com passen aquests dies ells i les seves fam\u00edlies. (Anirem ampliant les&hellip;  <a href=\"https:\/\/agora.xtec.cat\/insjoandaustria\/eso\/croniques-des-del-confinament\/\" title=\"Read Cr\u00f2niques des del confinament\">Llegeix m\u00e9s\u00bb<\/a><\/p>\n","protected":false},"author":512,"featured_media":6840,"comment_status":"closed","ping_status":"closed","sticky":false,"template":"","format":"standard","meta":{"_bbp_topic_count":0,"_bbp_reply_count":0,"_bbp_total_topic_count":0,"_bbp_total_reply_count":0,"_bbp_voice_count":0,"_bbp_anonymous_reply_count":0,"_bbp_topic_count_hidden":0,"_bbp_reply_count_hidden":0,"_bbp_forum_subforum_count":0,"footnotes":""},"categories":[3,29,93],"tags":[],"class_list":["post-6834","post","type-post","status-publish","format-standard","has-post-thumbnail","hentry","category-eso","category-portada","category-radio"],"post_mailing_queue_ids":[],"_links":{"self":[{"href":"https:\/\/agora.xtec.cat\/insjoandaustria\/wp-json\/wp\/v2\/posts\/6834","targetHints":{"allow":["GET"]}}],"collection":[{"href":"https:\/\/agora.xtec.cat\/insjoandaustria\/wp-json\/wp\/v2\/posts"}],"about":[{"href":"https:\/\/agora.xtec.cat\/insjoandaustria\/wp-json\/wp\/v2\/types\/post"}],"author":[{"embeddable":true,"href":"https:\/\/agora.xtec.cat\/insjoandaustria\/wp-json\/wp\/v2\/users\/512"}],"replies":[{"embeddable":true,"href":"https:\/\/agora.xtec.cat\/insjoandaustria\/wp-json\/wp\/v2\/comments?post=6834"}],"version-history":[{"count":3,"href":"https:\/\/agora.xtec.cat\/insjoandaustria\/wp-json\/wp\/v2\/posts\/6834\/revisions"}],"predecessor-version":[{"id":6849,"href":"https:\/\/agora.xtec.cat\/insjoandaustria\/wp-json\/wp\/v2\/posts\/6834\/revisions\/6849"}],"wp:featuredmedia":[{"embeddable":true,"href":"https:\/\/agora.xtec.cat\/insjoandaustria\/wp-json\/wp\/v2\/media\/6840"}],"wp:attachment":[{"href":"https:\/\/agora.xtec.cat\/insjoandaustria\/wp-json\/wp\/v2\/media?parent=6834"}],"wp:term":[{"taxonomy":"category","embeddable":true,"href":"https:\/\/agora.xtec.cat\/insjoandaustria\/wp-json\/wp\/v2\/categories?post=6834"},{"taxonomy":"post_tag","embeddable":true,"href":"https:\/\/agora.xtec.cat\/insjoandaustria\/wp-json\/wp\/v2\/tags?post=6834"}],"curies":[{"name":"wp","href":"https:\/\/api.w.org\/{rel}","templated":true}]}}