{"id":3947,"date":"2017-10-30T18:00:34","date_gmt":"2017-10-30T17:00:34","guid":{"rendered":"http:\/\/agora.xtec.cat\/insjoandaustria\/?p=3947"},"modified":"2017-11-24T20:05:16","modified_gmt":"2017-11-24T19:05:16","slug":"olimpiades-matematiques-uab","status":"publish","type":"post","link":"https:\/\/agora.xtec.cat\/insjoandaustria\/general\/olimpiades-matematiques-uab\/","title":{"rendered":"Olimp\u00edades Matem\u00e0tiques &#8211; UAB"},"content":{"rendered":"<p>Les Olimp\u00edades Matem\u00e0tiques s\u00f3n un concurs internacional que se celebra anualment des de l&#8217;any 1965, i on es competeix resolent problemes d&#8217;alta dificultat per\u00f2 en els que nom\u00e9s s&#8217;utilitzen t\u00e8cniques de nivell de batxillerat.<\/p>\n<p>Quatre alumnes del nostre centre, dos de quart d&#8217;ESO i dos de 1r de Batxillerat, han comen\u00e7at les <em>Sessions de Resoluci\u00f3 de Problemes Matem\u00e0tics (RePMat)<\/em>, amb l&#8217;objectiu de preparar-se per a la fase catalana de l&#8217;Olimp\u00edada Matem\u00e0tica, que es desenvolupar\u00e0 a l&#8217;UAB.<\/p>\n<p>El passat dijous dia 19 d&#8217;octubre, van anar per primera vegada i les sensacions van ser for\u00e7a bones, tot i que, els inicis solen ser una mica durs.<\/p>\n<p>L&#8217;experi\u00e8ncia va ser molt bona, segons ens comenten.<\/p>\n<p>Desitgem que continuin fins a final de curs<\/p>\n<figure class=\"figure wp-caption alignleft\"><a href=\"http:\/\/agora.xtec.cat\/insjoandaustria\/wp-content\/uploads\/usu216\/2017\/11\/IMG_3106.jpg\"><img loading=\"lazy\" decoding=\"async\" class=\"size-medium wp-image-3949\" src=\"http:\/\/agora.xtec.cat\/insjoandaustria\/wp-content\/uploads\/usu216\/2017\/11\/IMG_3106-300x225.jpg\" alt=\"\" width=\"300\" height=\"225\" srcset=\"https:\/\/agora.xtec.cat\/insjoandaustria\/wp-content\/uploads\/usu216\/2017\/11\/IMG_3106-300x225.jpg 300w, https:\/\/agora.xtec.cat\/insjoandaustria\/wp-content\/uploads\/usu216\/2017\/11\/IMG_3106-768x576.jpg 768w, https:\/\/agora.xtec.cat\/insjoandaustria\/wp-content\/uploads\/usu216\/2017\/11\/IMG_3106-1024x768.jpg 1024w, https:\/\/agora.xtec.cat\/insjoandaustria\/wp-content\/uploads\/usu216\/2017\/11\/IMG_3106-200x150.jpg 200w, https:\/\/agora.xtec.cat\/insjoandaustria\/wp-content\/uploads\/usu216\/2017\/11\/IMG_3106.jpg 1280w\" sizes=\"auto, (max-width: 300px) 100vw, 300px\" \/><\/a><figcaption class=\"wp-caption-text\">Yeray Bocardo Mu\u00f1oz (1A), Fernando Sanz Casado (1A), Berta Brunet Ruiz (QA), i Judith P\u00e9rez Rambaud (QB)<\/figcaption><\/figure>\n<p>&nbsp;<\/p>\n","protected":false},"excerpt":{"rendered":"<p>Les Olimp\u00edades Matem\u00e0tiques s\u00f3n un concurs internacional que se celebra anualment des de l&#8217;any 1965, i on es competeix resolent problemes d&#8217;alta dificultat per\u00f2 en els que nom\u00e9s s&#8217;utilitzen t\u00e8cniques de nivell de batxillerat.<br \/>\nQuatre alumnes del nostre centre, dos de quart d&#8217;ESO i dos de&hellip;  <a href=\"https:\/\/agora.xtec.cat\/insjoandaustria\/general\/olimpiades-matematiques-uab\/\" title=\"Read Olimp\u00edades Matem\u00e0tiques &#8211; UAB\">Llegeix m\u00e9s\u00bb<\/a><\/p>\n","protected":false},"author":270,"featured_media":3948,"comment_status":"closed","ping_status":"closed","sticky":false,"template":"","format":"standard","meta":{"_bbp_topic_count":0,"_bbp_reply_count":0,"_bbp_total_topic_count":0,"_bbp_total_reply_count":0,"_bbp_voice_count":0,"_bbp_anonymous_reply_count":0,"_bbp_topic_count_hidden":0,"_bbp_reply_count_hidden":0,"_bbp_forum_subforum_count":0,"footnotes":""},"categories":[8,3,1,29],"tags":[289],"class_list":["post-3947","post","type-post","status-publish","format-standard","has-post-thumbnail","hentry","category-batxillerat","category-eso","category-general","category-portada","tag-olimpiades"],"post_mailing_queue_ids":[],"_links":{"self":[{"href":"https:\/\/agora.xtec.cat\/insjoandaustria\/wp-json\/wp\/v2\/posts\/3947","targetHints":{"allow":["GET"]}}],"collection":[{"href":"https:\/\/agora.xtec.cat\/insjoandaustria\/wp-json\/wp\/v2\/posts"}],"about":[{"href":"https:\/\/agora.xtec.cat\/insjoandaustria\/wp-json\/wp\/v2\/types\/post"}],"author":[{"embeddable":true,"href":"https:\/\/agora.xtec.cat\/insjoandaustria\/wp-json\/wp\/v2\/users\/270"}],"replies":[{"embeddable":true,"href":"https:\/\/agora.xtec.cat\/insjoandaustria\/wp-json\/wp\/v2\/comments?post=3947"}],"version-history":[{"count":3,"href":"https:\/\/agora.xtec.cat\/insjoandaustria\/wp-json\/wp\/v2\/posts\/3947\/revisions"}],"predecessor-version":[{"id":3952,"href":"https:\/\/agora.xtec.cat\/insjoandaustria\/wp-json\/wp\/v2\/posts\/3947\/revisions\/3952"}],"wp:featuredmedia":[{"embeddable":true,"href":"https:\/\/agora.xtec.cat\/insjoandaustria\/wp-json\/wp\/v2\/media\/3948"}],"wp:attachment":[{"href":"https:\/\/agora.xtec.cat\/insjoandaustria\/wp-json\/wp\/v2\/media?parent=3947"}],"wp:term":[{"taxonomy":"category","embeddable":true,"href":"https:\/\/agora.xtec.cat\/insjoandaustria\/wp-json\/wp\/v2\/categories?post=3947"},{"taxonomy":"post_tag","embeddable":true,"href":"https:\/\/agora.xtec.cat\/insjoandaustria\/wp-json\/wp\/v2\/tags?post=3947"}],"curies":[{"name":"wp","href":"https:\/\/api.w.org\/{rel}","templated":true}]}}