{"id":1389,"date":"2016-01-12T16:28:46","date_gmt":"2016-01-12T15:28:46","guid":{"rendered":"http:\/\/agora.xtec.cat\/insjoandaustria\/?p=1389"},"modified":"2016-01-12T16:28:46","modified_gmt":"2016-01-12T15:28:46","slug":"participacio-a-les-proves-cangur","status":"publish","type":"post","link":"https:\/\/agora.xtec.cat\/insjoandaustria\/general\/participacio-a-les-proves-cangur\/","title":{"rendered":"Participaci\u00f3 a les proves cangur"},"content":{"rendered":"<p>Un any m\u00e9s, estem preparant la participaci\u00f3 del centre a les proves Cangur, que tindran lloc el proper 7 d&#8217;abril.<br \/>\nAquestes proves consisteixen en un concurs de coneixements matem\u00e0tics adre\u00e7ats als centres de prim\u00e0ria i secund\u00e0ria. Esta dividit en diversos nivells, nosaltres participem en els de quart de l&#8217;ESO, i primer i segon de batxillerat.<br \/>\nDes de l&#8217;institut es potencien aquestes activitats amb diverses mat\u00e8ries optatives per tal de millorar les compet\u00e8ncies matem\u00e0tiques del alumnes que s&#8217;hi han de presentar.<br \/>\nEsperem tenir aquest any tan bons resultats com en la convoc\u00e0toria passada en que l&#8217;alumne Daniel P\u00e9rez G\u00f3mez de QC va obtenir una menci\u00f3 especial per part de la comissi\u00f3 organitzadora.<\/p>\n<p>Salutacions i gracies. <\/p>\n","protected":false},"excerpt":{"rendered":"<p>Un any m\u00e9s, estem preparant la participaci\u00f3 del centre a les proves Cangur, que tindran lloc el proper 7 d&#8217;abril.<br \/>\nAquestes proves consisteixen en un concurs de coneixements matem\u00e0tics adre\u00e7ats als centres de prim\u00e0ria i secund\u00e0ria. Esta dividit en diversos nivells, nosaltres participem en els de&hellip;  <a href=\"https:\/\/agora.xtec.cat\/insjoandaustria\/general\/participacio-a-les-proves-cangur\/\" title=\"Read Participaci\u00f3 a les proves cangur\">Llegeix m\u00e9s\u00bb<\/a><\/p>\n","protected":false},"author":21,"featured_media":1388,"comment_status":"open","ping_status":"open","sticky":false,"template":"","format":"standard","meta":{"_bbp_topic_count":0,"_bbp_reply_count":0,"_bbp_total_topic_count":0,"_bbp_total_reply_count":0,"_bbp_voice_count":0,"_bbp_anonymous_reply_count":0,"_bbp_topic_count_hidden":0,"_bbp_reply_count_hidden":0,"_bbp_forum_subforum_count":0,"footnotes":""},"categories":[31,8,124,3,1,29,70],"tags":[],"class_list":["post-1389","post","type-post","status-publish","format-standard","has-post-thumbnail","hentry","category-afa","category-batxillerat","category-escoles","category-eso","category-general","category-portada","category-projectes"],"post_mailing_queue_ids":[],"_links":{"self":[{"href":"https:\/\/agora.xtec.cat\/insjoandaustria\/wp-json\/wp\/v2\/posts\/1389","targetHints":{"allow":["GET"]}}],"collection":[{"href":"https:\/\/agora.xtec.cat\/insjoandaustria\/wp-json\/wp\/v2\/posts"}],"about":[{"href":"https:\/\/agora.xtec.cat\/insjoandaustria\/wp-json\/wp\/v2\/types\/post"}],"author":[{"embeddable":true,"href":"https:\/\/agora.xtec.cat\/insjoandaustria\/wp-json\/wp\/v2\/users\/21"}],"replies":[{"embeddable":true,"href":"https:\/\/agora.xtec.cat\/insjoandaustria\/wp-json\/wp\/v2\/comments?post=1389"}],"version-history":[{"count":1,"href":"https:\/\/agora.xtec.cat\/insjoandaustria\/wp-json\/wp\/v2\/posts\/1389\/revisions"}],"predecessor-version":[{"id":1390,"href":"https:\/\/agora.xtec.cat\/insjoandaustria\/wp-json\/wp\/v2\/posts\/1389\/revisions\/1390"}],"wp:featuredmedia":[{"embeddable":true,"href":"https:\/\/agora.xtec.cat\/insjoandaustria\/wp-json\/wp\/v2\/media\/1388"}],"wp:attachment":[{"href":"https:\/\/agora.xtec.cat\/insjoandaustria\/wp-json\/wp\/v2\/media?parent=1389"}],"wp:term":[{"taxonomy":"category","embeddable":true,"href":"https:\/\/agora.xtec.cat\/insjoandaustria\/wp-json\/wp\/v2\/categories?post=1389"},{"taxonomy":"post_tag","embeddable":true,"href":"https:\/\/agora.xtec.cat\/insjoandaustria\/wp-json\/wp\/v2\/tags?post=1389"}],"curies":[{"name":"wp","href":"https:\/\/api.w.org\/{rel}","templated":true}]}}