{"id":12594,"date":"2026-04-30T08:22:25","date_gmt":"2026-04-30T06:22:25","guid":{"rendered":"https:\/\/agora.xtec.cat\/insjoandaustria\/?p=12594"},"modified":"2026-04-30T08:22:25","modified_gmt":"2026-04-30T06:22:25","slug":"gran-exit-de-la-fira-dorientacio-organitzada-per-lalumnat-de-fopp","status":"publish","type":"post","link":"https:\/\/agora.xtec.cat\/insjoandaustria\/general\/gran-exit-de-la-fira-dorientacio-organitzada-per-lalumnat-de-fopp\/","title":{"rendered":"Gran \u00e8xit de la Fira d\u2019Orientaci\u00f3 organitzada per l\u2019alumnat de FOPP"},"content":{"rendered":"<p>El nostre institut ha celebrat recentment una\u00a0<strong>Fira d\u2019Orientaci\u00f3 acad\u00e8mica i professional<\/strong>, organitzada per l\u2019alumnat de l&#8217;optativa de 4t,\u00a0<strong>FOPP<\/strong>, que ha estat tot un \u00e8xit de participaci\u00f3 i implicaci\u00f3.<\/p>\n<p>Durant la jornada, els i les alumnes de FOPP van assumir el rol d\u2019orientadors i orientadores, assessorant els seus companys i companyes sobre diferents itineraris acad\u00e8mics i professionals. A trav\u00e9s de punts informatius, explicacions personalitzades i materials elaborats pr\u00e8viament, van poder guiar altres estudiants en la presa de decisions sobre el seu futur formatiu.<\/p>\n<p>L\u2019activitat va destacar pel gran nivell de preparaci\u00f3 de l\u2019alumnat, aix\u00ed com per la seva capacitat comunicativa i el seu comprom\u00eds amb l\u2019acompanyament dels companys. Aquesta experi\u00e8ncia ha perm\u00e8s treballar compet\u00e8ncies clau com l\u2019autonomia, la responsabilitat, el treball en equip i l\u2019orientaci\u00f3 entre iguals.<\/p>\n<p>Des del centre volem felicitar tot l\u2019alumnat de FOPP per la seva implicaci\u00f3 i pel gran treball realitzat, que ha contribu\u00eft a crear un espai d\u2019orientaci\u00f3 \u00fatil, proper i enriquidor per a tota la comunitat educativa.<\/p>\n<p>&nbsp;<\/p>\n<p><a href=\"https:\/\/agora.xtec.cat\/insjoandaustria\/wp-content\/uploads\/usu216\/2026\/04\/IMG_9592.jpeg\"><img loading=\"lazy\" decoding=\"async\" class=\"alignnone size-full wp-image-12595\" src=\"https:\/\/agora.xtec.cat\/insjoandaustria\/wp-content\/uploads\/usu216\/2026\/04\/IMG_9592.jpeg\" alt=\"\" width=\"360\" height=\"640\" srcset=\"https:\/\/agora.xtec.cat\/insjoandaustria\/wp-content\/uploads\/usu216\/2026\/04\/IMG_9592.jpeg 360w, https:\/\/agora.xtec.cat\/insjoandaustria\/wp-content\/uploads\/usu216\/2026\/04\/IMG_9592-169x300.jpeg 169w\" sizes=\"auto, (max-width: 360px) 100vw, 360px\" \/><\/a> <a href=\"https:\/\/agora.xtec.cat\/insjoandaustria\/wp-content\/uploads\/usu216\/2026\/04\/IMG_9597.jpeg\"><img loading=\"lazy\" decoding=\"async\" class=\"alignnone size-large wp-image-12596\" src=\"https:\/\/agora.xtec.cat\/insjoandaustria\/wp-content\/uploads\/usu216\/2026\/04\/IMG_9597.jpeg\" alt=\"\" width=\"640\" height=\"360\" srcset=\"https:\/\/agora.xtec.cat\/insjoandaustria\/wp-content\/uploads\/usu216\/2026\/04\/IMG_9597.jpeg 640w, https:\/\/agora.xtec.cat\/insjoandaustria\/wp-content\/uploads\/usu216\/2026\/04\/IMG_9597-300x169.jpeg 300w\" sizes=\"auto, (max-width: 640px) 100vw, 640px\" \/><\/a> <a href=\"https:\/\/agora.xtec.cat\/insjoandaustria\/wp-content\/uploads\/usu216\/2026\/04\/IMG_9598.jpeg\"><img loading=\"lazy\" decoding=\"async\" class=\"alignnone size-large wp-image-12597\" src=\"https:\/\/agora.xtec.cat\/insjoandaustria\/wp-content\/uploads\/usu216\/2026\/04\/IMG_9598.jpeg\" alt=\"\" width=\"640\" height=\"360\" srcset=\"https:\/\/agora.xtec.cat\/insjoandaustria\/wp-content\/uploads\/usu216\/2026\/04\/IMG_9598.jpeg 640w, https:\/\/agora.xtec.cat\/insjoandaustria\/wp-content\/uploads\/usu216\/2026\/04\/IMG_9598-300x169.jpeg 300w\" sizes=\"auto, (max-width: 640px) 100vw, 640px\" \/><\/a> <a href=\"https:\/\/agora.xtec.cat\/insjoandaustria\/wp-content\/uploads\/usu216\/2026\/04\/IMG_9596.jpeg\"><img loading=\"lazy\" decoding=\"async\" class=\"alignnone size-large wp-image-12598\" src=\"https:\/\/agora.xtec.cat\/insjoandaustria\/wp-content\/uploads\/usu216\/2026\/04\/IMG_9596.jpeg\" alt=\"\" width=\"640\" height=\"360\" srcset=\"https:\/\/agora.xtec.cat\/insjoandaustria\/wp-content\/uploads\/usu216\/2026\/04\/IMG_9596.jpeg 640w, https:\/\/agora.xtec.cat\/insjoandaustria\/wp-content\/uploads\/usu216\/2026\/04\/IMG_9596-300x169.jpeg 300w\" sizes=\"auto, (max-width: 640px) 100vw, 640px\" \/><\/a> <a href=\"https:\/\/agora.xtec.cat\/insjoandaustria\/wp-content\/uploads\/usu216\/2026\/04\/IMG_9595.jpeg\"><img loading=\"lazy\" decoding=\"async\" class=\"alignnone size-large wp-image-12599\" src=\"https:\/\/agora.xtec.cat\/insjoandaustria\/wp-content\/uploads\/usu216\/2026\/04\/IMG_9595.jpeg\" alt=\"\" width=\"640\" height=\"360\" srcset=\"https:\/\/agora.xtec.cat\/insjoandaustria\/wp-content\/uploads\/usu216\/2026\/04\/IMG_9595.jpeg 640w, https:\/\/agora.xtec.cat\/insjoandaustria\/wp-content\/uploads\/usu216\/2026\/04\/IMG_9595-300x169.jpeg 300w\" sizes=\"auto, (max-width: 640px) 100vw, 640px\" \/><\/a> <a href=\"https:\/\/agora.xtec.cat\/insjoandaustria\/wp-content\/uploads\/usu216\/2026\/04\/IMG_9591.jpeg\"><img loading=\"lazy\" decoding=\"async\" class=\"alignnone size-large wp-image-12600\" src=\"https:\/\/agora.xtec.cat\/insjoandaustria\/wp-content\/uploads\/usu216\/2026\/04\/IMG_9591.jpeg\" alt=\"\" width=\"360\" height=\"640\" srcset=\"https:\/\/agora.xtec.cat\/insjoandaustria\/wp-content\/uploads\/usu216\/2026\/04\/IMG_9591.jpeg 360w, https:\/\/agora.xtec.cat\/insjoandaustria\/wp-content\/uploads\/usu216\/2026\/04\/IMG_9591-169x300.jpeg 169w\" sizes=\"auto, (max-width: 360px) 100vw, 360px\" \/><\/a> <a href=\"https:\/\/agora.xtec.cat\/insjoandaustria\/wp-content\/uploads\/usu216\/2026\/04\/IMG_9587.jpeg\"><img loading=\"lazy\" decoding=\"async\" class=\"alignnone size-large wp-image-12601\" src=\"https:\/\/agora.xtec.cat\/insjoandaustria\/wp-content\/uploads\/usu216\/2026\/04\/IMG_9587.jpeg\" alt=\"\" width=\"360\" height=\"640\" srcset=\"https:\/\/agora.xtec.cat\/insjoandaustria\/wp-content\/uploads\/usu216\/2026\/04\/IMG_9587.jpeg 360w, https:\/\/agora.xtec.cat\/insjoandaustria\/wp-content\/uploads\/usu216\/2026\/04\/IMG_9587-169x300.jpeg 169w\" sizes=\"auto, (max-width: 360px) 100vw, 360px\" \/><\/a> <a href=\"https:\/\/agora.xtec.cat\/insjoandaustria\/wp-content\/uploads\/usu216\/2026\/04\/IMG_9589.jpeg\"><img loading=\"lazy\" decoding=\"async\" class=\"alignnone size-large wp-image-12602\" src=\"https:\/\/agora.xtec.cat\/insjoandaustria\/wp-content\/uploads\/usu216\/2026\/04\/IMG_9589.jpeg\" alt=\"\" width=\"640\" height=\"360\" srcset=\"https:\/\/agora.xtec.cat\/insjoandaustria\/wp-content\/uploads\/usu216\/2026\/04\/IMG_9589.jpeg 640w, https:\/\/agora.xtec.cat\/insjoandaustria\/wp-content\/uploads\/usu216\/2026\/04\/IMG_9589-300x169.jpeg 300w\" sizes=\"auto, (max-width: 640px) 100vw, 640px\" \/><\/a> \u00a0\u00a0<a href=\"https:\/\/agora.xtec.cat\/insjoandaustria\/wp-content\/uploads\/usu216\/2026\/04\/IMG_9580.jpeg\"><img loading=\"lazy\" decoding=\"async\" class=\"alignnone size-large wp-image-12605\" src=\"https:\/\/agora.xtec.cat\/insjoandaustria\/wp-content\/uploads\/usu216\/2026\/04\/IMG_9580.jpeg\" alt=\"\" width=\"640\" height=\"360\" srcset=\"https:\/\/agora.xtec.cat\/insjoandaustria\/wp-content\/uploads\/usu216\/2026\/04\/IMG_9580.jpeg 640w, https:\/\/agora.xtec.cat\/insjoandaustria\/wp-content\/uploads\/usu216\/2026\/04\/IMG_9580-300x169.jpeg 300w\" sizes=\"auto, (max-width: 640px) 100vw, 640px\" \/><\/a><\/p>\n","protected":false},"excerpt":{"rendered":"<p>El nostre institut ha celebrat recentment una\u00a0Fira d\u2019Orientaci\u00f3 acad\u00e8mica i professional, organitzada per l\u2019alumnat de l&#8217;optativa de 4t,\u00a0FOPP, que ha estat tot un \u00e8xit de participaci\u00f3 i implicaci\u00f3.<br \/>\nDurant la jornada, els i les alumnes de FOPP van assumir el rol d\u2019orientadors i orientadores, assessorant els&hellip;  <a href=\"https:\/\/agora.xtec.cat\/insjoandaustria\/general\/gran-exit-de-la-fira-dorientacio-organitzada-per-lalumnat-de-fopp\/\" title=\"Read Gran \u00e8xit de la Fira d\u2019Orientaci\u00f3 organitzada per l\u2019alumnat de FOPP\">Llegeix m\u00e9s\u00bb<\/a><\/p>\n","protected":false},"author":939,"featured_media":12599,"comment_status":"closed","ping_status":"open","sticky":false,"template":"","format":"standard","meta":{"_bbp_topic_count":0,"_bbp_reply_count":0,"_bbp_total_topic_count":0,"_bbp_total_reply_count":0,"_bbp_voice_count":0,"_bbp_anonymous_reply_count":0,"_bbp_topic_count_hidden":0,"_bbp_reply_count_hidden":0,"_bbp_forum_subforum_count":0,"footnotes":""},"categories":[3,1,29],"tags":[],"class_list":["post-12594","post","type-post","status-publish","format-standard","has-post-thumbnail","hentry","category-eso","category-general","category-portada"],"post_mailing_queue_ids":[],"_links":{"self":[{"href":"https:\/\/agora.xtec.cat\/insjoandaustria\/wp-json\/wp\/v2\/posts\/12594","targetHints":{"allow":["GET"]}}],"collection":[{"href":"https:\/\/agora.xtec.cat\/insjoandaustria\/wp-json\/wp\/v2\/posts"}],"about":[{"href":"https:\/\/agora.xtec.cat\/insjoandaustria\/wp-json\/wp\/v2\/types\/post"}],"author":[{"embeddable":true,"href":"https:\/\/agora.xtec.cat\/insjoandaustria\/wp-json\/wp\/v2\/users\/939"}],"replies":[{"embeddable":true,"href":"https:\/\/agora.xtec.cat\/insjoandaustria\/wp-json\/wp\/v2\/comments?post=12594"}],"version-history":[{"count":1,"href":"https:\/\/agora.xtec.cat\/insjoandaustria\/wp-json\/wp\/v2\/posts\/12594\/revisions"}],"predecessor-version":[{"id":12606,"href":"https:\/\/agora.xtec.cat\/insjoandaustria\/wp-json\/wp\/v2\/posts\/12594\/revisions\/12606"}],"wp:featuredmedia":[{"embeddable":true,"href":"https:\/\/agora.xtec.cat\/insjoandaustria\/wp-json\/wp\/v2\/media\/12599"}],"wp:attachment":[{"href":"https:\/\/agora.xtec.cat\/insjoandaustria\/wp-json\/wp\/v2\/media?parent=12594"}],"wp:term":[{"taxonomy":"category","embeddable":true,"href":"https:\/\/agora.xtec.cat\/insjoandaustria\/wp-json\/wp\/v2\/categories?post=12594"},{"taxonomy":"post_tag","embeddable":true,"href":"https:\/\/agora.xtec.cat\/insjoandaustria\/wp-json\/wp\/v2\/tags?post=12594"}],"curies":[{"name":"wp","href":"https:\/\/api.w.org\/{rel}","templated":true}]}}