{"id":12428,"date":"2026-02-12T13:06:24","date_gmt":"2026-02-12T12:06:24","guid":{"rendered":"https:\/\/agora.xtec.cat\/insjoandaustria\/?p=12428"},"modified":"2026-02-19T12:19:43","modified_gmt":"2026-02-19T11:19:43","slug":"les-exploracions-a-lafrica","status":"publish","type":"post","link":"https:\/\/agora.xtec.cat\/insjoandaustria\/general\/les-exploracions-a-lafrica\/","title":{"rendered":"Les exploracions a l&#8217;\u00c0frica"},"content":{"rendered":"<p>Despr\u00e9s d&#8217;haver treballat l&#8217;imperialisme del segle XIX dut a terme per diferents pa\u00efsos europeus, l&#8217;alumnat de Primer de Batxillerat ha pogut con\u00e9ixer i investigar de m\u00e9s a prop les vides d&#8217;alguns dels exploradors i exploradores que es van aventurar a l&#8217;\u00c0frica per obrir nous camps d&#8217;exploraci\u00f3 i descobrir nous animals, plantes, nous espais geogr\u00e0fics i altres civilitzacions.<\/p>\n<p>En un treball realitzat en grups, han creat uns jocs sobre aquests exploradors amb el Genially. Aqu\u00ed teniu l&#8217;enlla\u00e7 per poder-hi entrar. <span style=\"color: #ff0000;\"><strong><a style=\"color: #ff0000;\" href=\"https:\/\/view.genially.com\/696d1657273f9bd5b8ca9ea6\/interactive-content-el-joc-dels-exploradors-i-exploradores-del-segle-xix\">Entra al joc<\/a><\/strong><\/span><\/p>\n<p><a href=\"https:\/\/agora.xtec.cat\/insjoandaustria\/wp-content\/uploads\/usu216\/2026\/02\/Captura-de-pantalla-2026-02-12-130256.png\"><img loading=\"lazy\" decoding=\"async\" class=\"size-large wp-image-12429 aligncenter\" src=\"https:\/\/agora.xtec.cat\/insjoandaustria\/wp-content\/uploads\/usu216\/2026\/02\/Captura-de-pantalla-2026-02-12-130256-1024x573.png\" alt=\"\" width=\"1024\" height=\"573\" srcset=\"https:\/\/agora.xtec.cat\/insjoandaustria\/wp-content\/uploads\/usu216\/2026\/02\/Captura-de-pantalla-2026-02-12-130256-1024x573.png 1024w, https:\/\/agora.xtec.cat\/insjoandaustria\/wp-content\/uploads\/usu216\/2026\/02\/Captura-de-pantalla-2026-02-12-130256-300x168.png 300w, https:\/\/agora.xtec.cat\/insjoandaustria\/wp-content\/uploads\/usu216\/2026\/02\/Captura-de-pantalla-2026-02-12-130256-768x430.png 768w, https:\/\/agora.xtec.cat\/insjoandaustria\/wp-content\/uploads\/usu216\/2026\/02\/Captura-de-pantalla-2026-02-12-130256.png 1378w\" sizes=\"auto, (max-width: 1024px) 100vw, 1024px\" \/><\/a><\/p>\n","protected":false},"excerpt":{"rendered":"<p>Despr\u00e9s d&#8217;haver treballat l&#8217;imperialisme del segle XIX dut a terme per diferents pa\u00efsos europeus, l&#8217;alumnat de Primer de Batxillerat ha pogut con\u00e9ixer i investigar de m\u00e9s a prop les vides d&#8217;alguns dels exploradors i exploradores que es van aventurar a l&#8217;\u00c0frica per obrir nous camps&hellip;  <a href=\"https:\/\/agora.xtec.cat\/insjoandaustria\/general\/les-exploracions-a-lafrica\/\" title=\"Read Les exploracions a l&#8217;\u00c0frica\">Llegeix m\u00e9s\u00bb<\/a><\/p>\n","protected":false},"author":430,"featured_media":12429,"comment_status":"closed","ping_status":"open","sticky":false,"template":"","format":"standard","meta":{"_bbp_topic_count":0,"_bbp_reply_count":0,"_bbp_total_topic_count":0,"_bbp_total_reply_count":0,"_bbp_voice_count":0,"_bbp_anonymous_reply_count":0,"_bbp_topic_count_hidden":0,"_bbp_reply_count_hidden":0,"_bbp_forum_subforum_count":0,"footnotes":""},"categories":[8,1,29],"tags":[],"class_list":["post-12428","post","type-post","status-publish","format-standard","has-post-thumbnail","hentry","category-batxillerat","category-general","category-portada"],"post_mailing_queue_ids":[],"_links":{"self":[{"href":"https:\/\/agora.xtec.cat\/insjoandaustria\/wp-json\/wp\/v2\/posts\/12428","targetHints":{"allow":["GET"]}}],"collection":[{"href":"https:\/\/agora.xtec.cat\/insjoandaustria\/wp-json\/wp\/v2\/posts"}],"about":[{"href":"https:\/\/agora.xtec.cat\/insjoandaustria\/wp-json\/wp\/v2\/types\/post"}],"author":[{"embeddable":true,"href":"https:\/\/agora.xtec.cat\/insjoandaustria\/wp-json\/wp\/v2\/users\/430"}],"replies":[{"embeddable":true,"href":"https:\/\/agora.xtec.cat\/insjoandaustria\/wp-json\/wp\/v2\/comments?post=12428"}],"version-history":[{"count":2,"href":"https:\/\/agora.xtec.cat\/insjoandaustria\/wp-json\/wp\/v2\/posts\/12428\/revisions"}],"predecessor-version":[{"id":12432,"href":"https:\/\/agora.xtec.cat\/insjoandaustria\/wp-json\/wp\/v2\/posts\/12428\/revisions\/12432"}],"wp:featuredmedia":[{"embeddable":true,"href":"https:\/\/agora.xtec.cat\/insjoandaustria\/wp-json\/wp\/v2\/media\/12429"}],"wp:attachment":[{"href":"https:\/\/agora.xtec.cat\/insjoandaustria\/wp-json\/wp\/v2\/media?parent=12428"}],"wp:term":[{"taxonomy":"category","embeddable":true,"href":"https:\/\/agora.xtec.cat\/insjoandaustria\/wp-json\/wp\/v2\/categories?post=12428"},{"taxonomy":"post_tag","embeddable":true,"href":"https:\/\/agora.xtec.cat\/insjoandaustria\/wp-json\/wp\/v2\/tags?post=12428"}],"curies":[{"name":"wp","href":"https:\/\/api.w.org\/{rel}","templated":true}]}}