{"id":12312,"date":"2025-12-04T11:21:53","date_gmt":"2025-12-04T10:21:53","guid":{"rendered":"https:\/\/agora.xtec.cat\/insjoandaustria\/?p=12312"},"modified":"2025-12-04T11:23:29","modified_gmt":"2025-12-04T10:23:29","slug":"2n-de-batxillerat-a-vic","status":"publish","type":"post","link":"https:\/\/agora.xtec.cat\/insjoandaustria\/general\/2n-de-batxillerat-a-vic\/","title":{"rendered":"2n de Batxillerat a Vic"},"content":{"rendered":"<p><a href=\"https:\/\/agora.xtec.cat\/insjoandaustria\/wp-content\/uploads\/usu216\/2025\/12\/1000031442-3-scaled.jpg\"><img loading=\"lazy\" decoding=\"async\" class=\"wp-image-12313 aligncenter\" src=\"https:\/\/agora.xtec.cat\/insjoandaustria\/wp-content\/uploads\/usu216\/2025\/12\/1000031442-3-300x225.jpg\" alt=\"\" width=\"750\" height=\"563\" srcset=\"https:\/\/agora.xtec.cat\/insjoandaustria\/wp-content\/uploads\/usu216\/2025\/12\/1000031442-3-300x225.jpg 300w, https:\/\/agora.xtec.cat\/insjoandaustria\/wp-content\/uploads\/usu216\/2025\/12\/1000031442-3-1024x768.jpg 1024w, https:\/\/agora.xtec.cat\/insjoandaustria\/wp-content\/uploads\/usu216\/2025\/12\/1000031442-3-768x576.jpg 768w, https:\/\/agora.xtec.cat\/insjoandaustria\/wp-content\/uploads\/usu216\/2025\/12\/1000031442-3-1536x1152.jpg 1536w, https:\/\/agora.xtec.cat\/insjoandaustria\/wp-content\/uploads\/usu216\/2025\/12\/1000031442-3-2048x1536.jpg 2048w, https:\/\/agora.xtec.cat\/insjoandaustria\/wp-content\/uploads\/usu216\/2025\/12\/1000031442-3-200x150.jpg 200w\" sizes=\"auto, (max-width: 750px) 100vw, 750px\" \/><\/a><\/p>\n<p>Despr\u00e9s dels ex\u00e0mens, i ja que el dia 15 d&#8217;octubre no hi van poder anar per la vaga general que es va convocar, avui l&#8217;alumnat de 2n de Batxillerat \u00e9s a Vic. Sort del motiu nadalenc de la pla\u00e7a Major que els pot abrigar una mica! Esperem que, feta la foto, s&#8217;hagin pogut arrecerar i passar-s&#8217;ho molt b\u00e9 en aquesta sortida tutorial que t\u00e9 l&#8217;objectiu de con\u00e8ixer-se m\u00e9s i crear un grup cohesionat. Endavant i \u00e0nims! Us mantenim informats.<\/p>\n","protected":false},"excerpt":{"rendered":"<p><a href=\"https:\/\/agora.xtec.cat\/insjoandaustria\/wp-content\/uploads\/usu216\/2025\/12\/1000031442-3-scaled.jpg\"><\/a><br \/>\nDespr\u00e9s dels ex\u00e0mens, i ja que el dia 15 d&#8217;octubre no hi van poder anar per la vaga general que es va convocar, avui l&#8217;alumnat de 2n de Batxillerat \u00e9s a Vic. Sort del motiu nadalenc de la pla\u00e7a Major que els pot abrigar&hellip;  <a href=\"https:\/\/agora.xtec.cat\/insjoandaustria\/general\/2n-de-batxillerat-a-vic\/\" title=\"Read 2n de Batxillerat a Vic\">Llegeix m\u00e9s\u00bb<\/a><\/p>\n","protected":false},"author":806,"featured_media":12313,"comment_status":"closed","ping_status":"open","sticky":false,"template":"","format":"standard","meta":{"_bbp_topic_count":0,"_bbp_reply_count":0,"_bbp_total_topic_count":0,"_bbp_total_reply_count":0,"_bbp_voice_count":0,"_bbp_anonymous_reply_count":0,"_bbp_topic_count_hidden":0,"_bbp_reply_count_hidden":0,"_bbp_forum_subforum_count":0,"footnotes":""},"categories":[460,1,29],"tags":[],"class_list":["post-12312","post","type-post","status-publish","format-standard","has-post-thumbnail","hentry","category-2n-batx","category-general","category-portada"],"post_mailing_queue_ids":[],"_links":{"self":[{"href":"https:\/\/agora.xtec.cat\/insjoandaustria\/wp-json\/wp\/v2\/posts\/12312","targetHints":{"allow":["GET"]}}],"collection":[{"href":"https:\/\/agora.xtec.cat\/insjoandaustria\/wp-json\/wp\/v2\/posts"}],"about":[{"href":"https:\/\/agora.xtec.cat\/insjoandaustria\/wp-json\/wp\/v2\/types\/post"}],"author":[{"embeddable":true,"href":"https:\/\/agora.xtec.cat\/insjoandaustria\/wp-json\/wp\/v2\/users\/806"}],"replies":[{"embeddable":true,"href":"https:\/\/agora.xtec.cat\/insjoandaustria\/wp-json\/wp\/v2\/comments?post=12312"}],"version-history":[{"count":3,"href":"https:\/\/agora.xtec.cat\/insjoandaustria\/wp-json\/wp\/v2\/posts\/12312\/revisions"}],"predecessor-version":[{"id":12316,"href":"https:\/\/agora.xtec.cat\/insjoandaustria\/wp-json\/wp\/v2\/posts\/12312\/revisions\/12316"}],"wp:featuredmedia":[{"embeddable":true,"href":"https:\/\/agora.xtec.cat\/insjoandaustria\/wp-json\/wp\/v2\/media\/12313"}],"wp:attachment":[{"href":"https:\/\/agora.xtec.cat\/insjoandaustria\/wp-json\/wp\/v2\/media?parent=12312"}],"wp:term":[{"taxonomy":"category","embeddable":true,"href":"https:\/\/agora.xtec.cat\/insjoandaustria\/wp-json\/wp\/v2\/categories?post=12312"},{"taxonomy":"post_tag","embeddable":true,"href":"https:\/\/agora.xtec.cat\/insjoandaustria\/wp-json\/wp\/v2\/tags?post=12312"}],"curies":[{"name":"wp","href":"https:\/\/api.w.org\/{rel}","templated":true}]}}