{"id":12270,"date":"2025-11-14T13:44:32","date_gmt":"2025-11-14T12:44:32","guid":{"rendered":"https:\/\/agora.xtec.cat\/insjoandaustria\/?p=12270"},"modified":"2025-11-14T13:51:23","modified_gmt":"2025-11-14T12:51:23","slug":"compliment-a-antonio-machado","status":"publish","type":"post","link":"https:\/\/agora.xtec.cat\/insjoandaustria\/general\/compliment-a-antonio-machado\/","title":{"rendered":"Compliment a Antonio Machado"},"content":{"rendered":"<p><a href=\"https:\/\/agora.xtec.cat\/insjoandaustria\/wp-content\/uploads\/usu216\/2025\/11\/1000228607-scaled.jpg\"><img loading=\"lazy\" decoding=\"async\" class=\"wp-image-12273 aligncenter\" src=\"https:\/\/agora.xtec.cat\/insjoandaustria\/wp-content\/uploads\/usu216\/2025\/11\/1000228607-300x225.jpg\" alt=\"\" width=\"650\" height=\"488\" srcset=\"https:\/\/agora.xtec.cat\/insjoandaustria\/wp-content\/uploads\/usu216\/2025\/11\/1000228607-300x225.jpg 300w, https:\/\/agora.xtec.cat\/insjoandaustria\/wp-content\/uploads\/usu216\/2025\/11\/1000228607-1024x768.jpg 1024w, https:\/\/agora.xtec.cat\/insjoandaustria\/wp-content\/uploads\/usu216\/2025\/11\/1000228607-768x576.jpg 768w, https:\/\/agora.xtec.cat\/insjoandaustria\/wp-content\/uploads\/usu216\/2025\/11\/1000228607-1536x1152.jpg 1536w, https:\/\/agora.xtec.cat\/insjoandaustria\/wp-content\/uploads\/usu216\/2025\/11\/1000228607-2048x1536.jpg 2048w, https:\/\/agora.xtec.cat\/insjoandaustria\/wp-content\/uploads\/usu216\/2025\/11\/1000228607-200x150.jpg 200w\" sizes=\"auto, (max-width: 650px) 100vw, 650px\" \/><\/a><\/p>\n<p>L&#8217;alumnat de 1r de Batxillerat es va despla\u00e7ar aquest dilluns passat a Cotlliure per poder gaudir d&#8217;un dia de conviv\u00e8ncia, a m\u00e9s de poder entendre la situaci\u00f3 dels intel\u00b7lectuals que van haver de marxar del pa\u00eds despr\u00e9s de la Guerra Civil. Aix\u00ed \u00e9s com van poder visitar la tomba d&#8217;un dels grans poetes de la literatura espanyola, la d&#8217;Antonio Machado, que mor\u00ed exiliat. All\u00ed recitaren poemes de l&#8217;autor i es feu un sentit homenatge a una de les veus m\u00e9s importants del segle XX.<\/p>\n<p style=\"text-align: center;\">Y al cabo, nada os debo; deb\u00e9isme cuanto he escrito.<br \/>\nA mi trabajo acudo, con mi dinero pago<br \/>\nel traje que me cubre y la mansi\u00f3n que habito,<br \/>\nel pan que me alimenta y el lecho en donde yago.<\/p>\n<p style=\"text-align: center;\"><a href=\"https:\/\/agora.xtec.cat\/insjoandaustria\/wp-content\/uploads\/usu216\/2025\/11\/1000228581-scaled.jpg\"><img loading=\"lazy\" decoding=\"async\" class=\"alignnone wp-image-12278\" src=\"https:\/\/agora.xtec.cat\/insjoandaustria\/wp-content\/uploads\/usu216\/2025\/11\/1000228581-300x225.jpg\" alt=\"\" width=\"500\" height=\"375\" srcset=\"https:\/\/agora.xtec.cat\/insjoandaustria\/wp-content\/uploads\/usu216\/2025\/11\/1000228581-300x225.jpg 300w, https:\/\/agora.xtec.cat\/insjoandaustria\/wp-content\/uploads\/usu216\/2025\/11\/1000228581-1024x768.jpg 1024w, https:\/\/agora.xtec.cat\/insjoandaustria\/wp-content\/uploads\/usu216\/2025\/11\/1000228581-768x576.jpg 768w, https:\/\/agora.xtec.cat\/insjoandaustria\/wp-content\/uploads\/usu216\/2025\/11\/1000228581-1536x1152.jpg 1536w, https:\/\/agora.xtec.cat\/insjoandaustria\/wp-content\/uploads\/usu216\/2025\/11\/1000228581-2048x1536.jpg 2048w, https:\/\/agora.xtec.cat\/insjoandaustria\/wp-content\/uploads\/usu216\/2025\/11\/1000228581-200x150.jpg 200w\" sizes=\"auto, (max-width: 500px) 100vw, 500px\" \/><\/a><\/p>\n<p style=\"text-align: center;\">No t&#8217;he dut flors, Antonio, t&#8217;he portat<br \/>\nun silenci amor\u00f3s, per no interrompre<br \/>\nel teu \u00edntim di\u00e0leg amb la mort<br \/>\nque fa tants anys que dura.<\/p>\n<p style=\"text-align: center;\"><span style=\"font-family: inherit; font-size: 1em;\">(Miquel Mart\u00ed i Pol)<\/span><\/p>\n<p><a href=\"https:\/\/agora.xtec.cat\/insjoandaustria\/wp-content\/uploads\/usu216\/2025\/11\/1000228553-scaled-e1763123946705.jpg\"><img loading=\"lazy\" decoding=\"async\" class=\"alignnone wp-image-12275\" src=\"https:\/\/agora.xtec.cat\/insjoandaustria\/wp-content\/uploads\/usu216\/2025\/11\/1000228553-scaled-e1763123946705-225x300.jpg\" alt=\"\" width=\"400\" height=\"533\" srcset=\"https:\/\/agora.xtec.cat\/insjoandaustria\/wp-content\/uploads\/usu216\/2025\/11\/1000228553-scaled-e1763123946705-225x300.jpg 225w, https:\/\/agora.xtec.cat\/insjoandaustria\/wp-content\/uploads\/usu216\/2025\/11\/1000228553-scaled-e1763123946705-768x1024.jpg 768w, https:\/\/agora.xtec.cat\/insjoandaustria\/wp-content\/uploads\/usu216\/2025\/11\/1000228553-scaled-e1763123946705-1152x1536.jpg 1152w, https:\/\/agora.xtec.cat\/insjoandaustria\/wp-content\/uploads\/usu216\/2025\/11\/1000228553-scaled-e1763123946705-1536x2048.jpg 1536w, https:\/\/agora.xtec.cat\/insjoandaustria\/wp-content\/uploads\/usu216\/2025\/11\/1000228553-scaled-e1763123946705.jpg 1920w\" sizes=\"auto, (max-width: 400px) 100vw, 400px\" \/><\/a> \u00a0\u00a0 <a href=\"https:\/\/agora.xtec.cat\/insjoandaustria\/wp-content\/uploads\/usu216\/2025\/11\/1000228559-scaled-e1763124010416.jpg\"><img loading=\"lazy\" decoding=\"async\" class=\"alignnone wp-image-12272\" src=\"https:\/\/agora.xtec.cat\/insjoandaustria\/wp-content\/uploads\/usu216\/2025\/11\/1000228559-scaled-e1763124010416-225x300.jpg\" alt=\"\" width=\"400\" height=\"533\" srcset=\"https:\/\/agora.xtec.cat\/insjoandaustria\/wp-content\/uploads\/usu216\/2025\/11\/1000228559-scaled-e1763124010416-225x300.jpg 225w, https:\/\/agora.xtec.cat\/insjoandaustria\/wp-content\/uploads\/usu216\/2025\/11\/1000228559-scaled-e1763124010416-768x1024.jpg 768w, https:\/\/agora.xtec.cat\/insjoandaustria\/wp-content\/uploads\/usu216\/2025\/11\/1000228559-scaled-e1763124010416-1152x1536.jpg 1152w, https:\/\/agora.xtec.cat\/insjoandaustria\/wp-content\/uploads\/usu216\/2025\/11\/1000228559-scaled-e1763124010416-1536x2048.jpg 1536w, https:\/\/agora.xtec.cat\/insjoandaustria\/wp-content\/uploads\/usu216\/2025\/11\/1000228559-scaled-e1763124010416.jpg 1920w\" sizes=\"auto, (max-width: 400px) 100vw, 400px\" \/><\/a><\/p>\n<p><a href=\"https:\/\/agora.xtec.cat\/insjoandaustria\/wp-content\/uploads\/usu216\/2025\/11\/1000228557-scaled-e1763124031156.jpg\"><img loading=\"lazy\" decoding=\"async\" class=\"alignnone wp-image-12271\" src=\"https:\/\/agora.xtec.cat\/insjoandaustria\/wp-content\/uploads\/usu216\/2025\/11\/1000228557-scaled-e1763124031156-225x300.jpg\" alt=\"\" width=\"400\" height=\"533\" srcset=\"https:\/\/agora.xtec.cat\/insjoandaustria\/wp-content\/uploads\/usu216\/2025\/11\/1000228557-scaled-e1763124031156-225x300.jpg 225w, https:\/\/agora.xtec.cat\/insjoandaustria\/wp-content\/uploads\/usu216\/2025\/11\/1000228557-scaled-e1763124031156-768x1024.jpg 768w, https:\/\/agora.xtec.cat\/insjoandaustria\/wp-content\/uploads\/usu216\/2025\/11\/1000228557-scaled-e1763124031156-1152x1536.jpg 1152w, https:\/\/agora.xtec.cat\/insjoandaustria\/wp-content\/uploads\/usu216\/2025\/11\/1000228557-scaled-e1763124031156-1536x2048.jpg 1536w, https:\/\/agora.xtec.cat\/insjoandaustria\/wp-content\/uploads\/usu216\/2025\/11\/1000228557-scaled-e1763124031156.jpg 1920w\" sizes=\"auto, (max-width: 400px) 100vw, 400px\" \/>\u00a0\u00a0\u00a0<\/a> <a href=\"https:\/\/agora.xtec.cat\/insjoandaustria\/wp-content\/uploads\/usu216\/2025\/11\/1000228551-scaled-e1763123989498.jpg\"><img loading=\"lazy\" decoding=\"async\" class=\"alignnone wp-image-12274\" src=\"https:\/\/agora.xtec.cat\/insjoandaustria\/wp-content\/uploads\/usu216\/2025\/11\/1000228551-scaled-e1763123989498-225x300.jpg\" alt=\"\" width=\"400\" height=\"533\" srcset=\"https:\/\/agora.xtec.cat\/insjoandaustria\/wp-content\/uploads\/usu216\/2025\/11\/1000228551-scaled-e1763123989498-225x300.jpg 225w, https:\/\/agora.xtec.cat\/insjoandaustria\/wp-content\/uploads\/usu216\/2025\/11\/1000228551-scaled-e1763123989498-768x1024.jpg 768w, https:\/\/agora.xtec.cat\/insjoandaustria\/wp-content\/uploads\/usu216\/2025\/11\/1000228551-scaled-e1763123989498-1152x1536.jpg 1152w, https:\/\/agora.xtec.cat\/insjoandaustria\/wp-content\/uploads\/usu216\/2025\/11\/1000228551-scaled-e1763123989498-1536x2048.jpg 1536w, https:\/\/agora.xtec.cat\/insjoandaustria\/wp-content\/uploads\/usu216\/2025\/11\/1000228551-scaled-e1763123989498.jpg 1920w\" sizes=\"auto, (max-width: 400px) 100vw, 400px\" \/><\/a><\/p>\n","protected":false},"excerpt":{"rendered":"<p><a href=\"https:\/\/agora.xtec.cat\/insjoandaustria\/wp-content\/uploads\/usu216\/2025\/11\/1000228607-scaled.jpg\"><\/a><br \/>\nL&#8217;alumnat de 1r de Batxillerat es va despla\u00e7ar aquest dilluns passat a Cotlliure per poder gaudir d&#8217;un dia de conviv\u00e8ncia, a m\u00e9s de poder entendre la situaci\u00f3 dels intel\u00b7lectuals que van haver de marxar del pa\u00eds despr\u00e9s de la Guerra Civil. Aix\u00ed \u00e9s com&hellip;  <a href=\"https:\/\/agora.xtec.cat\/insjoandaustria\/general\/compliment-a-antonio-machado\/\" title=\"Read Compliment a Antonio Machado\">Llegeix m\u00e9s\u00bb<\/a><\/p>\n","protected":false},"author":806,"featured_media":12273,"comment_status":"closed","ping_status":"open","sticky":false,"template":"","format":"standard","meta":{"_bbp_topic_count":0,"_bbp_reply_count":0,"_bbp_total_topic_count":0,"_bbp_total_reply_count":0,"_bbp_voice_count":0,"_bbp_anonymous_reply_count":0,"_bbp_topic_count_hidden":0,"_bbp_reply_count_hidden":0,"_bbp_forum_subforum_count":0,"footnotes":""},"categories":[459,84,1,458,29],"tags":[],"class_list":["post-12270","post","type-post","status-publish","format-standard","has-post-thumbnail","hentry","category-1r-batx","category-departaments","category-general","category-llengua-i-literatura-castellanes","category-portada"],"post_mailing_queue_ids":[],"_links":{"self":[{"href":"https:\/\/agora.xtec.cat\/insjoandaustria\/wp-json\/wp\/v2\/posts\/12270","targetHints":{"allow":["GET"]}}],"collection":[{"href":"https:\/\/agora.xtec.cat\/insjoandaustria\/wp-json\/wp\/v2\/posts"}],"about":[{"href":"https:\/\/agora.xtec.cat\/insjoandaustria\/wp-json\/wp\/v2\/types\/post"}],"author":[{"embeddable":true,"href":"https:\/\/agora.xtec.cat\/insjoandaustria\/wp-json\/wp\/v2\/users\/806"}],"replies":[{"embeddable":true,"href":"https:\/\/agora.xtec.cat\/insjoandaustria\/wp-json\/wp\/v2\/comments?post=12270"}],"version-history":[{"count":4,"href":"https:\/\/agora.xtec.cat\/insjoandaustria\/wp-json\/wp\/v2\/posts\/12270\/revisions"}],"predecessor-version":[{"id":12282,"href":"https:\/\/agora.xtec.cat\/insjoandaustria\/wp-json\/wp\/v2\/posts\/12270\/revisions\/12282"}],"wp:featuredmedia":[{"embeddable":true,"href":"https:\/\/agora.xtec.cat\/insjoandaustria\/wp-json\/wp\/v2\/media\/12273"}],"wp:attachment":[{"href":"https:\/\/agora.xtec.cat\/insjoandaustria\/wp-json\/wp\/v2\/media?parent=12270"}],"wp:term":[{"taxonomy":"category","embeddable":true,"href":"https:\/\/agora.xtec.cat\/insjoandaustria\/wp-json\/wp\/v2\/categories?post=12270"},{"taxonomy":"post_tag","embeddable":true,"href":"https:\/\/agora.xtec.cat\/insjoandaustria\/wp-json\/wp\/v2\/tags?post=12270"}],"curies":[{"name":"wp","href":"https:\/\/api.w.org\/{rel}","templated":true}]}}