{"id":12260,"date":"2025-11-13T11:25:59","date_gmt":"2025-11-13T10:25:59","guid":{"rendered":"https:\/\/agora.xtec.cat\/insjoandaustria\/?p=12260"},"modified":"2025-11-13T11:26:38","modified_gmt":"2025-11-13T10:26:38","slug":"linstitut-joan-daustria-amb-la-marato-de-3cat","status":"publish","type":"post","link":"https:\/\/agora.xtec.cat\/insjoandaustria\/general\/linstitut-joan-daustria-amb-la-marato-de-3cat\/","title":{"rendered":"L&#8217;Institut Joan d&#8217;\u00c0ustria amb la Marat\u00f3 de 3cat!"},"content":{"rendered":"<p><a href=\"https:\/\/agora.xtec.cat\/insjoandaustria\/wp-content\/uploads\/usu216\/2025\/11\/IMG_20251110_085646-scaled.jpg\"><img loading=\"lazy\" decoding=\"async\" class=\"wp-image-12262 aligncenter\" src=\"https:\/\/agora.xtec.cat\/insjoandaustria\/wp-content\/uploads\/usu216\/2025\/11\/IMG_20251110_085646-300x150.jpg\" alt=\"\" width=\"700\" height=\"350\" srcset=\"https:\/\/agora.xtec.cat\/insjoandaustria\/wp-content\/uploads\/usu216\/2025\/11\/IMG_20251110_085646-300x150.jpg 300w, https:\/\/agora.xtec.cat\/insjoandaustria\/wp-content\/uploads\/usu216\/2025\/11\/IMG_20251110_085646-1024x512.jpg 1024w, https:\/\/agora.xtec.cat\/insjoandaustria\/wp-content\/uploads\/usu216\/2025\/11\/IMG_20251110_085646-768x384.jpg 768w, https:\/\/agora.xtec.cat\/insjoandaustria\/wp-content\/uploads\/usu216\/2025\/11\/IMG_20251110_085646-1536x768.jpg 1536w, https:\/\/agora.xtec.cat\/insjoandaustria\/wp-content\/uploads\/usu216\/2025\/11\/IMG_20251110_085646-2048x1024.jpg 2048w\" sizes=\"auto, (max-width: 700px) 100vw, 700px\" \/><\/a><\/p>\n<p>Amb motiu de la 34a edici\u00f3 de la Marat\u00f3 de 3cat, el 10 de novembre, un professional i voluntari de l\u2019\u00e0mbit de la salut ha vingut al centre per fer una xerrada sobre la malaltia a la qual est\u00e0 dedicada la Marat\u00f3 d\u2019enguany, \u00abEl c\u00e0ncer\u00bb. Aquesta xerrada ha estat adre\u00e7ada als alumnes de 3r d\u00b4ESO, que han seguit amb inter\u00e8s i participaci\u00f3 l\u2019activitat.<\/p>\n<p><a href=\"https:\/\/agora.xtec.cat\/insjoandaustria\/wp-content\/uploads\/usu216\/2025\/11\/IMG_20251110_085644-scaled.jpg\"><img loading=\"lazy\" decoding=\"async\" class=\"aligncenter wp-image-12264\" src=\"https:\/\/agora.xtec.cat\/insjoandaustria\/wp-content\/uploads\/usu216\/2025\/11\/IMG_20251110_085644-300x150.jpg\" alt=\"\" width=\"600\" height=\"300\" srcset=\"https:\/\/agora.xtec.cat\/insjoandaustria\/wp-content\/uploads\/usu216\/2025\/11\/IMG_20251110_085644-300x150.jpg 300w, https:\/\/agora.xtec.cat\/insjoandaustria\/wp-content\/uploads\/usu216\/2025\/11\/IMG_20251110_085644-1024x512.jpg 1024w, https:\/\/agora.xtec.cat\/insjoandaustria\/wp-content\/uploads\/usu216\/2025\/11\/IMG_20251110_085644-768x384.jpg 768w, https:\/\/agora.xtec.cat\/insjoandaustria\/wp-content\/uploads\/usu216\/2025\/11\/IMG_20251110_085644-1536x768.jpg 1536w, https:\/\/agora.xtec.cat\/insjoandaustria\/wp-content\/uploads\/usu216\/2025\/11\/IMG_20251110_085644-2048x1024.jpg 2048w\" sizes=\"auto, (max-width: 600px) 100vw, 600px\" \/><\/a><\/p>\n<p><a href=\"https:\/\/agora.xtec.cat\/insjoandaustria\/wp-content\/uploads\/usu216\/2025\/11\/IMG_20251110_085815-scaled.jpg\"><img loading=\"lazy\" decoding=\"async\" class=\"alignnone wp-image-12263\" src=\"https:\/\/agora.xtec.cat\/insjoandaustria\/wp-content\/uploads\/usu216\/2025\/11\/IMG_20251110_085815-300x150.jpg\" alt=\"\" width=\"400\" height=\"200\" srcset=\"https:\/\/agora.xtec.cat\/insjoandaustria\/wp-content\/uploads\/usu216\/2025\/11\/IMG_20251110_085815-300x150.jpg 300w, https:\/\/agora.xtec.cat\/insjoandaustria\/wp-content\/uploads\/usu216\/2025\/11\/IMG_20251110_085815-1024x512.jpg 1024w, https:\/\/agora.xtec.cat\/insjoandaustria\/wp-content\/uploads\/usu216\/2025\/11\/IMG_20251110_085815-768x384.jpg 768w, https:\/\/agora.xtec.cat\/insjoandaustria\/wp-content\/uploads\/usu216\/2025\/11\/IMG_20251110_085815-1536x768.jpg 1536w, https:\/\/agora.xtec.cat\/insjoandaustria\/wp-content\/uploads\/usu216\/2025\/11\/IMG_20251110_085815-2048x1024.jpg 2048w\" sizes=\"auto, (max-width: 400px) 100vw, 400px\" \/><\/a> <a href=\"https:\/\/agora.xtec.cat\/insjoandaustria\/wp-content\/uploads\/usu216\/2025\/11\/IMG_20251110_131554-scaled.jpg\"><img loading=\"lazy\" decoding=\"async\" class=\"alignnone wp-image-12261\" src=\"https:\/\/agora.xtec.cat\/insjoandaustria\/wp-content\/uploads\/usu216\/2025\/11\/IMG_20251110_131554-300x150.jpg\" alt=\"\" width=\"400\" height=\"200\" srcset=\"https:\/\/agora.xtec.cat\/insjoandaustria\/wp-content\/uploads\/usu216\/2025\/11\/IMG_20251110_131554-300x150.jpg 300w, https:\/\/agora.xtec.cat\/insjoandaustria\/wp-content\/uploads\/usu216\/2025\/11\/IMG_20251110_131554-1024x512.jpg 1024w, https:\/\/agora.xtec.cat\/insjoandaustria\/wp-content\/uploads\/usu216\/2025\/11\/IMG_20251110_131554-768x384.jpg 768w, https:\/\/agora.xtec.cat\/insjoandaustria\/wp-content\/uploads\/usu216\/2025\/11\/IMG_20251110_131554-1536x768.jpg 1536w, https:\/\/agora.xtec.cat\/insjoandaustria\/wp-content\/uploads\/usu216\/2025\/11\/IMG_20251110_131554-2048x1024.jpg 2048w\" sizes=\"auto, (max-width: 400px) 100vw, 400px\" \/><\/a><\/p>\n","protected":false},"excerpt":{"rendered":"<p><a href=\"https:\/\/agora.xtec.cat\/insjoandaustria\/wp-content\/uploads\/usu216\/2025\/11\/IMG_20251110_085646-scaled.jpg\"><\/a><br \/>\nAmb motiu de la 34a edici\u00f3 de la Marat\u00f3 de 3cat, el 10 de novembre, un professional i voluntari de l\u2019\u00e0mbit de la salut ha vingut al centre per fer una xerrada sobre la malaltia a la qual est\u00e0 dedicada la Marat\u00f3 d\u2019enguany, \u00abEl&hellip;  <a href=\"https:\/\/agora.xtec.cat\/insjoandaustria\/general\/linstitut-joan-daustria-amb-la-marato-de-3cat\/\" title=\"Read L&#8217;Institut Joan d&#8217;\u00c0ustria amb la Marat\u00f3 de 3cat!\">Llegeix m\u00e9s\u00bb<\/a><\/p>\n","protected":false},"author":806,"featured_media":12262,"comment_status":"closed","ping_status":"open","sticky":false,"template":"","format":"standard","meta":{"_bbp_topic_count":0,"_bbp_reply_count":0,"_bbp_total_topic_count":0,"_bbp_total_reply_count":0,"_bbp_voice_count":0,"_bbp_anonymous_reply_count":0,"_bbp_topic_count_hidden":0,"_bbp_reply_count_hidden":0,"_bbp_forum_subforum_count":0,"footnotes":""},"categories":[87,84,6,1,29],"tags":[],"class_list":["post-12260","post","type-post","status-publish","format-standard","has-post-thumbnail","hentry","category-bio-geo","category-departaments","category-eso-3","category-general","category-portada"],"post_mailing_queue_ids":[],"_links":{"self":[{"href":"https:\/\/agora.xtec.cat\/insjoandaustria\/wp-json\/wp\/v2\/posts\/12260","targetHints":{"allow":["GET"]}}],"collection":[{"href":"https:\/\/agora.xtec.cat\/insjoandaustria\/wp-json\/wp\/v2\/posts"}],"about":[{"href":"https:\/\/agora.xtec.cat\/insjoandaustria\/wp-json\/wp\/v2\/types\/post"}],"author":[{"embeddable":true,"href":"https:\/\/agora.xtec.cat\/insjoandaustria\/wp-json\/wp\/v2\/users\/806"}],"replies":[{"embeddable":true,"href":"https:\/\/agora.xtec.cat\/insjoandaustria\/wp-json\/wp\/v2\/comments?post=12260"}],"version-history":[{"count":1,"href":"https:\/\/agora.xtec.cat\/insjoandaustria\/wp-json\/wp\/v2\/posts\/12260\/revisions"}],"predecessor-version":[{"id":12265,"href":"https:\/\/agora.xtec.cat\/insjoandaustria\/wp-json\/wp\/v2\/posts\/12260\/revisions\/12265"}],"wp:featuredmedia":[{"embeddable":true,"href":"https:\/\/agora.xtec.cat\/insjoandaustria\/wp-json\/wp\/v2\/media\/12262"}],"wp:attachment":[{"href":"https:\/\/agora.xtec.cat\/insjoandaustria\/wp-json\/wp\/v2\/media?parent=12260"}],"wp:term":[{"taxonomy":"category","embeddable":true,"href":"https:\/\/agora.xtec.cat\/insjoandaustria\/wp-json\/wp\/v2\/categories?post=12260"},{"taxonomy":"post_tag","embeddable":true,"href":"https:\/\/agora.xtec.cat\/insjoandaustria\/wp-json\/wp\/v2\/tags?post=12260"}],"curies":[{"name":"wp","href":"https:\/\/api.w.org\/{rel}","templated":true}]}}