{"id":12251,"date":"2025-11-06T11:22:15","date_gmt":"2025-11-06T10:22:15","guid":{"rendered":"https:\/\/agora.xtec.cat\/insjoandaustria\/?p=12251"},"modified":"2025-11-10T10:26:55","modified_gmt":"2025-11-10T09:26:55","slug":"a-que-em-vull-dedicar-una-orientacio-a-4t-deso","status":"publish","type":"post","link":"https:\/\/agora.xtec.cat\/insjoandaustria\/general\/a-que-em-vull-dedicar-una-orientacio-a-4t-deso\/","title":{"rendered":"A qu\u00e8 em vull dedicar? Una orientaci\u00f3 a 4t d&#8217;ESO"},"content":{"rendered":"<p><a href=\"https:\/\/agora.xtec.cat\/insjoandaustria\/wp-content\/uploads\/usu216\/2025\/11\/IMG_0883-scaled.jpeg\"><img loading=\"lazy\" decoding=\"async\" class=\"wp-image-12252 aligncenter\" src=\"https:\/\/agora.xtec.cat\/insjoandaustria\/wp-content\/uploads\/usu216\/2025\/11\/IMG_0883-300x225.jpeg\" alt=\"\" width=\"750\" height=\"563\" srcset=\"https:\/\/agora.xtec.cat\/insjoandaustria\/wp-content\/uploads\/usu216\/2025\/11\/IMG_0883-300x225.jpeg 300w, https:\/\/agora.xtec.cat\/insjoandaustria\/wp-content\/uploads\/usu216\/2025\/11\/IMG_0883-1024x768.jpeg 1024w, https:\/\/agora.xtec.cat\/insjoandaustria\/wp-content\/uploads\/usu216\/2025\/11\/IMG_0883-768x576.jpeg 768w, https:\/\/agora.xtec.cat\/insjoandaustria\/wp-content\/uploads\/usu216\/2025\/11\/IMG_0883-1536x1152.jpeg 1536w, https:\/\/agora.xtec.cat\/insjoandaustria\/wp-content\/uploads\/usu216\/2025\/11\/IMG_0883-2048x1536.jpeg 2048w, https:\/\/agora.xtec.cat\/insjoandaustria\/wp-content\/uploads\/usu216\/2025\/11\/IMG_0883-200x150.jpeg 200w\" sizes=\"auto, (max-width: 750px) 100vw, 750px\" \/><\/a><\/p>\n<p><a href=\"https:\/\/agora.xtec.cat\/insjoandaustria\/wp-content\/uploads\/usu216\/2025\/11\/IMG_0888-scaled.jpeg\"><img loading=\"lazy\" decoding=\"async\" class=\"aligncenter wp-image-12253\" src=\"https:\/\/agora.xtec.cat\/insjoandaustria\/wp-content\/uploads\/usu216\/2025\/11\/IMG_0888-300x225.jpeg\" alt=\"\" width=\"750\" height=\"563\" srcset=\"https:\/\/agora.xtec.cat\/insjoandaustria\/wp-content\/uploads\/usu216\/2025\/11\/IMG_0888-300x225.jpeg 300w, https:\/\/agora.xtec.cat\/insjoandaustria\/wp-content\/uploads\/usu216\/2025\/11\/IMG_0888-1024x768.jpeg 1024w, https:\/\/agora.xtec.cat\/insjoandaustria\/wp-content\/uploads\/usu216\/2025\/11\/IMG_0888-768x576.jpeg 768w, https:\/\/agora.xtec.cat\/insjoandaustria\/wp-content\/uploads\/usu216\/2025\/11\/IMG_0888-1536x1152.jpeg 1536w, https:\/\/agora.xtec.cat\/insjoandaustria\/wp-content\/uploads\/usu216\/2025\/11\/IMG_0888-2048x1536.jpeg 2048w, https:\/\/agora.xtec.cat\/insjoandaustria\/wp-content\/uploads\/usu216\/2025\/11\/IMG_0888-200x150.jpeg 200w\" sizes=\"auto, (max-width: 750px) 100vw, 750px\" \/><\/a><\/p>\n<p>Ha estat durant els mesos d\u2019octubre i novembre que alumnat de 4t, en diferents sessions, ha assistit al taller monogr\u00e0fic sobre Interessos professionals que ha organitzat Barcelona Activa. L&#8217;objetiu ha estat con\u00e8ixer diferents sortides professionals que puguin estar associades als seus interessos. No \u00e9s f\u00e0cil poder decidir per quin \u00e0mbit decidir-se, per aix\u00f2, es busquen les maneres de poder ampliar la seva iniciativa i el coneixement del ventall de sortides.<\/p>\n<p style=\"text-align: center;\"><a href=\"https:\/\/agora.xtec.cat\/insjoandaustria\/wp-content\/uploads\/usu216\/2025\/11\/IMG_20251105_084616-3-scaled.jpg\">\u00a0 \u00a0 \u00a0<\/a><a href=\"https:\/\/agora.xtec.cat\/insjoandaustria\/wp-content\/uploads\/usu216\/2025\/11\/IMG_0888-scaled.jpeg\">\u00a0 \u00a0 \u00a0 \u00a0 \u00a0 \u00a0 \u00a0<\/a><a style=\"color: #2795b6;\" href=\"https:\/\/agora.xtec.cat\/insjoandaustria\/wp-content\/uploads\/usu216\/2025\/11\/IMG_20251105_084616-3-scaled.jpg\"><img loading=\"lazy\" decoding=\"async\" class=\"alignnone wp-image-12255\" src=\"https:\/\/agora.xtec.cat\/insjoandaustria\/wp-content\/uploads\/usu216\/2025\/11\/IMG_20251105_084616-3-145x300.jpg\" alt=\"\" width=\"350\" height=\"723\" srcset=\"https:\/\/agora.xtec.cat\/insjoandaustria\/wp-content\/uploads\/usu216\/2025\/11\/IMG_20251105_084616-3-145x300.jpg 145w, https:\/\/agora.xtec.cat\/insjoandaustria\/wp-content\/uploads\/usu216\/2025\/11\/IMG_20251105_084616-3-496x1024.jpg 496w, https:\/\/agora.xtec.cat\/insjoandaustria\/wp-content\/uploads\/usu216\/2025\/11\/IMG_20251105_084616-3-768x1587.jpg 768w, https:\/\/agora.xtec.cat\/insjoandaustria\/wp-content\/uploads\/usu216\/2025\/11\/IMG_20251105_084616-3-743x1536.jpg 743w, https:\/\/agora.xtec.cat\/insjoandaustria\/wp-content\/uploads\/usu216\/2025\/11\/IMG_20251105_084616-3-991x2048.jpg 991w, https:\/\/agora.xtec.cat\/insjoandaustria\/wp-content\/uploads\/usu216\/2025\/11\/IMG_20251105_084616-3-scaled.jpg 1239w\" sizes=\"auto, (max-width: 350px) 100vw, 350px\" \/><\/a><\/p>\n","protected":false},"excerpt":{"rendered":"<p><a href=\"https:\/\/agora.xtec.cat\/insjoandaustria\/wp-content\/uploads\/usu216\/2025\/11\/IMG_0883-scaled.jpeg\"><\/a><br \/>\n<a href=\"https:\/\/agora.xtec.cat\/insjoandaustria\/wp-content\/uploads\/usu216\/2025\/11\/IMG_0888-scaled.jpeg\"><\/a><br \/>\nHa estat durant els mesos d\u2019octubre i novembre que alumnat de 4t, en diferents sessions, ha assistit al taller monogr\u00e0fic sobre Interessos professionals que ha organitzat Barcelona Activa. L&#8217;objetiu ha estat con\u00e8ixer diferents sortides professionals que puguin estar associades als seus interessos. No&hellip;  <a href=\"https:\/\/agora.xtec.cat\/insjoandaustria\/general\/a-que-em-vull-dedicar-una-orientacio-a-4t-deso\/\" title=\"Read A qu\u00e8 em vull dedicar? Una orientaci\u00f3 a 4t d&#8217;ESO\">Llegeix m\u00e9s\u00bb<\/a><\/p>\n","protected":false},"author":806,"featured_media":12252,"comment_status":"closed","ping_status":"open","sticky":false,"template":"","format":"standard","meta":{"_bbp_topic_count":0,"_bbp_reply_count":0,"_bbp_total_topic_count":0,"_bbp_total_reply_count":0,"_bbp_voice_count":0,"_bbp_anonymous_reply_count":0,"_bbp_topic_count_hidden":0,"_bbp_reply_count_hidden":0,"_bbp_forum_subforum_count":0,"footnotes":""},"categories":[7,1,29,461],"tags":[],"class_list":["post-12251","post","type-post","status-publish","format-standard","has-post-thumbnail","hentry","category-eso-4","category-general","category-portada","category-tutoria"],"post_mailing_queue_ids":[],"_links":{"self":[{"href":"https:\/\/agora.xtec.cat\/insjoandaustria\/wp-json\/wp\/v2\/posts\/12251","targetHints":{"allow":["GET"]}}],"collection":[{"href":"https:\/\/agora.xtec.cat\/insjoandaustria\/wp-json\/wp\/v2\/posts"}],"about":[{"href":"https:\/\/agora.xtec.cat\/insjoandaustria\/wp-json\/wp\/v2\/types\/post"}],"author":[{"embeddable":true,"href":"https:\/\/agora.xtec.cat\/insjoandaustria\/wp-json\/wp\/v2\/users\/806"}],"replies":[{"embeddable":true,"href":"https:\/\/agora.xtec.cat\/insjoandaustria\/wp-json\/wp\/v2\/comments?post=12251"}],"version-history":[{"count":2,"href":"https:\/\/agora.xtec.cat\/insjoandaustria\/wp-json\/wp\/v2\/posts\/12251\/revisions"}],"predecessor-version":[{"id":12256,"href":"https:\/\/agora.xtec.cat\/insjoandaustria\/wp-json\/wp\/v2\/posts\/12251\/revisions\/12256"}],"wp:featuredmedia":[{"embeddable":true,"href":"https:\/\/agora.xtec.cat\/insjoandaustria\/wp-json\/wp\/v2\/media\/12252"}],"wp:attachment":[{"href":"https:\/\/agora.xtec.cat\/insjoandaustria\/wp-json\/wp\/v2\/media?parent=12251"}],"wp:term":[{"taxonomy":"category","embeddable":true,"href":"https:\/\/agora.xtec.cat\/insjoandaustria\/wp-json\/wp\/v2\/categories?post=12251"},{"taxonomy":"post_tag","embeddable":true,"href":"https:\/\/agora.xtec.cat\/insjoandaustria\/wp-json\/wp\/v2\/tags?post=12251"}],"curies":[{"name":"wp","href":"https:\/\/api.w.org\/{rel}","templated":true}]}}