{"id":12167,"date":"2025-10-13T10:18:02","date_gmt":"2025-10-13T08:18:02","guid":{"rendered":"https:\/\/agora.xtec.cat\/insjoandaustria\/?p=12167"},"modified":"2025-10-13T10:19:28","modified_gmt":"2025-10-13T08:19:28","slug":"xerrem-en-catala","status":"publish","type":"post","link":"https:\/\/agora.xtec.cat\/insjoandaustria\/general\/xerrem-en-catala\/","title":{"rendered":"Xerrem en catal\u00e0?"},"content":{"rendered":"<p><a href=\"https:\/\/agora.xtec.cat\/insjoandaustria\/wp-content\/uploads\/usu216\/2025\/10\/Tertulies-GGM.png\"><img loading=\"lazy\" decoding=\"async\" class=\"wp-image-12168 aligncenter\" src=\"https:\/\/agora.xtec.cat\/insjoandaustria\/wp-content\/uploads\/usu216\/2025\/10\/Tertulies-GGM-724x1024.png\" alt=\"\" width=\"600\" height=\"849\" srcset=\"https:\/\/agora.xtec.cat\/insjoandaustria\/wp-content\/uploads\/usu216\/2025\/10\/Tertulies-GGM-724x1024.png 724w, https:\/\/agora.xtec.cat\/insjoandaustria\/wp-content\/uploads\/usu216\/2025\/10\/Tertulies-GGM-212x300.png 212w, https:\/\/agora.xtec.cat\/insjoandaustria\/wp-content\/uploads\/usu216\/2025\/10\/Tertulies-GGM-768x1086.png 768w, https:\/\/agora.xtec.cat\/insjoandaustria\/wp-content\/uploads\/usu216\/2025\/10\/Tertulies-GGM-1086x1536.png 1086w, https:\/\/agora.xtec.cat\/insjoandaustria\/wp-content\/uploads\/usu216\/2025\/10\/Tertulies-GGM.png 1414w\" sizes=\"auto, (max-width: 600px) 100vw, 600px\" \/><\/a><\/p>\n<blockquote>\n<div>El Consorci per a la Normalitzaci\u00f3 Ling\u00fc\u00edstica de Sant Mart\u00ed organitza <b>tert\u00falies per practicar el catal\u00e0<\/b>\u00a0d&#8217;una manera informal i espont\u00e0nia condu\u00efdes amb una persona volunt\u00e0ria\u00a0<b>a la biblioteca Gabriel Garcia M\u00e1rquez, els dimecres de 17 a 18 h<\/b>. L&#8217;activitat \u00e9s gratu\u00efta i amb inscripci\u00f3 continuada. Us animem a participar-hi!<\/div>\n<div><\/div>\n<div>Per inscriure-s&#8217;hi, les persones interessades ens han d&#8217;enviar un correu a\u00a0<b><a href=\"mailto:dinamitzacio.santmarti@cpnl.cat\" target=\"_blank\" rel=\"noopener\">dinamitzacio.santmarti@cpnl.<wbr \/>cat<\/a><\/b>.<\/div>\n<\/blockquote>\n","protected":false},"excerpt":{"rendered":"<p><a href=\"https:\/\/agora.xtec.cat\/insjoandaustria\/wp-content\/uploads\/usu216\/2025\/10\/Tertulies-GGM.png\"><\/a><\/p>\n<p>El Consorci per a la Normalitzaci\u00f3 Ling\u00fc\u00edstica de Sant Mart\u00ed organitza tert\u00falies per practicar el catal\u00e0\u00a0d&#8217;una manera informal i espont\u00e0nia condu\u00efdes amb una persona volunt\u00e0ria\u00a0a la biblioteca Gabriel Garcia M\u00e1rquez, els dimecres de 17 a 18 h. L&#8217;activitat \u00e9s gratu\u00efta i amb inscripci\u00f3 continuada.&hellip;  <a href=\"https:\/\/agora.xtec.cat\/insjoandaustria\/general\/xerrem-en-catala\/\" title=\"Read Xerrem en catal\u00e0?\">Llegeix m\u00e9s\u00bb<\/a><\/p>\n","protected":false},"author":806,"featured_media":12168,"comment_status":"closed","ping_status":"open","sticky":false,"template":"","format":"standard","meta":{"_bbp_topic_count":0,"_bbp_reply_count":0,"_bbp_total_topic_count":0,"_bbp_total_reply_count":0,"_bbp_voice_count":0,"_bbp_anonymous_reply_count":0,"_bbp_topic_count_hidden":0,"_bbp_reply_count_hidden":0,"_bbp_forum_subforum_count":0,"footnotes":""},"categories":[450,1,449,29],"tags":[],"class_list":["post-12167","post","type-post","status-publish","format-standard","has-post-thumbnail","hentry","category-aules-dacollida","category-general","category-llengua-i-literatura-catalanes","category-portada"],"post_mailing_queue_ids":[],"_links":{"self":[{"href":"https:\/\/agora.xtec.cat\/insjoandaustria\/wp-json\/wp\/v2\/posts\/12167","targetHints":{"allow":["GET"]}}],"collection":[{"href":"https:\/\/agora.xtec.cat\/insjoandaustria\/wp-json\/wp\/v2\/posts"}],"about":[{"href":"https:\/\/agora.xtec.cat\/insjoandaustria\/wp-json\/wp\/v2\/types\/post"}],"author":[{"embeddable":true,"href":"https:\/\/agora.xtec.cat\/insjoandaustria\/wp-json\/wp\/v2\/users\/806"}],"replies":[{"embeddable":true,"href":"https:\/\/agora.xtec.cat\/insjoandaustria\/wp-json\/wp\/v2\/comments?post=12167"}],"version-history":[{"count":1,"href":"https:\/\/agora.xtec.cat\/insjoandaustria\/wp-json\/wp\/v2\/posts\/12167\/revisions"}],"predecessor-version":[{"id":12169,"href":"https:\/\/agora.xtec.cat\/insjoandaustria\/wp-json\/wp\/v2\/posts\/12167\/revisions\/12169"}],"wp:featuredmedia":[{"embeddable":true,"href":"https:\/\/agora.xtec.cat\/insjoandaustria\/wp-json\/wp\/v2\/media\/12168"}],"wp:attachment":[{"href":"https:\/\/agora.xtec.cat\/insjoandaustria\/wp-json\/wp\/v2\/media?parent=12167"}],"wp:term":[{"taxonomy":"category","embeddable":true,"href":"https:\/\/agora.xtec.cat\/insjoandaustria\/wp-json\/wp\/v2\/categories?post=12167"},{"taxonomy":"post_tag","embeddable":true,"href":"https:\/\/agora.xtec.cat\/insjoandaustria\/wp-json\/wp\/v2\/tags?post=12167"}],"curies":[{"name":"wp","href":"https:\/\/api.w.org\/{rel}","templated":true}]}}