{"id":12106,"date":"2025-09-09T09:04:15","date_gmt":"2025-09-09T07:04:15","guid":{"rendered":"https:\/\/agora.xtec.cat\/insjoandaustria\/?p=12106"},"modified":"2025-09-09T10:55:50","modified_gmt":"2025-09-09T08:55:50","slug":"benvinguts","status":"publish","type":"post","link":"https:\/\/agora.xtec.cat\/insjoandaustria\/general\/benvinguts\/","title":{"rendered":"Benvinguts!"},"content":{"rendered":"<p><a href=\"https:\/\/agora.xtec.cat\/insjoandaustria\/wp-content\/uploads\/usu216\/2025\/09\/1757399446111-e1757401237206.jpg\"><img loading=\"lazy\" decoding=\"async\" class=\"alignnone wp-image-12107 size-large\" src=\"https:\/\/agora.xtec.cat\/insjoandaustria\/wp-content\/uploads\/usu216\/2025\/09\/1757399446111-e1757401237206-1024x838.jpg\" alt=\"\" width=\"1024\" height=\"838\" srcset=\"https:\/\/agora.xtec.cat\/insjoandaustria\/wp-content\/uploads\/usu216\/2025\/09\/1757399446111-e1757401237206-1024x838.jpg 1024w, https:\/\/agora.xtec.cat\/insjoandaustria\/wp-content\/uploads\/usu216\/2025\/09\/1757399446111-e1757401237206-300x245.jpg 300w, https:\/\/agora.xtec.cat\/insjoandaustria\/wp-content\/uploads\/usu216\/2025\/09\/1757399446111-e1757401237206-768x628.jpg 768w, https:\/\/agora.xtec.cat\/insjoandaustria\/wp-content\/uploads\/usu216\/2025\/09\/1757399446111-e1757401237206.jpg 1275w\" sizes=\"auto, (max-width: 1024px) 100vw, 1024px\" \/><\/a><\/p>\n<p>Ahir vau poder entrar novement per les portes de l&#8217;institut, alguns per comen\u00e7ar un grau m\u00e9s en el vostre aprenentatge, uns altres per acabar les hores de secund\u00e0ria obligat\u00f2ria o postobligat\u00f2ria. Esperem que us h\u00e0giu trobat b\u00e9 i que aix\u00ed continuem creant un caliu de respecte i d&#8217;estudi. Benvinguts a casa vostra!<\/p>\n<p style=\"text-align: center;\"><a href=\"https:\/\/agora.xtec.cat\/insjoandaustria\/wp-content\/uploads\/usu216\/2025\/09\/1757399282211-scaled.jpg\"><img loading=\"lazy\" decoding=\"async\" class=\"alignnone size-medium wp-image-12109\" src=\"https:\/\/agora.xtec.cat\/insjoandaustria\/wp-content\/uploads\/usu216\/2025\/09\/1757399282211-242x300.jpg\" alt=\"\" width=\"242\" height=\"300\" srcset=\"https:\/\/agora.xtec.cat\/insjoandaustria\/wp-content\/uploads\/usu216\/2025\/09\/1757399282211-242x300.jpg 242w, https:\/\/agora.xtec.cat\/insjoandaustria\/wp-content\/uploads\/usu216\/2025\/09\/1757399282211-827x1024.jpg 827w, https:\/\/agora.xtec.cat\/insjoandaustria\/wp-content\/uploads\/usu216\/2025\/09\/1757399282211-768x951.jpg 768w, https:\/\/agora.xtec.cat\/insjoandaustria\/wp-content\/uploads\/usu216\/2025\/09\/1757399282211-1241x1536.jpg 1241w, https:\/\/agora.xtec.cat\/insjoandaustria\/wp-content\/uploads\/usu216\/2025\/09\/1757399282211-1655x2048.jpg 1655w\" sizes=\"auto, (max-width: 242px) 100vw, 242px\" \/><\/a> <a href=\"https:\/\/agora.xtec.cat\/insjoandaustria\/wp-content\/uploads\/usu216\/2025\/09\/1757399169592-scaled.jpg\"><img loading=\"lazy\" decoding=\"async\" class=\"alignnone size-medium wp-image-12108\" src=\"https:\/\/agora.xtec.cat\/insjoandaustria\/wp-content\/uploads\/usu216\/2025\/09\/1757399169592-300x267.jpg\" alt=\"\" width=\"300\" height=\"267\" srcset=\"https:\/\/agora.xtec.cat\/insjoandaustria\/wp-content\/uploads\/usu216\/2025\/09\/1757399169592-300x267.jpg 300w, https:\/\/agora.xtec.cat\/insjoandaustria\/wp-content\/uploads\/usu216\/2025\/09\/1757399169592-1024x910.jpg 1024w, https:\/\/agora.xtec.cat\/insjoandaustria\/wp-content\/uploads\/usu216\/2025\/09\/1757399169592-768x682.jpg 768w, https:\/\/agora.xtec.cat\/insjoandaustria\/wp-content\/uploads\/usu216\/2025\/09\/1757399169592-1536x1365.jpg 1536w, https:\/\/agora.xtec.cat\/insjoandaustria\/wp-content\/uploads\/usu216\/2025\/09\/1757399169592-2048x1820.jpg 2048w\" sizes=\"auto, (max-width: 300px) 100vw, 300px\" \/><\/a><\/p>\n<p>&nbsp;<\/p>\n","protected":false},"excerpt":{"rendered":"<p><a href=\"https:\/\/agora.xtec.cat\/insjoandaustria\/wp-content\/uploads\/usu216\/2025\/09\/1757399446111-e1757401237206.jpg\"><\/a><br \/>\nAhir vau poder entrar novement per les portes de l&#8217;institut, alguns per comen\u00e7ar un grau m\u00e9s en el vostre aprenentatge, uns altres per acabar les hores de secund\u00e0ria obligat\u00f2ria o postobligat\u00f2ria. Esperem que us h\u00e0giu trobat b\u00e9 i que aix\u00ed continuem creant un caliu&hellip;  <a href=\"https:\/\/agora.xtec.cat\/insjoandaustria\/general\/benvinguts\/\" title=\"Read Benvinguts!\">Llegeix m\u00e9s\u00bb<\/a><\/p>\n","protected":false},"author":806,"featured_media":12107,"comment_status":"closed","ping_status":"open","sticky":false,"template":"","format":"standard","meta":{"_bbp_topic_count":0,"_bbp_reply_count":0,"_bbp_total_topic_count":0,"_bbp_total_reply_count":0,"_bbp_voice_count":0,"_bbp_anonymous_reply_count":0,"_bbp_topic_count_hidden":0,"_bbp_reply_count_hidden":0,"_bbp_forum_subforum_count":0,"footnotes":""},"categories":[8,3,1,29],"tags":[],"class_list":["post-12106","post","type-post","status-publish","format-standard","has-post-thumbnail","hentry","category-batxillerat","category-eso","category-general","category-portada"],"post_mailing_queue_ids":[],"_links":{"self":[{"href":"https:\/\/agora.xtec.cat\/insjoandaustria\/wp-json\/wp\/v2\/posts\/12106","targetHints":{"allow":["GET"]}}],"collection":[{"href":"https:\/\/agora.xtec.cat\/insjoandaustria\/wp-json\/wp\/v2\/posts"}],"about":[{"href":"https:\/\/agora.xtec.cat\/insjoandaustria\/wp-json\/wp\/v2\/types\/post"}],"author":[{"embeddable":true,"href":"https:\/\/agora.xtec.cat\/insjoandaustria\/wp-json\/wp\/v2\/users\/806"}],"replies":[{"embeddable":true,"href":"https:\/\/agora.xtec.cat\/insjoandaustria\/wp-json\/wp\/v2\/comments?post=12106"}],"version-history":[{"count":3,"href":"https:\/\/agora.xtec.cat\/insjoandaustria\/wp-json\/wp\/v2\/posts\/12106\/revisions"}],"predecessor-version":[{"id":12122,"href":"https:\/\/agora.xtec.cat\/insjoandaustria\/wp-json\/wp\/v2\/posts\/12106\/revisions\/12122"}],"wp:featuredmedia":[{"embeddable":true,"href":"https:\/\/agora.xtec.cat\/insjoandaustria\/wp-json\/wp\/v2\/media\/12107"}],"wp:attachment":[{"href":"https:\/\/agora.xtec.cat\/insjoandaustria\/wp-json\/wp\/v2\/media?parent=12106"}],"wp:term":[{"taxonomy":"category","embeddable":true,"href":"https:\/\/agora.xtec.cat\/insjoandaustria\/wp-json\/wp\/v2\/categories?post=12106"},{"taxonomy":"post_tag","embeddable":true,"href":"https:\/\/agora.xtec.cat\/insjoandaustria\/wp-json\/wp\/v2\/tags?post=12106"}],"curies":[{"name":"wp","href":"https:\/\/api.w.org\/{rel}","templated":true}]}}