{"id":12060,"date":"2025-06-26T10:50:44","date_gmt":"2025-06-26T08:50:44","guid":{"rendered":"https:\/\/agora.xtec.cat\/insjoandaustria\/?p=12060"},"modified":"2025-06-26T10:50:44","modified_gmt":"2025-06-26T08:50:44","slug":"premi-dinnovacio-docent-a-leso","status":"publish","type":"post","link":"https:\/\/agora.xtec.cat\/insjoandaustria\/general\/premi-dinnovacio-docent-a-leso\/","title":{"rendered":"Premi d&#8217;innovaci\u00f3 docent a l&#8217;ESO"},"content":{"rendered":"<p><a href=\"https:\/\/agora.xtec.cat\/insjoandaustria\/wp-content\/uploads\/usu216\/2025\/06\/sonia_dalet_2.jpg\"><img loading=\"lazy\" decoding=\"async\" class=\"alignnone size-large wp-image-12061\" src=\"https:\/\/agora.xtec.cat\/insjoandaustria\/wp-content\/uploads\/usu216\/2025\/06\/sonia_dalet_2-1024x633.jpg\" alt=\"\" width=\"1024\" height=\"633\" srcset=\"https:\/\/agora.xtec.cat\/insjoandaustria\/wp-content\/uploads\/usu216\/2025\/06\/sonia_dalet_2-1024x633.jpg 1024w, https:\/\/agora.xtec.cat\/insjoandaustria\/wp-content\/uploads\/usu216\/2025\/06\/sonia_dalet_2-300x186.jpg 300w, https:\/\/agora.xtec.cat\/insjoandaustria\/wp-content\/uploads\/usu216\/2025\/06\/sonia_dalet_2-768x475.jpg 768w, https:\/\/agora.xtec.cat\/insjoandaustria\/wp-content\/uploads\/usu216\/2025\/06\/sonia_dalet_2.jpg 1080w\" sizes=\"auto, (max-width: 1024px) 100vw, 1024px\" \/><\/a><\/p>\n<p data-start=\"108\" data-end=\"244\"><strong data-start=\"108\" data-end=\"242\">Volem felicitar l&#8217;alumnat de 3r d\u2019ESO i el professorat involucrat per l\u2019obtenci\u00f3 del Premi S\u00f2nia Dalet d\u2019innovaci\u00f3 docent a l\u2019ESO.<\/strong><\/p>\n<p data-start=\"246\" data-end=\"493\">Els i les alumnes han treballat en el projecte <em data-start=\"293\" data-end=\"319\">Arquitectura a les aules<\/em>, i el seu esfor\u00e7 s\u2019ha vist recompensat amb el <strong data-start=\"366\" data-end=\"492\">primer premi en la segona edici\u00f3 del Premi S\u00f2nia Dalet de treballs de recerca de batxillerat i d\u2019innovaci\u00f3 docent a l\u2019aula<\/strong>.<\/p>\n<p data-start=\"495\" data-end=\"608\">Us deixem un enlla\u00e7 per si voleu llegir la not\u00edcia publicada a la p\u00e0gina web del COAC:<\/p>\n<p><a href=\"https:\/\/www.arquitectes.cat\/ca\/noticia\/guanyadors-2a-edicio-premi-sonia-dalet\">https:\/\/www.arquitectes.cat\/ca\/noticia\/guanyadors-2a-edicio-premi-sonia-dalet<\/a><\/p>\n","protected":false},"excerpt":{"rendered":"<p><a href=\"https:\/\/agora.xtec.cat\/insjoandaustria\/wp-content\/uploads\/usu216\/2025\/06\/sonia_dalet_2.jpg\"><\/a><br \/>\nVolem felicitar l&#8217;alumnat de 3r d\u2019ESO i el professorat involucrat per l\u2019obtenci\u00f3 del Premi S\u00f2nia Dalet d\u2019innovaci\u00f3 docent a l\u2019ESO.<br \/>\nEls i les alumnes han treballat en el projecte Arquitectura a les aules, i el seu esfor\u00e7 s\u2019ha vist recompensat amb el primer premi en&hellip;  <a href=\"https:\/\/agora.xtec.cat\/insjoandaustria\/general\/premi-dinnovacio-docent-a-leso\/\" title=\"Read Premi d&#8217;innovaci\u00f3 docent a l&#8217;ESO\">Llegeix m\u00e9s\u00bb<\/a><\/p>\n","protected":false},"author":913,"featured_media":12061,"comment_status":"closed","ping_status":"open","sticky":false,"template":"","format":"standard","meta":{"_bbp_topic_count":0,"_bbp_reply_count":0,"_bbp_total_topic_count":0,"_bbp_total_reply_count":0,"_bbp_voice_count":0,"_bbp_anonymous_reply_count":0,"_bbp_topic_count_hidden":0,"_bbp_reply_count_hidden":0,"_bbp_forum_subforum_count":0,"footnotes":""},"categories":[3,1,29,70],"tags":[],"class_list":["post-12060","post","type-post","status-publish","format-standard","has-post-thumbnail","hentry","category-eso","category-general","category-portada","category-projectes"],"post_mailing_queue_ids":[],"_links":{"self":[{"href":"https:\/\/agora.xtec.cat\/insjoandaustria\/wp-json\/wp\/v2\/posts\/12060","targetHints":{"allow":["GET"]}}],"collection":[{"href":"https:\/\/agora.xtec.cat\/insjoandaustria\/wp-json\/wp\/v2\/posts"}],"about":[{"href":"https:\/\/agora.xtec.cat\/insjoandaustria\/wp-json\/wp\/v2\/types\/post"}],"author":[{"embeddable":true,"href":"https:\/\/agora.xtec.cat\/insjoandaustria\/wp-json\/wp\/v2\/users\/913"}],"replies":[{"embeddable":true,"href":"https:\/\/agora.xtec.cat\/insjoandaustria\/wp-json\/wp\/v2\/comments?post=12060"}],"version-history":[{"count":1,"href":"https:\/\/agora.xtec.cat\/insjoandaustria\/wp-json\/wp\/v2\/posts\/12060\/revisions"}],"predecessor-version":[{"id":12062,"href":"https:\/\/agora.xtec.cat\/insjoandaustria\/wp-json\/wp\/v2\/posts\/12060\/revisions\/12062"}],"wp:featuredmedia":[{"embeddable":true,"href":"https:\/\/agora.xtec.cat\/insjoandaustria\/wp-json\/wp\/v2\/media\/12061"}],"wp:attachment":[{"href":"https:\/\/agora.xtec.cat\/insjoandaustria\/wp-json\/wp\/v2\/media?parent=12060"}],"wp:term":[{"taxonomy":"category","embeddable":true,"href":"https:\/\/agora.xtec.cat\/insjoandaustria\/wp-json\/wp\/v2\/categories?post=12060"},{"taxonomy":"post_tag","embeddable":true,"href":"https:\/\/agora.xtec.cat\/insjoandaustria\/wp-json\/wp\/v2\/tags?post=12060"}],"curies":[{"name":"wp","href":"https:\/\/api.w.org\/{rel}","templated":true}]}}