{"id":12055,"date":"2025-06-26T09:51:02","date_gmt":"2025-06-26T07:51:02","guid":{"rendered":"https:\/\/agora.xtec.cat\/insjoandaustria\/?p=12055"},"modified":"2025-06-26T09:51:39","modified_gmt":"2025-06-26T07:51:39","slug":"esmorzar-prova-cangur-i-concurs-de-fotografia-matematica-2025","status":"publish","type":"post","link":"https:\/\/agora.xtec.cat\/insjoandaustria\/general\/esmorzar-prova-cangur-i-concurs-de-fotografia-matematica-2025\/","title":{"rendered":"Esmorzar prova cangur i concurs de fotografia matem\u00e0tica 2025"},"content":{"rendered":"<p>&nbsp;<\/p>\n<p><a href=\"https:\/\/agora.xtec.cat\/insjoandaustria\/wp-content\/uploads\/usu216\/2025\/06\/image2-1.jpeg\"><img loading=\"lazy\" decoding=\"async\" class=\"alignnone wp-image-12058 size-full\" src=\"https:\/\/agora.xtec.cat\/insjoandaustria\/wp-content\/uploads\/usu216\/2025\/06\/image2-1.jpeg\" alt=\"\" width=\"640\" height=\"480\" srcset=\"https:\/\/agora.xtec.cat\/insjoandaustria\/wp-content\/uploads\/usu216\/2025\/06\/image2-1.jpeg 640w, https:\/\/agora.xtec.cat\/insjoandaustria\/wp-content\/uploads\/usu216\/2025\/06\/image2-1-300x225.jpeg 300w, https:\/\/agora.xtec.cat\/insjoandaustria\/wp-content\/uploads\/usu216\/2025\/06\/image2-1-200x150.jpeg 200w\" sizes=\"auto, (max-width: 640px) 100vw, 640px\" \/><\/a><\/p>\n<p>El dia 16 de juny es va fer una trobada dels alumnes d&#8217;ESO i batxillerat que van obtenir les millors puntuacions a la prova cangur 2025, aix\u00ed com els guanyadors i finalistes del concurs de fotografia matem\u00e0tica .Va ser un moment especial de reconeixement i de conviv\u00e8ncia per destacar el talent i la creativitat.<\/p>\n<p><a href=\"https:\/\/agora.xtec.cat\/insjoandaustria\/wp-content\/uploads\/usu216\/2025\/06\/image1.jpeg\"><img loading=\"lazy\" decoding=\"async\" class=\"wp-image-12057 size-full aligncenter\" src=\"https:\/\/agora.xtec.cat\/insjoandaustria\/wp-content\/uploads\/usu216\/2025\/06\/image1.jpeg\" alt=\"\" width=\"480\" height=\"640\" srcset=\"https:\/\/agora.xtec.cat\/insjoandaustria\/wp-content\/uploads\/usu216\/2025\/06\/image1.jpeg 480w, https:\/\/agora.xtec.cat\/insjoandaustria\/wp-content\/uploads\/usu216\/2025\/06\/image1-225x300.jpeg 225w\" sizes=\"auto, (max-width: 480px) 100vw, 480px\" \/><\/a><\/p>\n<p><a href=\"https:\/\/agora.xtec.cat\/insjoandaustria\/wp-content\/uploads\/usu216\/2025\/06\/image0-rotated.jpeg\"><img loading=\"lazy\" decoding=\"async\" class=\"wp-image-12056 size-full aligncenter\" src=\"https:\/\/agora.xtec.cat\/insjoandaustria\/wp-content\/uploads\/usu216\/2025\/06\/image0-rotated.jpeg\" alt=\"\" width=\"480\" height=\"640\" srcset=\"https:\/\/agora.xtec.cat\/insjoandaustria\/wp-content\/uploads\/usu216\/2025\/06\/image0-rotated.jpeg 480w, https:\/\/agora.xtec.cat\/insjoandaustria\/wp-content\/uploads\/usu216\/2025\/06\/image0-225x300.jpeg 225w\" sizes=\"auto, (max-width: 480px) 100vw, 480px\" \/><\/a><\/p>\n","protected":false},"excerpt":{"rendered":"<p>&nbsp;<br \/>\n<a href=\"https:\/\/agora.xtec.cat\/insjoandaustria\/wp-content\/uploads\/usu216\/2025\/06\/image2-1.jpeg\"><\/a><br \/>\nEl dia 16 de juny es va fer una trobada dels alumnes d&#8217;ESO i batxillerat que van obtenir les millors puntuacions a la prova cangur 2025, aix\u00ed com els guanyadors i finalistes del concurs de fotografia matem\u00e0tica .Va ser un moment especial de reconeixement&hellip;  <a href=\"https:\/\/agora.xtec.cat\/insjoandaustria\/general\/esmorzar-prova-cangur-i-concurs-de-fotografia-matematica-2025\/\" title=\"Read Esmorzar prova cangur i concurs de fotografia matem\u00e0tica 2025\">Llegeix m\u00e9s\u00bb<\/a><\/p>\n","protected":false},"author":806,"featured_media":12058,"comment_status":"closed","ping_status":"open","sticky":false,"template":"","format":"standard","meta":{"_bbp_topic_count":0,"_bbp_reply_count":0,"_bbp_total_topic_count":0,"_bbp_total_reply_count":0,"_bbp_voice_count":0,"_bbp_anonymous_reply_count":0,"_bbp_topic_count_hidden":0,"_bbp_reply_count_hidden":0,"_bbp_forum_subforum_count":0,"footnotes":""},"categories":[8,1,406,29],"tags":[],"class_list":["post-12055","post","type-post","status-publish","format-standard","has-post-thumbnail","hentry","category-batxillerat","category-general","category-matematiques","category-portada"],"post_mailing_queue_ids":[],"_links":{"self":[{"href":"https:\/\/agora.xtec.cat\/insjoandaustria\/wp-json\/wp\/v2\/posts\/12055","targetHints":{"allow":["GET"]}}],"collection":[{"href":"https:\/\/agora.xtec.cat\/insjoandaustria\/wp-json\/wp\/v2\/posts"}],"about":[{"href":"https:\/\/agora.xtec.cat\/insjoandaustria\/wp-json\/wp\/v2\/types\/post"}],"author":[{"embeddable":true,"href":"https:\/\/agora.xtec.cat\/insjoandaustria\/wp-json\/wp\/v2\/users\/806"}],"replies":[{"embeddable":true,"href":"https:\/\/agora.xtec.cat\/insjoandaustria\/wp-json\/wp\/v2\/comments?post=12055"}],"version-history":[{"count":1,"href":"https:\/\/agora.xtec.cat\/insjoandaustria\/wp-json\/wp\/v2\/posts\/12055\/revisions"}],"predecessor-version":[{"id":12059,"href":"https:\/\/agora.xtec.cat\/insjoandaustria\/wp-json\/wp\/v2\/posts\/12055\/revisions\/12059"}],"wp:featuredmedia":[{"embeddable":true,"href":"https:\/\/agora.xtec.cat\/insjoandaustria\/wp-json\/wp\/v2\/media\/12058"}],"wp:attachment":[{"href":"https:\/\/agora.xtec.cat\/insjoandaustria\/wp-json\/wp\/v2\/media?parent=12055"}],"wp:term":[{"taxonomy":"category","embeddable":true,"href":"https:\/\/agora.xtec.cat\/insjoandaustria\/wp-json\/wp\/v2\/categories?post=12055"},{"taxonomy":"post_tag","embeddable":true,"href":"https:\/\/agora.xtec.cat\/insjoandaustria\/wp-json\/wp\/v2\/tags?post=12055"}],"curies":[{"name":"wp","href":"https:\/\/api.w.org\/{rel}","templated":true}]}}