{"id":11914,"date":"2025-05-19T12:15:34","date_gmt":"2025-05-19T10:15:34","guid":{"rendered":"https:\/\/agora.xtec.cat\/insjoandaustria\/?p=11914"},"modified":"2025-05-20T14:04:16","modified_gmt":"2025-05-20T12:04:16","slug":"no-es-un-adeu-es-un-a-reveure-graduacio-de-2n-de-batxillerat","status":"publish","type":"post","link":"https:\/\/agora.xtec.cat\/insjoandaustria\/general\/no-es-un-adeu-es-un-a-reveure-graduacio-de-2n-de-batxillerat\/","title":{"rendered":"No \u00e9s un adeu; \u00e9s un a reveure"},"content":{"rendered":"<p><a href=\"https:\/\/agora.xtec.cat\/insjoandaustria\/wp-content\/uploads\/usu216\/2025\/05\/20250515_193150-scaled.jpg\"><img loading=\"lazy\" decoding=\"async\" class=\"alignnone size-large wp-image-11915\" src=\"https:\/\/agora.xtec.cat\/insjoandaustria\/wp-content\/uploads\/usu216\/2025\/05\/20250515_193150-1024x561.jpg\" alt=\"\" width=\"1024\" height=\"561\" srcset=\"https:\/\/agora.xtec.cat\/insjoandaustria\/wp-content\/uploads\/usu216\/2025\/05\/20250515_193150-1024x561.jpg 1024w, https:\/\/agora.xtec.cat\/insjoandaustria\/wp-content\/uploads\/usu216\/2025\/05\/20250515_193150-300x164.jpg 300w, https:\/\/agora.xtec.cat\/insjoandaustria\/wp-content\/uploads\/usu216\/2025\/05\/20250515_193150-768x421.jpg 768w, https:\/\/agora.xtec.cat\/insjoandaustria\/wp-content\/uploads\/usu216\/2025\/05\/20250515_193150-1536x842.jpg 1536w, https:\/\/agora.xtec.cat\/insjoandaustria\/wp-content\/uploads\/usu216\/2025\/05\/20250515_193150-2048x1122.jpg 2048w\" sizes=\"auto, (max-width: 1024px) 100vw, 1024px\" \/><\/a><\/p>\n<p>La promoci\u00f3 2019-2025 va celebrar la seva graduaci\u00f3 el dijous, acompanyats de familiars i professors. En un acte emocionat, l&#8217;alumnat de 2n de Batxillerat va poder recordar i expressar el seu pas per l&#8217;Institut en uns discursos emotius amenitzats amb expressions musicals per part del mateix alumnat. Per la banda de l&#8217;Institut se&#8217;ls record\u00e0 que aviat comen\u00e7aran una etapa nova per\u00f2 que el centre sempre els tindr\u00e0 les portes obertes. Que tingueu molta sort!<\/p>\n<p><a href=\"https:\/\/agora.xtec.cat\/insjoandaustria\/wp-content\/uploads\/usu216\/2025\/05\/20250515_192300-scaled.jpg\"><img loading=\"lazy\" decoding=\"async\" class=\"alignnone size-large wp-image-11922\" src=\"https:\/\/agora.xtec.cat\/insjoandaustria\/wp-content\/uploads\/usu216\/2025\/05\/20250515_192300-1024x768.jpg\" alt=\"\" width=\"1024\" height=\"768\" srcset=\"https:\/\/agora.xtec.cat\/insjoandaustria\/wp-content\/uploads\/usu216\/2025\/05\/20250515_192300-1024x768.jpg 1024w, https:\/\/agora.xtec.cat\/insjoandaustria\/wp-content\/uploads\/usu216\/2025\/05\/20250515_192300-300x225.jpg 300w, https:\/\/agora.xtec.cat\/insjoandaustria\/wp-content\/uploads\/usu216\/2025\/05\/20250515_192300-768x576.jpg 768w, https:\/\/agora.xtec.cat\/insjoandaustria\/wp-content\/uploads\/usu216\/2025\/05\/20250515_192300-1536x1152.jpg 1536w, https:\/\/agora.xtec.cat\/insjoandaustria\/wp-content\/uploads\/usu216\/2025\/05\/20250515_192300-2048x1536.jpg 2048w, https:\/\/agora.xtec.cat\/insjoandaustria\/wp-content\/uploads\/usu216\/2025\/05\/20250515_192300-200x150.jpg 200w\" sizes=\"auto, (max-width: 1024px) 100vw, 1024px\" \/><\/a><\/p>\n\n\t\t<style type=\"text\/css\">\n\t\t\t#gallery-1 {\n\t\t\t\tmargin: auto;\n\t\t\t}\n\t\t\t#gallery-1 .gallery-item {\n\t\t\t\tfloat: left;\n\t\t\t\tmargin-top: 10px;\n\t\t\t\ttext-align: center;\n\t\t\t\twidth: 50%;\n\t\t\t}\n\t\t\t#gallery-1 img {\n\t\t\t\tborder: 2px solid #cfcfcf;\n\t\t\t}\n\t\t\t#gallery-1 .gallery-caption {\n\t\t\t\tmargin-left: 0;\n\t\t\t}\n\t\t\t\/* see gallery_shortcode() in wp-includes\/media.php *\/\n\t\t<\/style>\n\t\t<div id='gallery-1' class='gallery galleryid-11914 gallery-columns-2 gallery-size-large'><dl class='gallery-item'>\n\t\t\t<dt class='gallery-icon portrait'>\n\t\t\t\t<a href='https:\/\/agora.xtec.cat\/insjoandaustria\/general\/no-es-un-adeu-es-un-a-reveure-graduacio-de-2n-de-batxillerat\/attachment\/20250515_190547\/'><img loading=\"lazy\" decoding=\"async\" width=\"768\" height=\"1024\" src=\"https:\/\/agora.xtec.cat\/insjoandaustria\/wp-content\/uploads\/usu216\/2025\/05\/20250515_190547-768x1024.jpg\" class=\"attachment-large size-large\" alt=\"\" srcset=\"https:\/\/agora.xtec.cat\/insjoandaustria\/wp-content\/uploads\/usu216\/2025\/05\/20250515_190547-768x1024.jpg 768w, https:\/\/agora.xtec.cat\/insjoandaustria\/wp-content\/uploads\/usu216\/2025\/05\/20250515_190547-225x300.jpg 225w, https:\/\/agora.xtec.cat\/insjoandaustria\/wp-content\/uploads\/usu216\/2025\/05\/20250515_190547-1152x1536.jpg 1152w, https:\/\/agora.xtec.cat\/insjoandaustria\/wp-content\/uploads\/usu216\/2025\/05\/20250515_190547-1536x2048.jpg 1536w, https:\/\/agora.xtec.cat\/insjoandaustria\/wp-content\/uploads\/usu216\/2025\/05\/20250515_190547-scaled.jpg 1920w\" sizes=\"auto, (max-width: 768px) 100vw, 768px\" \/><\/a>\n\t\t\t<\/dt><\/dl><dl class='gallery-item'>\n\t\t\t<dt class='gallery-icon portrait'>\n\t\t\t\t<a href='https:\/\/agora.xtec.cat\/insjoandaustria\/general\/no-es-un-adeu-es-un-a-reveure-graduacio-de-2n-de-batxillerat\/attachment\/20250515_191325\/'><img loading=\"lazy\" decoding=\"async\" width=\"768\" height=\"1024\" src=\"https:\/\/agora.xtec.cat\/insjoandaustria\/wp-content\/uploads\/usu216\/2025\/05\/20250515_191325-768x1024.jpg\" class=\"attachment-large size-large\" alt=\"\" srcset=\"https:\/\/agora.xtec.cat\/insjoandaustria\/wp-content\/uploads\/usu216\/2025\/05\/20250515_191325-768x1024.jpg 768w, https:\/\/agora.xtec.cat\/insjoandaustria\/wp-content\/uploads\/usu216\/2025\/05\/20250515_191325-225x300.jpg 225w, https:\/\/agora.xtec.cat\/insjoandaustria\/wp-content\/uploads\/usu216\/2025\/05\/20250515_191325-1152x1536.jpg 1152w, https:\/\/agora.xtec.cat\/insjoandaustria\/wp-content\/uploads\/usu216\/2025\/05\/20250515_191325-1536x2048.jpg 1536w, https:\/\/agora.xtec.cat\/insjoandaustria\/wp-content\/uploads\/usu216\/2025\/05\/20250515_191325-scaled.jpg 1920w\" sizes=\"auto, (max-width: 768px) 100vw, 768px\" \/><\/a>\n\t\t\t<\/dt><\/dl><br style=\"clear: both\" \/><dl class='gallery-item'>\n\t\t\t<dt class='gallery-icon portrait'>\n\t\t\t\t<a href='https:\/\/agora.xtec.cat\/insjoandaustria\/general\/no-es-un-adeu-es-un-a-reveure-graduacio-de-2n-de-batxillerat\/attachment\/20250515_192928\/'><img loading=\"lazy\" decoding=\"async\" width=\"768\" height=\"1024\" src=\"https:\/\/agora.xtec.cat\/insjoandaustria\/wp-content\/uploads\/usu216\/2025\/05\/20250515_192928-768x1024.jpg\" class=\"attachment-large size-large\" alt=\"\" srcset=\"https:\/\/agora.xtec.cat\/insjoandaustria\/wp-content\/uploads\/usu216\/2025\/05\/20250515_192928-768x1024.jpg 768w, https:\/\/agora.xtec.cat\/insjoandaustria\/wp-content\/uploads\/usu216\/2025\/05\/20250515_192928-225x300.jpg 225w, https:\/\/agora.xtec.cat\/insjoandaustria\/wp-content\/uploads\/usu216\/2025\/05\/20250515_192928-1152x1536.jpg 1152w, https:\/\/agora.xtec.cat\/insjoandaustria\/wp-content\/uploads\/usu216\/2025\/05\/20250515_192928-1536x2048.jpg 1536w, https:\/\/agora.xtec.cat\/insjoandaustria\/wp-content\/uploads\/usu216\/2025\/05\/20250515_192928-scaled.jpg 1920w\" sizes=\"auto, (max-width: 768px) 100vw, 768px\" \/><\/a>\n\t\t\t<\/dt><\/dl><dl class='gallery-item'>\n\t\t\t<dt class='gallery-icon portrait'>\n\t\t\t\t<a href='https:\/\/agora.xtec.cat\/insjoandaustria\/general\/no-es-un-adeu-es-un-a-reveure-graduacio-de-2n-de-batxillerat\/attachment\/20250515_184811\/'><img loading=\"lazy\" decoding=\"async\" width=\"768\" height=\"1024\" src=\"https:\/\/agora.xtec.cat\/insjoandaustria\/wp-content\/uploads\/usu216\/2025\/05\/20250515_184811-768x1024.jpg\" class=\"attachment-large size-large\" alt=\"\" srcset=\"https:\/\/agora.xtec.cat\/insjoandaustria\/wp-content\/uploads\/usu216\/2025\/05\/20250515_184811-768x1024.jpg 768w, https:\/\/agora.xtec.cat\/insjoandaustria\/wp-content\/uploads\/usu216\/2025\/05\/20250515_184811-225x300.jpg 225w, https:\/\/agora.xtec.cat\/insjoandaustria\/wp-content\/uploads\/usu216\/2025\/05\/20250515_184811-1152x1536.jpg 1152w, https:\/\/agora.xtec.cat\/insjoandaustria\/wp-content\/uploads\/usu216\/2025\/05\/20250515_184811-1536x2048.jpg 1536w, https:\/\/agora.xtec.cat\/insjoandaustria\/wp-content\/uploads\/usu216\/2025\/05\/20250515_184811-scaled.jpg 1920w\" sizes=\"auto, (max-width: 768px) 100vw, 768px\" \/><\/a>\n\t\t\t<\/dt><\/dl><br style=\"clear: both\" \/><dl class='gallery-item'>\n\t\t\t<dt class='gallery-icon landscape'>\n\t\t\t\t<a href='https:\/\/agora.xtec.cat\/insjoandaustria\/general\/no-es-un-adeu-es-un-a-reveure-graduacio-de-2n-de-batxillerat\/attachment\/20250515_184320\/'><img loading=\"lazy\" decoding=\"async\" width=\"1024\" height=\"768\" src=\"https:\/\/agora.xtec.cat\/insjoandaustria\/wp-content\/uploads\/usu216\/2025\/05\/20250515_184320-1024x768.jpg\" class=\"attachment-large size-large\" alt=\"\" srcset=\"https:\/\/agora.xtec.cat\/insjoandaustria\/wp-content\/uploads\/usu216\/2025\/05\/20250515_184320-1024x768.jpg 1024w, https:\/\/agora.xtec.cat\/insjoandaustria\/wp-content\/uploads\/usu216\/2025\/05\/20250515_184320-300x225.jpg 300w, https:\/\/agora.xtec.cat\/insjoandaustria\/wp-content\/uploads\/usu216\/2025\/05\/20250515_184320-768x576.jpg 768w, https:\/\/agora.xtec.cat\/insjoandaustria\/wp-content\/uploads\/usu216\/2025\/05\/20250515_184320-1536x1152.jpg 1536w, https:\/\/agora.xtec.cat\/insjoandaustria\/wp-content\/uploads\/usu216\/2025\/05\/20250515_184320-2048x1536.jpg 2048w, https:\/\/agora.xtec.cat\/insjoandaustria\/wp-content\/uploads\/usu216\/2025\/05\/20250515_184320-200x150.jpg 200w\" sizes=\"auto, (max-width: 1024px) 100vw, 1024px\" \/><\/a>\n\t\t\t<\/dt><\/dl>\n\t\t\t<br style='clear: both' \/>\n\t\t<\/div>\n\n","protected":false},"excerpt":{"rendered":"<p><a href=\"https:\/\/agora.xtec.cat\/insjoandaustria\/wp-content\/uploads\/usu216\/2025\/05\/20250515_193150-scaled.jpg\"><\/a><br \/>\nLa promoci\u00f3 2019-2025 va celebrar la seva graduaci\u00f3 el dijous, acompanyats de familiars i professors. En un acte emocionat, l&#8217;alumnat de 2n de Batxillerat va poder recordar i expressar el seu pas per l&#8217;Institut en uns discursos emotius amenitzats amb expressions musicals per part&hellip;  <a href=\"https:\/\/agora.xtec.cat\/insjoandaustria\/general\/no-es-un-adeu-es-un-a-reveure-graduacio-de-2n-de-batxillerat\/\" title=\"Read No \u00e9s un adeu; \u00e9s un a reveure\">Llegeix m\u00e9s\u00bb<\/a><\/p>\n","protected":false},"author":806,"featured_media":11915,"comment_status":"closed","ping_status":"closed","sticky":false,"template":"","format":"standard","meta":{"_bbp_topic_count":0,"_bbp_reply_count":0,"_bbp_total_topic_count":0,"_bbp_total_reply_count":0,"_bbp_voice_count":0,"_bbp_anonymous_reply_count":0,"_bbp_topic_count_hidden":0,"_bbp_reply_count_hidden":0,"_bbp_forum_subforum_count":0,"footnotes":""},"categories":[8,1,29],"tags":[],"class_list":["post-11914","post","type-post","status-publish","format-standard","has-post-thumbnail","hentry","category-batxillerat","category-general","category-portada"],"post_mailing_queue_ids":[],"_links":{"self":[{"href":"https:\/\/agora.xtec.cat\/insjoandaustria\/wp-json\/wp\/v2\/posts\/11914","targetHints":{"allow":["GET"]}}],"collection":[{"href":"https:\/\/agora.xtec.cat\/insjoandaustria\/wp-json\/wp\/v2\/posts"}],"about":[{"href":"https:\/\/agora.xtec.cat\/insjoandaustria\/wp-json\/wp\/v2\/types\/post"}],"author":[{"embeddable":true,"href":"https:\/\/agora.xtec.cat\/insjoandaustria\/wp-json\/wp\/v2\/users\/806"}],"replies":[{"embeddable":true,"href":"https:\/\/agora.xtec.cat\/insjoandaustria\/wp-json\/wp\/v2\/comments?post=11914"}],"version-history":[{"count":5,"href":"https:\/\/agora.xtec.cat\/insjoandaustria\/wp-json\/wp\/v2\/posts\/11914\/revisions"}],"predecessor-version":[{"id":11928,"href":"https:\/\/agora.xtec.cat\/insjoandaustria\/wp-json\/wp\/v2\/posts\/11914\/revisions\/11928"}],"wp:featuredmedia":[{"embeddable":true,"href":"https:\/\/agora.xtec.cat\/insjoandaustria\/wp-json\/wp\/v2\/media\/11915"}],"wp:attachment":[{"href":"https:\/\/agora.xtec.cat\/insjoandaustria\/wp-json\/wp\/v2\/media?parent=11914"}],"wp:term":[{"taxonomy":"category","embeddable":true,"href":"https:\/\/agora.xtec.cat\/insjoandaustria\/wp-json\/wp\/v2\/categories?post=11914"},{"taxonomy":"post_tag","embeddable":true,"href":"https:\/\/agora.xtec.cat\/insjoandaustria\/wp-json\/wp\/v2\/tags?post=11914"}],"curies":[{"name":"wp","href":"https:\/\/api.w.org\/{rel}","templated":true}]}}