{"id":11885,"date":"2025-05-09T15:22:51","date_gmt":"2025-05-09T13:22:51","guid":{"rendered":"https:\/\/agora.xtec.cat\/insjoandaustria\/?p=11885"},"modified":"2025-05-09T15:56:28","modified_gmt":"2025-05-09T13:56:28","slug":"mostra-de-tr","status":"publish","type":"post","link":"https:\/\/agora.xtec.cat\/insjoandaustria\/general\/mostra-de-tr\/","title":{"rendered":"Mostra de TR"},"content":{"rendered":"<p style=\"text-align: left;\"><a href=\"https:\/\/agora.xtec.cat\/insjoandaustria\/wp-content\/uploads\/usu216\/2025\/05\/Pagina-web-Mostra-TR1.jpg\"><img loading=\"lazy\" decoding=\"async\" class=\"wp-image-11898 aligncenter\" src=\"https:\/\/agora.xtec.cat\/insjoandaustria\/wp-content\/uploads\/usu216\/2025\/05\/Pagina-web-Mostra-TR1-929x1024.jpg\" alt=\"\" width=\"350\" height=\"386\" srcset=\"https:\/\/agora.xtec.cat\/insjoandaustria\/wp-content\/uploads\/usu216\/2025\/05\/Pagina-web-Mostra-TR1-929x1024.jpg 929w, https:\/\/agora.xtec.cat\/insjoandaustria\/wp-content\/uploads\/usu216\/2025\/05\/Pagina-web-Mostra-TR1-272x300.jpg 272w, https:\/\/agora.xtec.cat\/insjoandaustria\/wp-content\/uploads\/usu216\/2025\/05\/Pagina-web-Mostra-TR1-768x847.jpg 768w, https:\/\/agora.xtec.cat\/insjoandaustria\/wp-content\/uploads\/usu216\/2025\/05\/Pagina-web-Mostra-TR1.jpg 1044w\" sizes=\"auto, (max-width: 350px) 100vw, 350px\" \/><\/a><\/p>\n<p style=\"text-align: left;\">Com us vam informar en el seu moment, les alumnes Sara Amilis i Bibiana Pedroso de 2n de Batxillerat van participar en la mostra de Treballs de Recerca de Batxillerat que es va realitzar en l&#8217;\u00e0mbit de tot Barcelona a l&#8217;Institut Joan d&#8217;\u00c0ustria (vegeu <a href=\"https:\/\/agora.xtec.cat\/insjoandaustria\/general\/17a-mostra-de-treballs-de-recerca-de-barcelona-al-jda\/\">aqu\u00ed<\/a>). Ara, han sortit publicades les not\u00edcies i els TR a la p\u00e0gina web del Consorci d&#8217;Educaci\u00f3 de Barcelona. Si cliqueu les imatges, us duran a la p\u00e0gina de la mostra de TR de Sant Mart\u00ed. Enhorabona a les dues!<\/p>\n<p><a href=\"https:\/\/view.genially.com\/68186ff8f71f5bdc195917f4\"><img loading=\"lazy\" decoding=\"async\" class=\"alignnone size-large wp-image-11886\" src=\"https:\/\/agora.xtec.cat\/insjoandaustria\/wp-content\/uploads\/usu216\/2025\/05\/Sara-Amilis-736x1024.jpg\" alt=\"\" width=\"736\" height=\"1024\" srcset=\"https:\/\/agora.xtec.cat\/insjoandaustria\/wp-content\/uploads\/usu216\/2025\/05\/Sara-Amilis-736x1024.jpg 736w, https:\/\/agora.xtec.cat\/insjoandaustria\/wp-content\/uploads\/usu216\/2025\/05\/Sara-Amilis-216x300.jpg 216w, https:\/\/agora.xtec.cat\/insjoandaustria\/wp-content\/uploads\/usu216\/2025\/05\/Sara-Amilis-768x1069.jpg 768w, https:\/\/agora.xtec.cat\/insjoandaustria\/wp-content\/uploads\/usu216\/2025\/05\/Sara-Amilis.jpg 1080w\" sizes=\"auto, (max-width: 736px) 100vw, 736px\" \/><\/a><\/p>\n<p>&nbsp;<\/p>\n<p><a href=\"https:\/\/view.genially.com\/68186ff8f71f5bdc195917f4\"><img loading=\"lazy\" decoding=\"async\" class=\"alignnone size-large wp-image-11887\" src=\"https:\/\/agora.xtec.cat\/insjoandaustria\/wp-content\/uploads\/usu216\/2025\/05\/Bibiana-Pedroso-735x1024.jpg\" alt=\"\" width=\"735\" height=\"1024\" srcset=\"https:\/\/agora.xtec.cat\/insjoandaustria\/wp-content\/uploads\/usu216\/2025\/05\/Bibiana-Pedroso-735x1024.jpg 735w, https:\/\/agora.xtec.cat\/insjoandaustria\/wp-content\/uploads\/usu216\/2025\/05\/Bibiana-Pedroso-215x300.jpg 215w, https:\/\/agora.xtec.cat\/insjoandaustria\/wp-content\/uploads\/usu216\/2025\/05\/Bibiana-Pedroso-768x1070.jpg 768w, https:\/\/agora.xtec.cat\/insjoandaustria\/wp-content\/uploads\/usu216\/2025\/05\/Bibiana-Pedroso.jpg 1080w\" sizes=\"auto, (max-width: 735px) 100vw, 735px\" \/><\/a><\/p>\n","protected":false},"excerpt":{"rendered":"<p><a href=\"https:\/\/agora.xtec.cat\/insjoandaustria\/wp-content\/uploads\/usu216\/2025\/05\/Pagina-web-Mostra-TR1.jpg\"><\/a><br \/>\nCom us vam informar en el seu moment, les alumnes Sara Amilis i Bibiana Pedroso de 2n de Batxillerat van participar en la mostra de Treballs de Recerca de Batxillerat que es va realitzar en l&#8217;\u00e0mbit de tot Barcelona a l&#8217;Institut Joan d&#8217;\u00c0ustria (vegeu&hellip;  <a href=\"https:\/\/agora.xtec.cat\/insjoandaustria\/general\/mostra-de-tr\/\" title=\"Read Mostra de TR\">Llegeix m\u00e9s\u00bb<\/a><\/p>\n","protected":false},"author":806,"featured_media":11898,"comment_status":"closed","ping_status":"closed","sticky":false,"template":"","format":"standard","meta":{"_bbp_topic_count":0,"_bbp_reply_count":0,"_bbp_total_topic_count":0,"_bbp_total_reply_count":0,"_bbp_voice_count":0,"_bbp_anonymous_reply_count":0,"_bbp_topic_count_hidden":0,"_bbp_reply_count_hidden":0,"_bbp_forum_subforum_count":0,"footnotes":""},"categories":[8,1,29],"tags":[],"class_list":["post-11885","post","type-post","status-publish","format-standard","has-post-thumbnail","hentry","category-batxillerat","category-general","category-portada"],"post_mailing_queue_ids":[],"_links":{"self":[{"href":"https:\/\/agora.xtec.cat\/insjoandaustria\/wp-json\/wp\/v2\/posts\/11885","targetHints":{"allow":["GET"]}}],"collection":[{"href":"https:\/\/agora.xtec.cat\/insjoandaustria\/wp-json\/wp\/v2\/posts"}],"about":[{"href":"https:\/\/agora.xtec.cat\/insjoandaustria\/wp-json\/wp\/v2\/types\/post"}],"author":[{"embeddable":true,"href":"https:\/\/agora.xtec.cat\/insjoandaustria\/wp-json\/wp\/v2\/users\/806"}],"replies":[{"embeddable":true,"href":"https:\/\/agora.xtec.cat\/insjoandaustria\/wp-json\/wp\/v2\/comments?post=11885"}],"version-history":[{"count":6,"href":"https:\/\/agora.xtec.cat\/insjoandaustria\/wp-json\/wp\/v2\/posts\/11885\/revisions"}],"predecessor-version":[{"id":11900,"href":"https:\/\/agora.xtec.cat\/insjoandaustria\/wp-json\/wp\/v2\/posts\/11885\/revisions\/11900"}],"wp:featuredmedia":[{"embeddable":true,"href":"https:\/\/agora.xtec.cat\/insjoandaustria\/wp-json\/wp\/v2\/media\/11898"}],"wp:attachment":[{"href":"https:\/\/agora.xtec.cat\/insjoandaustria\/wp-json\/wp\/v2\/media?parent=11885"}],"wp:term":[{"taxonomy":"category","embeddable":true,"href":"https:\/\/agora.xtec.cat\/insjoandaustria\/wp-json\/wp\/v2\/categories?post=11885"},{"taxonomy":"post_tag","embeddable":true,"href":"https:\/\/agora.xtec.cat\/insjoandaustria\/wp-json\/wp\/v2\/tags?post=11885"}],"curies":[{"name":"wp","href":"https:\/\/api.w.org\/{rel}","templated":true}]}}