{"id":11811,"date":"2025-04-07T16:37:55","date_gmt":"2025-04-07T14:37:55","guid":{"rendered":"https:\/\/agora.xtec.cat\/insjoandaustria\/?p=11811"},"modified":"2025-04-07T16:38:25","modified_gmt":"2025-04-07T14:38:25","slug":"intercanvi-barcelona-houten","status":"publish","type":"post","link":"https:\/\/agora.xtec.cat\/insjoandaustria\/general\/intercanvi-barcelona-houten\/","title":{"rendered":"Intercanvi: Barcelona-Houten"},"content":{"rendered":"<p><a href=\"https:\/\/agora.xtec.cat\/insjoandaustria\/wp-content\/uploads\/usu216\/2025\/04\/1000129010-scaled.jpg\"><img loading=\"lazy\" decoding=\"async\" class=\"wp-image-11812 aligncenter\" src=\"https:\/\/agora.xtec.cat\/insjoandaustria\/wp-content\/uploads\/usu216\/2025\/04\/1000129010-1024x768.jpg\" alt=\"\" width=\"450\" height=\"338\" srcset=\"https:\/\/agora.xtec.cat\/insjoandaustria\/wp-content\/uploads\/usu216\/2025\/04\/1000129010-1024x768.jpg 1024w, https:\/\/agora.xtec.cat\/insjoandaustria\/wp-content\/uploads\/usu216\/2025\/04\/1000129010-300x225.jpg 300w, https:\/\/agora.xtec.cat\/insjoandaustria\/wp-content\/uploads\/usu216\/2025\/04\/1000129010-768x576.jpg 768w, https:\/\/agora.xtec.cat\/insjoandaustria\/wp-content\/uploads\/usu216\/2025\/04\/1000129010-1536x1152.jpg 1536w, https:\/\/agora.xtec.cat\/insjoandaustria\/wp-content\/uploads\/usu216\/2025\/04\/1000129010-2048x1536.jpg 2048w, https:\/\/agora.xtec.cat\/insjoandaustria\/wp-content\/uploads\/usu216\/2025\/04\/1000129010-200x150.jpg 200w\" sizes=\"auto, (max-width: 450px) 100vw, 450px\" \/><\/a><\/p>\n<p>Si al febrer alumnat de Houten va venir a Barcelona en un intercanvi ling\u00fc\u00edstic i cultural, aquesta setmana ha marxat l&#8217;alumnat de l&#8217;institut Joan d&#8217;\u00c0ustria per tornar-los la visita. Esperem que apreneu i us ho passeu molt b\u00e9 en aquesta experi\u00e8ncia intercultural. Anirem afegint fotografies en aquesta entrada perqu\u00e8 en tingueu not\u00edcies actualitzades en imatges.<\/p>\n","protected":false},"excerpt":{"rendered":"<p><a href=\"https:\/\/agora.xtec.cat\/insjoandaustria\/wp-content\/uploads\/usu216\/2025\/04\/1000129010-scaled.jpg\"><\/a><br \/>\nSi al febrer alumnat de Houten va venir a Barcelona en un intercanvi ling\u00fc\u00edstic i cultural, aquesta setmana ha marxat l&#8217;alumnat de l&#8217;institut Joan d&#8217;\u00c0ustria per tornar-los la visita. Esperem que apreneu i us ho passeu molt b\u00e9 en aquesta experi\u00e8ncia intercultural. Anirem afegint&hellip;  <a href=\"https:\/\/agora.xtec.cat\/insjoandaustria\/general\/intercanvi-barcelona-houten\/\" title=\"Read Intercanvi: Barcelona-Houten\">Llegeix m\u00e9s\u00bb<\/a><\/p>\n","protected":false},"author":806,"featured_media":11812,"comment_status":"closed","ping_status":"closed","sticky":false,"template":"","format":"standard","meta":{"_bbp_topic_count":0,"_bbp_reply_count":0,"_bbp_total_topic_count":0,"_bbp_total_reply_count":0,"_bbp_voice_count":0,"_bbp_anonymous_reply_count":0,"_bbp_topic_count_hidden":0,"_bbp_reply_count_hidden":0,"_bbp_forum_subforum_count":0,"footnotes":""},"categories":[42,8,1,29],"tags":[],"class_list":["post-11811","post","type-post","status-publish","format-standard","has-post-thumbnail","hentry","category-angles","category-batxillerat","category-general","category-portada"],"post_mailing_queue_ids":[],"_links":{"self":[{"href":"https:\/\/agora.xtec.cat\/insjoandaustria\/wp-json\/wp\/v2\/posts\/11811","targetHints":{"allow":["GET"]}}],"collection":[{"href":"https:\/\/agora.xtec.cat\/insjoandaustria\/wp-json\/wp\/v2\/posts"}],"about":[{"href":"https:\/\/agora.xtec.cat\/insjoandaustria\/wp-json\/wp\/v2\/types\/post"}],"author":[{"embeddable":true,"href":"https:\/\/agora.xtec.cat\/insjoandaustria\/wp-json\/wp\/v2\/users\/806"}],"replies":[{"embeddable":true,"href":"https:\/\/agora.xtec.cat\/insjoandaustria\/wp-json\/wp\/v2\/comments?post=11811"}],"version-history":[{"count":1,"href":"https:\/\/agora.xtec.cat\/insjoandaustria\/wp-json\/wp\/v2\/posts\/11811\/revisions"}],"predecessor-version":[{"id":11813,"href":"https:\/\/agora.xtec.cat\/insjoandaustria\/wp-json\/wp\/v2\/posts\/11811\/revisions\/11813"}],"wp:featuredmedia":[{"embeddable":true,"href":"https:\/\/agora.xtec.cat\/insjoandaustria\/wp-json\/wp\/v2\/media\/11812"}],"wp:attachment":[{"href":"https:\/\/agora.xtec.cat\/insjoandaustria\/wp-json\/wp\/v2\/media?parent=11811"}],"wp:term":[{"taxonomy":"category","embeddable":true,"href":"https:\/\/agora.xtec.cat\/insjoandaustria\/wp-json\/wp\/v2\/categories?post=11811"},{"taxonomy":"post_tag","embeddable":true,"href":"https:\/\/agora.xtec.cat\/insjoandaustria\/wp-json\/wp\/v2\/tags?post=11811"}],"curies":[{"name":"wp","href":"https:\/\/api.w.org\/{rel}","templated":true}]}}