{"id":11790,"date":"2025-04-06T18:31:32","date_gmt":"2025-04-06T16:31:32","guid":{"rendered":"https:\/\/agora.xtec.cat\/insjoandaustria\/?p=11790"},"modified":"2025-04-07T16:59:25","modified_gmt":"2025-04-07T14:59:25","slug":"sortida-al-sat-la-fundacion-4-0","status":"publish","type":"post","link":"https:\/\/agora.xtec.cat\/insjoandaustria\/general\/sortida-al-sat-la-fundacion-4-0\/","title":{"rendered":"Sortida al SAT. La Fundaci\u00f3n 4.0."},"content":{"rendered":"<p><a href=\"https:\/\/agora.xtec.cat\/insjoandaustria\/wp-content\/uploads\/usu216\/2025\/04\/IMG-20250403-WA0004-2.jpg\"><img loading=\"lazy\" decoding=\"async\" class=\"alignnone size-large wp-image-11791\" src=\"https:\/\/agora.xtec.cat\/insjoandaustria\/wp-content\/uploads\/usu216\/2025\/04\/IMG-20250403-WA0004-2-1024x648.jpg\" alt=\"\" width=\"1024\" height=\"648\" srcset=\"https:\/\/agora.xtec.cat\/insjoandaustria\/wp-content\/uploads\/usu216\/2025\/04\/IMG-20250403-WA0004-2-1024x648.jpg 1024w, https:\/\/agora.xtec.cat\/insjoandaustria\/wp-content\/uploads\/usu216\/2025\/04\/IMG-20250403-WA0004-2-300x190.jpg 300w, https:\/\/agora.xtec.cat\/insjoandaustria\/wp-content\/uploads\/usu216\/2025\/04\/IMG-20250403-WA0004-2-768x486.jpg 768w, https:\/\/agora.xtec.cat\/insjoandaustria\/wp-content\/uploads\/usu216\/2025\/04\/IMG-20250403-WA0004-2-1536x972.jpg 1536w, https:\/\/agora.xtec.cat\/insjoandaustria\/wp-content\/uploads\/usu216\/2025\/04\/IMG-20250403-WA0004-2.jpg 1600w\" sizes=\"auto, (max-width: 1024px) 100vw, 1024px\" \/><\/a><\/p>\n<p>El passat 22 de mar\u00e7, l&#8217;alumnat de 2n de batxillerat, va assistir a la representaci\u00f3 teatral <em>La Fundaci\u00f3n 4.0<\/em>. Es va tractar d&#8217;una daptaci\u00f3 de l&#8217;obra <em>Plenitud<\/em> d&#8217; Antonio Buero Vallejo que representaren la companyia Teatre de Ponent. L&#8217;obra invita a la reflexi\u00f3 sobre la pres\u00f3 f\u00edsica i mental, i mostra com pot ser de fr\u00e0gil la l\u00ednia entre la bogeria i el seny. Va ser una oportunitat per aprendre literatura en un espai \u00fanic, el SAT. Segur que se&#8217;n podr\u00e0 parlar molt en les propers classes de llengua castellana.<\/p>\n","protected":false},"excerpt":{"rendered":"<p><a href=\"https:\/\/agora.xtec.cat\/insjoandaustria\/wp-content\/uploads\/usu216\/2025\/04\/IMG-20250403-WA0004-2.jpg\"><\/a><br \/>\nEl passat 22 de mar\u00e7, l&#8217;alumnat de 2n de batxillerat, va assistir a la representaci\u00f3 teatral La Fundaci\u00f3n 4.0. Es va tractar d&#8217;una daptaci\u00f3 de l&#8217;obra Plenitud d&#8217; Antonio Buero Vallejo que representaren la companyia Teatre de Ponent. L&#8217;obra invita a la reflexi\u00f3 sobre&hellip;  <a href=\"https:\/\/agora.xtec.cat\/insjoandaustria\/general\/sortida-al-sat-la-fundacion-4-0\/\" title=\"Read Sortida al SAT. La Fundaci\u00f3n 4.0.\">Llegeix m\u00e9s\u00bb<\/a><\/p>\n","protected":false},"author":913,"featured_media":11791,"comment_status":"closed","ping_status":"closed","sticky":false,"template":"","format":"standard","meta":{"_bbp_topic_count":0,"_bbp_reply_count":0,"_bbp_total_topic_count":0,"_bbp_total_reply_count":0,"_bbp_voice_count":0,"_bbp_anonymous_reply_count":0,"_bbp_topic_count_hidden":0,"_bbp_reply_count_hidden":0,"_bbp_forum_subforum_count":0,"footnotes":""},"categories":[8,1,29],"tags":[],"class_list":["post-11790","post","type-post","status-publish","format-standard","has-post-thumbnail","hentry","category-batxillerat","category-general","category-portada"],"post_mailing_queue_ids":[],"_links":{"self":[{"href":"https:\/\/agora.xtec.cat\/insjoandaustria\/wp-json\/wp\/v2\/posts\/11790","targetHints":{"allow":["GET"]}}],"collection":[{"href":"https:\/\/agora.xtec.cat\/insjoandaustria\/wp-json\/wp\/v2\/posts"}],"about":[{"href":"https:\/\/agora.xtec.cat\/insjoandaustria\/wp-json\/wp\/v2\/types\/post"}],"author":[{"embeddable":true,"href":"https:\/\/agora.xtec.cat\/insjoandaustria\/wp-json\/wp\/v2\/users\/913"}],"replies":[{"embeddable":true,"href":"https:\/\/agora.xtec.cat\/insjoandaustria\/wp-json\/wp\/v2\/comments?post=11790"}],"version-history":[{"count":4,"href":"https:\/\/agora.xtec.cat\/insjoandaustria\/wp-json\/wp\/v2\/posts\/11790\/revisions"}],"predecessor-version":[{"id":11816,"href":"https:\/\/agora.xtec.cat\/insjoandaustria\/wp-json\/wp\/v2\/posts\/11790\/revisions\/11816"}],"wp:featuredmedia":[{"embeddable":true,"href":"https:\/\/agora.xtec.cat\/insjoandaustria\/wp-json\/wp\/v2\/media\/11791"}],"wp:attachment":[{"href":"https:\/\/agora.xtec.cat\/insjoandaustria\/wp-json\/wp\/v2\/media?parent=11790"}],"wp:term":[{"taxonomy":"category","embeddable":true,"href":"https:\/\/agora.xtec.cat\/insjoandaustria\/wp-json\/wp\/v2\/categories?post=11790"},{"taxonomy":"post_tag","embeddable":true,"href":"https:\/\/agora.xtec.cat\/insjoandaustria\/wp-json\/wp\/v2\/tags?post=11790"}],"curies":[{"name":"wp","href":"https:\/\/api.w.org\/{rel}","templated":true}]}}