{"id":11734,"date":"2025-03-17T15:56:44","date_gmt":"2025-03-17T14:56:44","guid":{"rendered":"https:\/\/agora.xtec.cat\/insjoandaustria\/?p=11734"},"modified":"2025-03-17T18:36:26","modified_gmt":"2025-03-17T17:36:26","slug":"saint-patricks-day-al-jda","status":"publish","type":"post","link":"https:\/\/agora.xtec.cat\/insjoandaustria\/general\/saint-patricks-day-al-jda\/","title":{"rendered":"Saint Patrick&#8217;s Day al JdA"},"content":{"rendered":"<p><a href=\"https:\/\/agora.xtec.cat\/insjoandaustria\/wp-content\/uploads\/usu216\/2025\/03\/IMG-20250317-WA0008.jpg\"><img loading=\"lazy\" decoding=\"async\" class=\"alignnone size-large wp-image-11735\" src=\"https:\/\/agora.xtec.cat\/insjoandaustria\/wp-content\/uploads\/usu216\/2025\/03\/IMG-20250317-WA0008-1024x667.jpg\" alt=\"\" width=\"1024\" height=\"667\" srcset=\"https:\/\/agora.xtec.cat\/insjoandaustria\/wp-content\/uploads\/usu216\/2025\/03\/IMG-20250317-WA0008-1024x667.jpg 1024w, https:\/\/agora.xtec.cat\/insjoandaustria\/wp-content\/uploads\/usu216\/2025\/03\/IMG-20250317-WA0008-300x195.jpg 300w, https:\/\/agora.xtec.cat\/insjoandaustria\/wp-content\/uploads\/usu216\/2025\/03\/IMG-20250317-WA0008-768x500.jpg 768w, https:\/\/agora.xtec.cat\/insjoandaustria\/wp-content\/uploads\/usu216\/2025\/03\/IMG-20250317-WA0008-1536x1000.jpg 1536w, https:\/\/agora.xtec.cat\/insjoandaustria\/wp-content\/uploads\/usu216\/2025\/03\/IMG-20250317-WA0008.jpg 1600w\" sizes=\"auto, (max-width: 1024px) 100vw, 1024px\" \/><\/a><\/p>\n<p>Avui 17 de mar\u00e7, festivitat de Sant Patrick, l&#8217;alumnat de 3r d&#8217;ESO ha gaudit d&#8217;un taller de danses tradicionals irlandeses de la m\u00e0 del grup de folk Ludotori i les dansaires Nuala i Valeria. Tot i la vergonya inicial, un cop trencat el gel, tots i totes s&#8217;han animat a seguir les indicacions en angl\u00e8s per convertir-se en professionals de dansa tradicional irlandesa. Ha estat una manera diferent d&#8217;aprendre angl\u00e8s a trav\u00e9s del ball i la m\u00fasica. De ben segur que han quedat ganes de repetir!<\/p>\n<p><a href=\"https:\/\/agora.xtec.cat\/insjoandaustria\/wp-content\/uploads\/usu216\/2025\/03\/IMG_20250317_102143-scaled.jpg\"><img loading=\"lazy\" decoding=\"async\" class=\"size-large wp-image-11739\" src=\"https:\/\/agora.xtec.cat\/insjoandaustria\/wp-content\/uploads\/usu216\/2025\/03\/IMG_20250317_102143-1024x768.jpg\" alt=\"\" width=\"1024\" height=\"768\" srcset=\"https:\/\/agora.xtec.cat\/insjoandaustria\/wp-content\/uploads\/usu216\/2025\/03\/IMG_20250317_102143-1024x768.jpg 1024w, https:\/\/agora.xtec.cat\/insjoandaustria\/wp-content\/uploads\/usu216\/2025\/03\/IMG_20250317_102143-300x225.jpg 300w, https:\/\/agora.xtec.cat\/insjoandaustria\/wp-content\/uploads\/usu216\/2025\/03\/IMG_20250317_102143-768x576.jpg 768w, https:\/\/agora.xtec.cat\/insjoandaustria\/wp-content\/uploads\/usu216\/2025\/03\/IMG_20250317_102143-1536x1152.jpg 1536w, https:\/\/agora.xtec.cat\/insjoandaustria\/wp-content\/uploads\/usu216\/2025\/03\/IMG_20250317_102143-2048x1536.jpg 2048w, https:\/\/agora.xtec.cat\/insjoandaustria\/wp-content\/uploads\/usu216\/2025\/03\/IMG_20250317_102143-200x150.jpg 200w\" sizes=\"auto, (max-width: 1024px) 100vw, 1024px\" \/><\/a><\/p>\n<p><a href=\"https:\/\/agora.xtec.cat\/insjoandaustria\/wp-content\/uploads\/usu216\/2025\/03\/IMG_20250317_102147-scaled.jpg\"><img loading=\"lazy\" decoding=\"async\" class=\"size-large wp-image-11740\" src=\"https:\/\/agora.xtec.cat\/insjoandaustria\/wp-content\/uploads\/usu216\/2025\/03\/IMG_20250317_102147-1024x768.jpg\" alt=\"\" width=\"1024\" height=\"768\" srcset=\"https:\/\/agora.xtec.cat\/insjoandaustria\/wp-content\/uploads\/usu216\/2025\/03\/IMG_20250317_102147-1024x768.jpg 1024w, https:\/\/agora.xtec.cat\/insjoandaustria\/wp-content\/uploads\/usu216\/2025\/03\/IMG_20250317_102147-300x225.jpg 300w, https:\/\/agora.xtec.cat\/insjoandaustria\/wp-content\/uploads\/usu216\/2025\/03\/IMG_20250317_102147-768x576.jpg 768w, https:\/\/agora.xtec.cat\/insjoandaustria\/wp-content\/uploads\/usu216\/2025\/03\/IMG_20250317_102147-1536x1152.jpg 1536w, https:\/\/agora.xtec.cat\/insjoandaustria\/wp-content\/uploads\/usu216\/2025\/03\/IMG_20250317_102147-2048x1536.jpg 2048w, https:\/\/agora.xtec.cat\/insjoandaustria\/wp-content\/uploads\/usu216\/2025\/03\/IMG_20250317_102147-200x150.jpg 200w\" sizes=\"auto, (max-width: 1024px) 100vw, 1024px\" \/><\/a><\/p>\n<p><a href=\"https:\/\/agora.xtec.cat\/insjoandaustria\/wp-content\/uploads\/usu216\/2025\/03\/IMG_20250317_103248-scaled.jpg\"><img loading=\"lazy\" decoding=\"async\" class=\"size-large wp-image-11741\" src=\"https:\/\/agora.xtec.cat\/insjoandaustria\/wp-content\/uploads\/usu216\/2025\/03\/IMG_20250317_103248-1024x768.jpg\" alt=\"\" width=\"1024\" height=\"768\" srcset=\"https:\/\/agora.xtec.cat\/insjoandaustria\/wp-content\/uploads\/usu216\/2025\/03\/IMG_20250317_103248-1024x768.jpg 1024w, https:\/\/agora.xtec.cat\/insjoandaustria\/wp-content\/uploads\/usu216\/2025\/03\/IMG_20250317_103248-300x225.jpg 300w, https:\/\/agora.xtec.cat\/insjoandaustria\/wp-content\/uploads\/usu216\/2025\/03\/IMG_20250317_103248-768x576.jpg 768w, https:\/\/agora.xtec.cat\/insjoandaustria\/wp-content\/uploads\/usu216\/2025\/03\/IMG_20250317_103248-1536x1152.jpg 1536w, https:\/\/agora.xtec.cat\/insjoandaustria\/wp-content\/uploads\/usu216\/2025\/03\/IMG_20250317_103248-2048x1536.jpg 2048w, https:\/\/agora.xtec.cat\/insjoandaustria\/wp-content\/uploads\/usu216\/2025\/03\/IMG_20250317_103248-200x150.jpg 200w\" sizes=\"auto, (max-width: 1024px) 100vw, 1024px\" \/><\/a><\/p>\n<figure class=\"figure wp-caption alignnone\"><a href=\"https:\/\/agora.xtec.cat\/insjoandaustria\/wp-content\/uploads\/usu216\/2025\/03\/IMG_20250317_103702-scaled.jpg\"><img loading=\"lazy\" decoding=\"async\" class=\"size-large wp-image-11742\" src=\"https:\/\/agora.xtec.cat\/insjoandaustria\/wp-content\/uploads\/usu216\/2025\/03\/IMG_20250317_103702-1024x768.jpg\" alt=\"\" width=\"1024\" height=\"768\" srcset=\"https:\/\/agora.xtec.cat\/insjoandaustria\/wp-content\/uploads\/usu216\/2025\/03\/IMG_20250317_103702-1024x768.jpg 1024w, https:\/\/agora.xtec.cat\/insjoandaustria\/wp-content\/uploads\/usu216\/2025\/03\/IMG_20250317_103702-300x225.jpg 300w, https:\/\/agora.xtec.cat\/insjoandaustria\/wp-content\/uploads\/usu216\/2025\/03\/IMG_20250317_103702-768x576.jpg 768w, https:\/\/agora.xtec.cat\/insjoandaustria\/wp-content\/uploads\/usu216\/2025\/03\/IMG_20250317_103702-1536x1152.jpg 1536w, https:\/\/agora.xtec.cat\/insjoandaustria\/wp-content\/uploads\/usu216\/2025\/03\/IMG_20250317_103702-2048x1536.jpg 2048w, https:\/\/agora.xtec.cat\/insjoandaustria\/wp-content\/uploads\/usu216\/2025\/03\/IMG_20250317_103702-200x150.jpg 200w\" sizes=\"auto, (max-width: 1024px) 100vw, 1024px\" \/><\/a><figcaption class=\"wp-caption-text\"><\/p>\n<p><\/figcaption><\/figure>\n","protected":false},"excerpt":{"rendered":"<p><a href=\"https:\/\/agora.xtec.cat\/insjoandaustria\/wp-content\/uploads\/usu216\/2025\/03\/IMG-20250317-WA0008.jpg\"><\/a><br \/>\nAvui 17 de mar\u00e7, festivitat de Sant Patrick, l&#8217;alumnat de 3r d&#8217;ESO ha gaudit d&#8217;un taller de danses tradicionals irlandeses de la m\u00e0 del grup de folk Ludotori i les dansaires Nuala i Valeria. Tot i la vergonya inicial, un cop trencat el gel,&hellip;  <a href=\"https:\/\/agora.xtec.cat\/insjoandaustria\/general\/saint-patricks-day-al-jda\/\" title=\"Read Saint Patrick&#8217;s Day al JdA\">Llegeix m\u00e9s\u00bb<\/a><\/p>\n","protected":false},"author":913,"featured_media":11735,"comment_status":"closed","ping_status":"closed","sticky":false,"template":"","format":"standard","meta":{"_bbp_topic_count":0,"_bbp_reply_count":0,"_bbp_total_topic_count":0,"_bbp_total_reply_count":0,"_bbp_voice_count":0,"_bbp_anonymous_reply_count":0,"_bbp_topic_count_hidden":0,"_bbp_reply_count_hidden":0,"_bbp_forum_subforum_count":0,"footnotes":""},"categories":[3,1,29],"tags":[],"class_list":["post-11734","post","type-post","status-publish","format-standard","has-post-thumbnail","hentry","category-eso","category-general","category-portada"],"post_mailing_queue_ids":[],"_links":{"self":[{"href":"https:\/\/agora.xtec.cat\/insjoandaustria\/wp-json\/wp\/v2\/posts\/11734","targetHints":{"allow":["GET"]}}],"collection":[{"href":"https:\/\/agora.xtec.cat\/insjoandaustria\/wp-json\/wp\/v2\/posts"}],"about":[{"href":"https:\/\/agora.xtec.cat\/insjoandaustria\/wp-json\/wp\/v2\/types\/post"}],"author":[{"embeddable":true,"href":"https:\/\/agora.xtec.cat\/insjoandaustria\/wp-json\/wp\/v2\/users\/913"}],"replies":[{"embeddable":true,"href":"https:\/\/agora.xtec.cat\/insjoandaustria\/wp-json\/wp\/v2\/comments?post=11734"}],"version-history":[{"count":3,"href":"https:\/\/agora.xtec.cat\/insjoandaustria\/wp-json\/wp\/v2\/posts\/11734\/revisions"}],"predecessor-version":[{"id":11744,"href":"https:\/\/agora.xtec.cat\/insjoandaustria\/wp-json\/wp\/v2\/posts\/11734\/revisions\/11744"}],"wp:featuredmedia":[{"embeddable":true,"href":"https:\/\/agora.xtec.cat\/insjoandaustria\/wp-json\/wp\/v2\/media\/11735"}],"wp:attachment":[{"href":"https:\/\/agora.xtec.cat\/insjoandaustria\/wp-json\/wp\/v2\/media?parent=11734"}],"wp:term":[{"taxonomy":"category","embeddable":true,"href":"https:\/\/agora.xtec.cat\/insjoandaustria\/wp-json\/wp\/v2\/categories?post=11734"},{"taxonomy":"post_tag","embeddable":true,"href":"https:\/\/agora.xtec.cat\/insjoandaustria\/wp-json\/wp\/v2\/tags?post=11734"}],"curies":[{"name":"wp","href":"https:\/\/api.w.org\/{rel}","templated":true}]}}