{"id":11720,"date":"2025-03-10T13:34:39","date_gmt":"2025-03-10T12:34:39","guid":{"rendered":"https:\/\/agora.xtec.cat\/insjoandaustria\/?p=11720"},"modified":"2025-03-12T09:31:24","modified_gmt":"2025-03-12T08:31:24","slug":"camp-daprenentatge-2n-deso","status":"publish","type":"post","link":"https:\/\/agora.xtec.cat\/insjoandaustria\/general\/camp-daprenentatge-2n-deso\/","title":{"rendered":"Camp d&#8217;aprenentatge. 2n d&#8217;ESO"},"content":{"rendered":"<p style=\"padding-left: 40px;\"><a href=\"https:\/\/agora.xtec.cat\/insjoandaustria\/wp-content\/uploads\/usu216\/2025\/03\/IMG-20250304-WA0015.jpg\"><img loading=\"lazy\" decoding=\"async\" class=\"alignnone size-large wp-image-11721\" src=\"https:\/\/agora.xtec.cat\/insjoandaustria\/wp-content\/uploads\/usu216\/2025\/03\/IMG-20250304-WA0015-1024x768.jpg\" alt=\"\" width=\"1024\" height=\"768\" srcset=\"https:\/\/agora.xtec.cat\/insjoandaustria\/wp-content\/uploads\/usu216\/2025\/03\/IMG-20250304-WA0015-1024x768.jpg 1024w, https:\/\/agora.xtec.cat\/insjoandaustria\/wp-content\/uploads\/usu216\/2025\/03\/IMG-20250304-WA0015-300x225.jpg 300w, https:\/\/agora.xtec.cat\/insjoandaustria\/wp-content\/uploads\/usu216\/2025\/03\/IMG-20250304-WA0015-768x576.jpg 768w, https:\/\/agora.xtec.cat\/insjoandaustria\/wp-content\/uploads\/usu216\/2025\/03\/IMG-20250304-WA0015-1536x1152.jpg 1536w, https:\/\/agora.xtec.cat\/insjoandaustria\/wp-content\/uploads\/usu216\/2025\/03\/IMG-20250304-WA0015-200x150.jpg 200w, https:\/\/agora.xtec.cat\/insjoandaustria\/wp-content\/uploads\/usu216\/2025\/03\/IMG-20250304-WA0015.jpg 1600w\" sizes=\"auto, (max-width: 1024px) 100vw, 1024px\" \/><\/a><\/p>\n<p style=\"text-align: justify;\">La setmana del 3 al 7 de mar\u00e7 l&#8217;alumnat de 2n d&#8217;ESO va gaudir d&#8217;una estada de dos dies en un camp d&#8217;aprenentatge del Ripoll\u00e8s. Durant aquests dos dies van visitar el monestir de Ripoll i altres indrets d&#8217;inter\u00e8s cultural de la capital de la comarca. A m\u00e9s, van poder copiar manuscrits a l&#8217;<em>Scriptorium<\/em> de Ripoll. Finalment, van realitzar una ruta de cinc quil\u00f2metres pels boscos de la zona per poder con\u00e8ixer de primera m\u00e0 l&#8217;entorn natural de la regi\u00f3. De ben segur que tornen amb una motxilla farcida de nous coneixements i experi\u00e8ncies.<\/p>\n<p><a href=\"https:\/\/agora.xtec.cat\/insjoandaustria\/wp-content\/uploads\/usu216\/2025\/03\/IMG_20250306_125402-1-scaled.jpg\"><img loading=\"lazy\" decoding=\"async\" class=\"alignnone wp-image-11716\" src=\"https:\/\/agora.xtec.cat\/insjoandaustria\/wp-content\/uploads\/usu216\/2025\/03\/IMG_20250306_125402-1-473x1024.jpg\" alt=\"\" width=\"279\" height=\"604\" srcset=\"https:\/\/agora.xtec.cat\/insjoandaustria\/wp-content\/uploads\/usu216\/2025\/03\/IMG_20250306_125402-1-473x1024.jpg 473w, https:\/\/agora.xtec.cat\/insjoandaustria\/wp-content\/uploads\/usu216\/2025\/03\/IMG_20250306_125402-1-138x300.jpg 138w, https:\/\/agora.xtec.cat\/insjoandaustria\/wp-content\/uploads\/usu216\/2025\/03\/IMG_20250306_125402-1-768x1664.jpg 768w, https:\/\/agora.xtec.cat\/insjoandaustria\/wp-content\/uploads\/usu216\/2025\/03\/IMG_20250306_125402-1-709x1536.jpg 709w, https:\/\/agora.xtec.cat\/insjoandaustria\/wp-content\/uploads\/usu216\/2025\/03\/IMG_20250306_125402-1-945x2048.jpg 945w, https:\/\/agora.xtec.cat\/insjoandaustria\/wp-content\/uploads\/usu216\/2025\/03\/IMG_20250306_125402-1-scaled.jpg 1182w\" sizes=\"auto, (max-width: 279px) 100vw, 279px\" \/>\u00a0 \u00a0 \u00a0 \u00a0 \u00a0 \u00a0 \u00a0 \u00a0 \u00a0 \u00a0 <\/a><a href=\"https:\/\/agora.xtec.cat\/insjoandaustria\/wp-content\/uploads\/usu216\/2025\/03\/IMG_20250306_125355-1-scaled.jpg\"><img loading=\"lazy\" decoding=\"async\" class=\"alignnone wp-image-11715\" src=\"https:\/\/agora.xtec.cat\/insjoandaustria\/wp-content\/uploads\/usu216\/2025\/03\/IMG_20250306_125355-1-473x1024.jpg\" alt=\"\" width=\"278\" height=\"601\" srcset=\"https:\/\/agora.xtec.cat\/insjoandaustria\/wp-content\/uploads\/usu216\/2025\/03\/IMG_20250306_125355-1-473x1024.jpg 473w, https:\/\/agora.xtec.cat\/insjoandaustria\/wp-content\/uploads\/usu216\/2025\/03\/IMG_20250306_125355-1-768x1664.jpg 768w, https:\/\/agora.xtec.cat\/insjoandaustria\/wp-content\/uploads\/usu216\/2025\/03\/IMG_20250306_125355-1-709x1536.jpg 709w, https:\/\/agora.xtec.cat\/insjoandaustria\/wp-content\/uploads\/usu216\/2025\/03\/IMG_20250306_125355-1-945x2048.jpg 945w, https:\/\/agora.xtec.cat\/insjoandaustria\/wp-content\/uploads\/usu216\/2025\/03\/IMG_20250306_125355-1-scaled.jpg 1182w\" sizes=\"auto, (max-width: 278px) 100vw, 278px\" \/><\/a><\/p>\n<p>&nbsp;<\/p>\n<p><a href=\"https:\/\/agora.xtec.cat\/insjoandaustria\/wp-content\/uploads\/usu216\/2025\/03\/IMG_20250306_111547-scaled.jpg\"><img loading=\"lazy\" decoding=\"async\" class=\"alignnone wp-image-11714\" src=\"https:\/\/agora.xtec.cat\/insjoandaustria\/wp-content\/uploads\/usu216\/2025\/03\/IMG_20250306_111547-473x1024.jpg\" alt=\"\" width=\"285\" height=\"617\" srcset=\"https:\/\/agora.xtec.cat\/insjoandaustria\/wp-content\/uploads\/usu216\/2025\/03\/IMG_20250306_111547-473x1024.jpg 473w, https:\/\/agora.xtec.cat\/insjoandaustria\/wp-content\/uploads\/usu216\/2025\/03\/IMG_20250306_111547-138x300.jpg 138w, https:\/\/agora.xtec.cat\/insjoandaustria\/wp-content\/uploads\/usu216\/2025\/03\/IMG_20250306_111547-768x1664.jpg 768w, https:\/\/agora.xtec.cat\/insjoandaustria\/wp-content\/uploads\/usu216\/2025\/03\/IMG_20250306_111547-709x1536.jpg 709w, https:\/\/agora.xtec.cat\/insjoandaustria\/wp-content\/uploads\/usu216\/2025\/03\/IMG_20250306_111547-945x2048.jpg 945w, https:\/\/agora.xtec.cat\/insjoandaustria\/wp-content\/uploads\/usu216\/2025\/03\/IMG_20250306_111547-scaled.jpg 1182w\" sizes=\"auto, (max-width: 285px) 100vw, 285px\" \/>\u00a0 \u00a0 \u00a0 \u00a0 \u00a0 \u00a0 \u00a0 \u00a0 \u00a0 <\/a><a href=\"https:\/\/agora.xtec.cat\/insjoandaustria\/wp-content\/uploads\/usu216\/2025\/03\/IMG_20250306_145846-scaled.jpg\"><img loading=\"lazy\" decoding=\"async\" class=\"alignnone wp-image-11717\" src=\"https:\/\/agora.xtec.cat\/insjoandaustria\/wp-content\/uploads\/usu216\/2025\/03\/IMG_20250306_145846-473x1024.jpg\" alt=\"\" width=\"283\" height=\"613\" srcset=\"https:\/\/agora.xtec.cat\/insjoandaustria\/wp-content\/uploads\/usu216\/2025\/03\/IMG_20250306_145846-473x1024.jpg 473w, https:\/\/agora.xtec.cat\/insjoandaustria\/wp-content\/uploads\/usu216\/2025\/03\/IMG_20250306_145846-138x300.jpg 138w, https:\/\/agora.xtec.cat\/insjoandaustria\/wp-content\/uploads\/usu216\/2025\/03\/IMG_20250306_145846-768x1664.jpg 768w, https:\/\/agora.xtec.cat\/insjoandaustria\/wp-content\/uploads\/usu216\/2025\/03\/IMG_20250306_145846-709x1536.jpg 709w, https:\/\/agora.xtec.cat\/insjoandaustria\/wp-content\/uploads\/usu216\/2025\/03\/IMG_20250306_145846-945x2048.jpg 945w, https:\/\/agora.xtec.cat\/insjoandaustria\/wp-content\/uploads\/usu216\/2025\/03\/IMG_20250306_145846-scaled.jpg 1182w\" sizes=\"auto, (max-width: 283px) 100vw, 283px\" \/><\/a><\/p>\n<p><a href=\"https:\/\/agora.xtec.cat\/insjoandaustria\/wp-content\/uploads\/usu216\/2025\/03\/IMG_20250305_104003-scaled.jpg\"><img loading=\"lazy\" decoding=\"async\" class=\"alignnone size-large wp-image-11713\" src=\"https:\/\/agora.xtec.cat\/insjoandaustria\/wp-content\/uploads\/usu216\/2025\/03\/IMG_20250305_104003-1024x473.jpg\" alt=\"\" width=\"1024\" height=\"473\" srcset=\"https:\/\/agora.xtec.cat\/insjoandaustria\/wp-content\/uploads\/usu216\/2025\/03\/IMG_20250305_104003-1024x473.jpg 1024w, https:\/\/agora.xtec.cat\/insjoandaustria\/wp-content\/uploads\/usu216\/2025\/03\/IMG_20250305_104003-300x138.jpg 300w, https:\/\/agora.xtec.cat\/insjoandaustria\/wp-content\/uploads\/usu216\/2025\/03\/IMG_20250305_104003-768x354.jpg 768w, https:\/\/agora.xtec.cat\/insjoandaustria\/wp-content\/uploads\/usu216\/2025\/03\/IMG_20250305_104003-1536x709.jpg 1536w, https:\/\/agora.xtec.cat\/insjoandaustria\/wp-content\/uploads\/usu216\/2025\/03\/IMG_20250305_104003-2048x945.jpg 2048w\" sizes=\"auto, (max-width: 1024px) 100vw, 1024px\" \/><\/a><\/p>\n<p><a href=\"https:\/\/agora.xtec.cat\/insjoandaustria\/wp-content\/uploads\/usu216\/2025\/03\/IMG_20250306_145846-scaled.jpg\">\u00a0 \u00a0 \u00a0 \u00a0 \u00a0 \u00a0 \u00a0 \u00a0 \u00a0 \u00a0 \u00a0 \u00a0 \u00a0 \u00a0 \u00a0 \u00a0 \u00a0 \u00a0 \u00a0 \u00a0 \u00a0 \u00a0 <\/a><a href=\"https:\/\/agora.xtec.cat\/insjoandaustria\/wp-content\/uploads\/usu216\/2025\/03\/IMG_20250307_105957_1-scaled.jpg\">\u00a0 \u00a0 <\/a><a href=\"https:\/\/agora.xtec.cat\/insjoandaustria\/wp-content\/uploads\/usu216\/2025\/03\/IMG_20250307_105957_1-scaled.jpg\"><img loading=\"lazy\" decoding=\"async\" class=\"alignnone wp-image-11718\" src=\"https:\/\/agora.xtec.cat\/insjoandaustria\/wp-content\/uploads\/usu216\/2025\/03\/IMG_20250307_105957_1-473x1024.jpg\" alt=\"\" width=\"335\" height=\"725\" srcset=\"https:\/\/agora.xtec.cat\/insjoandaustria\/wp-content\/uploads\/usu216\/2025\/03\/IMG_20250307_105957_1-473x1024.jpg 473w, https:\/\/agora.xtec.cat\/insjoandaustria\/wp-content\/uploads\/usu216\/2025\/03\/IMG_20250307_105957_1-138x300.jpg 138w, https:\/\/agora.xtec.cat\/insjoandaustria\/wp-content\/uploads\/usu216\/2025\/03\/IMG_20250307_105957_1-768x1664.jpg 768w, https:\/\/agora.xtec.cat\/insjoandaustria\/wp-content\/uploads\/usu216\/2025\/03\/IMG_20250307_105957_1-709x1536.jpg 709w, https:\/\/agora.xtec.cat\/insjoandaustria\/wp-content\/uploads\/usu216\/2025\/03\/IMG_20250307_105957_1-945x2048.jpg 945w, https:\/\/agora.xtec.cat\/insjoandaustria\/wp-content\/uploads\/usu216\/2025\/03\/IMG_20250307_105957_1-scaled.jpg 1182w\" sizes=\"auto, (max-width: 335px) 100vw, 335px\" \/><\/a><\/p>\n<p>&nbsp;<\/p>\n<p>&nbsp;<\/p>\n","protected":false},"excerpt":{"rendered":"<p><a href=\"https:\/\/agora.xtec.cat\/insjoandaustria\/wp-content\/uploads\/usu216\/2025\/03\/IMG-20250304-WA0015.jpg\"><\/a><br \/>\nLa setmana del 3 al 7 de mar\u00e7 l&#8217;alumnat de 2n d&#8217;ESO va gaudir d&#8217;una estada de dos dies en un camp d&#8217;aprenentatge del Ripoll\u00e8s. Durant aquests dos dies van visitar el monestir de Ripoll i altres indrets d&#8217;inter\u00e8s cultural de la capital de&hellip;  <a href=\"https:\/\/agora.xtec.cat\/insjoandaustria\/general\/camp-daprenentatge-2n-deso\/\" title=\"Read Camp d&#8217;aprenentatge. 2n d&#8217;ESO\">Llegeix m\u00e9s\u00bb<\/a><\/p>\n","protected":false},"author":913,"featured_media":11721,"comment_status":"closed","ping_status":"closed","sticky":false,"template":"","format":"standard","meta":{"_bbp_topic_count":0,"_bbp_reply_count":0,"_bbp_total_topic_count":0,"_bbp_total_reply_count":0,"_bbp_voice_count":0,"_bbp_anonymous_reply_count":0,"_bbp_topic_count_hidden":0,"_bbp_reply_count_hidden":0,"_bbp_forum_subforum_count":0,"footnotes":""},"categories":[3,1,29],"tags":[],"class_list":["post-11720","post","type-post","status-publish","format-standard","has-post-thumbnail","hentry","category-eso","category-general","category-portada"],"post_mailing_queue_ids":[],"_links":{"self":[{"href":"https:\/\/agora.xtec.cat\/insjoandaustria\/wp-json\/wp\/v2\/posts\/11720","targetHints":{"allow":["GET"]}}],"collection":[{"href":"https:\/\/agora.xtec.cat\/insjoandaustria\/wp-json\/wp\/v2\/posts"}],"about":[{"href":"https:\/\/agora.xtec.cat\/insjoandaustria\/wp-json\/wp\/v2\/types\/post"}],"author":[{"embeddable":true,"href":"https:\/\/agora.xtec.cat\/insjoandaustria\/wp-json\/wp\/v2\/users\/913"}],"replies":[{"embeddable":true,"href":"https:\/\/agora.xtec.cat\/insjoandaustria\/wp-json\/wp\/v2\/comments?post=11720"}],"version-history":[{"count":6,"href":"https:\/\/agora.xtec.cat\/insjoandaustria\/wp-json\/wp\/v2\/posts\/11720\/revisions"}],"predecessor-version":[{"id":11727,"href":"https:\/\/agora.xtec.cat\/insjoandaustria\/wp-json\/wp\/v2\/posts\/11720\/revisions\/11727"}],"wp:featuredmedia":[{"embeddable":true,"href":"https:\/\/agora.xtec.cat\/insjoandaustria\/wp-json\/wp\/v2\/media\/11721"}],"wp:attachment":[{"href":"https:\/\/agora.xtec.cat\/insjoandaustria\/wp-json\/wp\/v2\/media?parent=11720"}],"wp:term":[{"taxonomy":"category","embeddable":true,"href":"https:\/\/agora.xtec.cat\/insjoandaustria\/wp-json\/wp\/v2\/categories?post=11720"},{"taxonomy":"post_tag","embeddable":true,"href":"https:\/\/agora.xtec.cat\/insjoandaustria\/wp-json\/wp\/v2\/tags?post=11720"}],"curies":[{"name":"wp","href":"https:\/\/api.w.org\/{rel}","templated":true}]}}