{"id":11491,"date":"2025-02-17T08:15:50","date_gmt":"2025-02-17T07:15:50","guid":{"rendered":"https:\/\/agora.xtec.cat\/insjoandaustria\/?p=11491"},"modified":"2025-02-22T20:57:21","modified_gmt":"2025-02-22T19:57:21","slug":"internvi-barcelona-houten-2025","status":"publish","type":"post","link":"https:\/\/agora.xtec.cat\/insjoandaustria\/general\/internvi-barcelona-houten-2025\/","title":{"rendered":"Intercanvi Barcelona-Houten 2025"},"content":{"rendered":"<p><a href=\"https:\/\/agora.xtec.cat\/insjoandaustria\/wp-content\/uploads\/usu216\/2025\/02\/IMG-20250213-WA0061.jpg\"><img loading=\"lazy\" decoding=\"async\" class=\"alignnone wp-image-11492 aligncenter\" src=\"https:\/\/agora.xtec.cat\/insjoandaustria\/wp-content\/uploads\/usu216\/2025\/02\/IMG-20250213-WA0061-1024x904.jpg\" alt=\"\" width=\"1024\" height=\"904\" srcset=\"https:\/\/agora.xtec.cat\/insjoandaustria\/wp-content\/uploads\/usu216\/2025\/02\/IMG-20250213-WA0061-1024x904.jpg 1024w, https:\/\/agora.xtec.cat\/insjoandaustria\/wp-content\/uploads\/usu216\/2025\/02\/IMG-20250213-WA0061-300x265.jpg 300w, https:\/\/agora.xtec.cat\/insjoandaustria\/wp-content\/uploads\/usu216\/2025\/02\/IMG-20250213-WA0061-768x678.jpg 768w, https:\/\/agora.xtec.cat\/insjoandaustria\/wp-content\/uploads\/usu216\/2025\/02\/IMG-20250213-WA0061-1536x1356.jpg 1536w, https:\/\/agora.xtec.cat\/insjoandaustria\/wp-content\/uploads\/usu216\/2025\/02\/IMG-20250213-WA0061.jpg 1600w\" sizes=\"auto, (max-width: 1024px) 100vw, 1024px\" \/><\/a><\/p>\n<p>Aquesta setmana hem gaudit un any m\u00e9s de la companyia de l&#8217;alumnat d&#8217;intercanvi de Houten, Utrecht. Ha estat una setmana intensa plena d&#8217;activitats conjuntes, emocions i experi\u00e8ncies compartides. Ja portem 15 anys fent realitat aquest intercanvi amb unes grans fam\u00edlies anfitriones que fan que aquesta experi\u00e8ncia sigui \u00fanica pel nostre alumnat de 1r de Batxillerat. Ara ens toca a nosaltres visitar-los el proper abril. Fins aviat!<\/p>\n<p><a href=\"https:\/\/agora.xtec.cat\/insjoandaustria\/wp-content\/uploads\/usu216\/2025\/02\/IMG-20250213-WA0062.jpg\"><img loading=\"lazy\" decoding=\"async\" class=\"alignnone size-large wp-image-11493\" src=\"https:\/\/agora.xtec.cat\/insjoandaustria\/wp-content\/uploads\/usu216\/2025\/02\/IMG-20250213-WA0062-1024x792.jpg\" alt=\"\" width=\"1024\" height=\"792\" srcset=\"https:\/\/agora.xtec.cat\/insjoandaustria\/wp-content\/uploads\/usu216\/2025\/02\/IMG-20250213-WA0062-1024x792.jpg 1024w, https:\/\/agora.xtec.cat\/insjoandaustria\/wp-content\/uploads\/usu216\/2025\/02\/IMG-20250213-WA0062-300x232.jpg 300w, https:\/\/agora.xtec.cat\/insjoandaustria\/wp-content\/uploads\/usu216\/2025\/02\/IMG-20250213-WA0062-768x594.jpg 768w, https:\/\/agora.xtec.cat\/insjoandaustria\/wp-content\/uploads\/usu216\/2025\/02\/IMG-20250213-WA0062-1536x1188.jpg 1536w, https:\/\/agora.xtec.cat\/insjoandaustria\/wp-content\/uploads\/usu216\/2025\/02\/IMG-20250213-WA0062.jpg 1600w\" sizes=\"auto, (max-width: 1024px) 100vw, 1024px\" \/><\/a> <a href=\"https:\/\/agora.xtec.cat\/insjoandaustria\/wp-content\/uploads\/usu216\/2025\/02\/IMG-20250213-WA0060.jpg\"><img loading=\"lazy\" decoding=\"async\" class=\"alignnone size-large wp-image-11494\" src=\"https:\/\/agora.xtec.cat\/insjoandaustria\/wp-content\/uploads\/usu216\/2025\/02\/IMG-20250213-WA0060-1024x768.jpg\" alt=\"\" width=\"1024\" height=\"768\" srcset=\"https:\/\/agora.xtec.cat\/insjoandaustria\/wp-content\/uploads\/usu216\/2025\/02\/IMG-20250213-WA0060-1024x768.jpg 1024w, https:\/\/agora.xtec.cat\/insjoandaustria\/wp-content\/uploads\/usu216\/2025\/02\/IMG-20250213-WA0060-300x225.jpg 300w, https:\/\/agora.xtec.cat\/insjoandaustria\/wp-content\/uploads\/usu216\/2025\/02\/IMG-20250213-WA0060-768x576.jpg 768w, https:\/\/agora.xtec.cat\/insjoandaustria\/wp-content\/uploads\/usu216\/2025\/02\/IMG-20250213-WA0060-1536x1152.jpg 1536w, https:\/\/agora.xtec.cat\/insjoandaustria\/wp-content\/uploads\/usu216\/2025\/02\/IMG-20250213-WA0060-200x150.jpg 200w, https:\/\/agora.xtec.cat\/insjoandaustria\/wp-content\/uploads\/usu216\/2025\/02\/IMG-20250213-WA0060.jpg 1600w\" sizes=\"auto, (max-width: 1024px) 100vw, 1024px\" \/><\/a> <a href=\"https:\/\/agora.xtec.cat\/insjoandaustria\/wp-content\/uploads\/usu216\/2025\/02\/IMG-20250213-WA0056.jpg\"><img loading=\"lazy\" decoding=\"async\" class=\"alignnone size-large wp-image-11495\" src=\"https:\/\/agora.xtec.cat\/insjoandaustria\/wp-content\/uploads\/usu216\/2025\/02\/IMG-20250213-WA0056-1024x768.jpg\" alt=\"\" width=\"1024\" height=\"768\" srcset=\"https:\/\/agora.xtec.cat\/insjoandaustria\/wp-content\/uploads\/usu216\/2025\/02\/IMG-20250213-WA0056-1024x768.jpg 1024w, https:\/\/agora.xtec.cat\/insjoandaustria\/wp-content\/uploads\/usu216\/2025\/02\/IMG-20250213-WA0056-300x225.jpg 300w, https:\/\/agora.xtec.cat\/insjoandaustria\/wp-content\/uploads\/usu216\/2025\/02\/IMG-20250213-WA0056-768x576.jpg 768w, https:\/\/agora.xtec.cat\/insjoandaustria\/wp-content\/uploads\/usu216\/2025\/02\/IMG-20250213-WA0056-1536x1152.jpg 1536w, https:\/\/agora.xtec.cat\/insjoandaustria\/wp-content\/uploads\/usu216\/2025\/02\/IMG-20250213-WA0056-200x150.jpg 200w, https:\/\/agora.xtec.cat\/insjoandaustria\/wp-content\/uploads\/usu216\/2025\/02\/IMG-20250213-WA0056.jpg 1600w\" sizes=\"auto, (max-width: 1024px) 100vw, 1024px\" \/><\/a> <a href=\"https:\/\/agora.xtec.cat\/insjoandaustria\/wp-content\/uploads\/usu216\/2025\/02\/IMG-20250213-WA0047.jpg\"><img loading=\"lazy\" decoding=\"async\" class=\"alignnone size-large wp-image-11496\" src=\"https:\/\/agora.xtec.cat\/insjoandaustria\/wp-content\/uploads\/usu216\/2025\/02\/IMG-20250213-WA0047-1024x768.jpg\" alt=\"\" width=\"1024\" height=\"768\" srcset=\"https:\/\/agora.xtec.cat\/insjoandaustria\/wp-content\/uploads\/usu216\/2025\/02\/IMG-20250213-WA0047-1024x768.jpg 1024w, https:\/\/agora.xtec.cat\/insjoandaustria\/wp-content\/uploads\/usu216\/2025\/02\/IMG-20250213-WA0047-300x225.jpg 300w, https:\/\/agora.xtec.cat\/insjoandaustria\/wp-content\/uploads\/usu216\/2025\/02\/IMG-20250213-WA0047-768x576.jpg 768w, https:\/\/agora.xtec.cat\/insjoandaustria\/wp-content\/uploads\/usu216\/2025\/02\/IMG-20250213-WA0047-1536x1152.jpg 1536w, https:\/\/agora.xtec.cat\/insjoandaustria\/wp-content\/uploads\/usu216\/2025\/02\/IMG-20250213-WA0047-200x150.jpg 200w, https:\/\/agora.xtec.cat\/insjoandaustria\/wp-content\/uploads\/usu216\/2025\/02\/IMG-20250213-WA0047.jpg 1600w\" sizes=\"auto, (max-width: 1024px) 100vw, 1024px\" \/><\/a><\/p>\n<p>&nbsp;<\/p>\n","protected":false},"excerpt":{"rendered":"<p><a href=\"https:\/\/agora.xtec.cat\/insjoandaustria\/wp-content\/uploads\/usu216\/2025\/02\/IMG-20250213-WA0061.jpg\"><\/a><br \/>\nAquesta setmana hem gaudit un any m\u00e9s de la companyia de l&#8217;alumnat d&#8217;intercanvi de Houten, Utrecht. Ha estat una setmana intensa plena d&#8217;activitats conjuntes, emocions i experi\u00e8ncies compartides. Ja portem 15 anys fent realitat aquest intercanvi amb unes grans fam\u00edlies anfitriones que fan que&hellip;  <a href=\"https:\/\/agora.xtec.cat\/insjoandaustria\/general\/internvi-barcelona-houten-2025\/\" title=\"Read Intercanvi Barcelona-Houten 2025\">Llegeix m\u00e9s\u00bb<\/a><\/p>\n","protected":false},"author":913,"featured_media":11492,"comment_status":"closed","ping_status":"closed","sticky":false,"template":"","format":"standard","meta":{"_bbp_topic_count":0,"_bbp_reply_count":0,"_bbp_total_topic_count":0,"_bbp_total_reply_count":0,"_bbp_voice_count":0,"_bbp_anonymous_reply_count":0,"_bbp_topic_count_hidden":0,"_bbp_reply_count_hidden":0,"_bbp_forum_subforum_count":0,"footnotes":""},"categories":[8,1,29,70],"tags":[],"class_list":["post-11491","post","type-post","status-publish","format-standard","has-post-thumbnail","hentry","category-batxillerat","category-general","category-portada","category-projectes"],"post_mailing_queue_ids":[],"_links":{"self":[{"href":"https:\/\/agora.xtec.cat\/insjoandaustria\/wp-json\/wp\/v2\/posts\/11491","targetHints":{"allow":["GET"]}}],"collection":[{"href":"https:\/\/agora.xtec.cat\/insjoandaustria\/wp-json\/wp\/v2\/posts"}],"about":[{"href":"https:\/\/agora.xtec.cat\/insjoandaustria\/wp-json\/wp\/v2\/types\/post"}],"author":[{"embeddable":true,"href":"https:\/\/agora.xtec.cat\/insjoandaustria\/wp-json\/wp\/v2\/users\/913"}],"replies":[{"embeddable":true,"href":"https:\/\/agora.xtec.cat\/insjoandaustria\/wp-json\/wp\/v2\/comments?post=11491"}],"version-history":[{"count":4,"href":"https:\/\/agora.xtec.cat\/insjoandaustria\/wp-json\/wp\/v2\/posts\/11491\/revisions"}],"predecessor-version":[{"id":11584,"href":"https:\/\/agora.xtec.cat\/insjoandaustria\/wp-json\/wp\/v2\/posts\/11491\/revisions\/11584"}],"wp:featuredmedia":[{"embeddable":true,"href":"https:\/\/agora.xtec.cat\/insjoandaustria\/wp-json\/wp\/v2\/media\/11492"}],"wp:attachment":[{"href":"https:\/\/agora.xtec.cat\/insjoandaustria\/wp-json\/wp\/v2\/media?parent=11491"}],"wp:term":[{"taxonomy":"category","embeddable":true,"href":"https:\/\/agora.xtec.cat\/insjoandaustria\/wp-json\/wp\/v2\/categories?post=11491"},{"taxonomy":"post_tag","embeddable":true,"href":"https:\/\/agora.xtec.cat\/insjoandaustria\/wp-json\/wp\/v2\/tags?post=11491"}],"curies":[{"name":"wp","href":"https:\/\/api.w.org\/{rel}","templated":true}]}}