{"id":11484,"date":"2025-02-08T09:40:37","date_gmt":"2025-02-08T08:40:37","guid":{"rendered":"https:\/\/agora.xtec.cat\/insjoandaustria\/?p=11484"},"modified":"2025-02-08T09:46:19","modified_gmt":"2025-02-08T08:46:19","slug":"exploradors-a-lafrica","status":"publish","type":"post","link":"https:\/\/agora.xtec.cat\/insjoandaustria\/general\/exploradors-a-lafrica\/","title":{"rendered":"Exploradors a l&#8217;\u00c0frica"},"content":{"rendered":"<p><a href=\"https:\/\/agora.xtec.cat\/insjoandaustria\/wp-content\/uploads\/usu216\/2025\/02\/Captura-de-pantalla-2025-02-08-094456.jpg\"><img loading=\"lazy\" decoding=\"async\" class=\"aligncenter wp-image-11489 size-full\" src=\"https:\/\/agora.xtec.cat\/insjoandaustria\/wp-content\/uploads\/usu216\/2025\/02\/Captura-de-pantalla-2025-02-08-094456-e1739004363792.jpg\" alt=\"\" width=\"831\" height=\"407\" srcset=\"https:\/\/agora.xtec.cat\/insjoandaustria\/wp-content\/uploads\/usu216\/2025\/02\/Captura-de-pantalla-2025-02-08-094456-e1739004363792.jpg 831w, https:\/\/agora.xtec.cat\/insjoandaustria\/wp-content\/uploads\/usu216\/2025\/02\/Captura-de-pantalla-2025-02-08-094456-e1739004363792-300x147.jpg 300w, https:\/\/agora.xtec.cat\/insjoandaustria\/wp-content\/uploads\/usu216\/2025\/02\/Captura-de-pantalla-2025-02-08-094456-e1739004363792-768x376.jpg 768w\" sizes=\"auto, (max-width: 831px) 100vw, 831px\" \/><\/a><\/p>\n<p>Durant el mes de gener, l\u2019alumnat de 1r de Batxillerat que cursa Hist\u00f2ria del m\u00f3n Contemporani ha confeccionat uns documentals sobre els exploradors i exploradores que van anar a l\u2019\u00c0frica. Les seves exploracions van tenir un gran impacte sobre les societats que all\u00e0 hi vivien, per b\u00e9 i per mal, i van aportar sorprenents estudis i descobriments que van ajudar a comprendre millor el continent afric\u00e0 i la seva gent.<\/p>\n<p>RICHARD FRANCIS BURTON: <a href=\"https:\/\/youtu.be\/iEccTsMrs2g\">https:\/\/youtu.be\/iEccTsMrs2g<\/a><\/p>\n<p>MAY FRENCH SHELDON:\u00a0<a href=\"https:\/\/youtu.be\/90ScdHcpzS0\">https:\/\/youtu.be\/90ScdHcpzS0<\/a><\/p>\n<p>HENRY MORTON STANLEY:\u00a0<a href=\"https:\/\/youtu.be\/pq65pdBWA1w\">https:\/\/youtu.be\/pq65pdBWA1w<\/a><\/p>\n<p>DAVID LIVINGSTONE: <a href=\"https:\/\/youtu.be\/rRbj-vJvNFU\">https:\/\/youtu.be\/rRbj-vJvNFU<\/a><\/p>\n<p>CHARLES DE FOUCAULD:\u00a0<a href=\"https:\/\/youtu.be\/3uxZT_AUW1A\">https:\/\/youtu.be\/3uxZT_AUW1A<\/a><\/p>\n<p>CHARLES DE FOUCAULD:\u00a0<a href=\"https:\/\/youtu.be\/3uxZT_AUW1A\">https:\/\/youtu.be\/3uxZT_AUW1A<\/a><\/p>\n<p>CECIL RHODES:\u00a0<a href=\"https:\/\/youtu.be\/Ek4Q1Xu7Luk\">https:\/\/youtu.be\/Ek4Q1Xu7Luk<\/a><\/p>\n","protected":false},"excerpt":{"rendered":"<p><a href=\"https:\/\/agora.xtec.cat\/insjoandaustria\/wp-content\/uploads\/usu216\/2025\/02\/Captura-de-pantalla-2025-02-08-094456.jpg\"><\/a><br \/>\nDurant el mes de gener, l\u2019alumnat de 1r de Batxillerat que cursa Hist\u00f2ria del m\u00f3n Contemporani ha confeccionat uns documentals sobre els exploradors i exploradores que van anar a l\u2019\u00c0frica. Les seves exploracions van tenir un gran impacte sobre les societats que all\u00e0 hi&hellip;  <a href=\"https:\/\/agora.xtec.cat\/insjoandaustria\/general\/exploradors-a-lafrica\/\" title=\"Read Exploradors a l&#8217;\u00c0frica\">Llegeix m\u00e9s\u00bb<\/a><\/p>\n","protected":false},"author":430,"featured_media":11489,"comment_status":"closed","ping_status":"closed","sticky":false,"template":"","format":"standard","meta":{"_bbp_topic_count":0,"_bbp_reply_count":0,"_bbp_total_topic_count":0,"_bbp_total_reply_count":0,"_bbp_voice_count":0,"_bbp_anonymous_reply_count":0,"_bbp_topic_count_hidden":0,"_bbp_reply_count_hidden":0,"_bbp_forum_subforum_count":0,"footnotes":""},"categories":[8,1,29],"tags":[],"class_list":["post-11484","post","type-post","status-publish","format-standard","has-post-thumbnail","hentry","category-batxillerat","category-general","category-portada"],"post_mailing_queue_ids":[],"_links":{"self":[{"href":"https:\/\/agora.xtec.cat\/insjoandaustria\/wp-json\/wp\/v2\/posts\/11484","targetHints":{"allow":["GET"]}}],"collection":[{"href":"https:\/\/agora.xtec.cat\/insjoandaustria\/wp-json\/wp\/v2\/posts"}],"about":[{"href":"https:\/\/agora.xtec.cat\/insjoandaustria\/wp-json\/wp\/v2\/types\/post"}],"author":[{"embeddable":true,"href":"https:\/\/agora.xtec.cat\/insjoandaustria\/wp-json\/wp\/v2\/users\/430"}],"replies":[{"embeddable":true,"href":"https:\/\/agora.xtec.cat\/insjoandaustria\/wp-json\/wp\/v2\/comments?post=11484"}],"version-history":[{"count":4,"href":"https:\/\/agora.xtec.cat\/insjoandaustria\/wp-json\/wp\/v2\/posts\/11484\/revisions"}],"predecessor-version":[{"id":11490,"href":"https:\/\/agora.xtec.cat\/insjoandaustria\/wp-json\/wp\/v2\/posts\/11484\/revisions\/11490"}],"wp:featuredmedia":[{"embeddable":true,"href":"https:\/\/agora.xtec.cat\/insjoandaustria\/wp-json\/wp\/v2\/media\/11489"}],"wp:attachment":[{"href":"https:\/\/agora.xtec.cat\/insjoandaustria\/wp-json\/wp\/v2\/media?parent=11484"}],"wp:term":[{"taxonomy":"category","embeddable":true,"href":"https:\/\/agora.xtec.cat\/insjoandaustria\/wp-json\/wp\/v2\/categories?post=11484"},{"taxonomy":"post_tag","embeddable":true,"href":"https:\/\/agora.xtec.cat\/insjoandaustria\/wp-json\/wp\/v2\/tags?post=11484"}],"curies":[{"name":"wp","href":"https:\/\/api.w.org\/{rel}","templated":true}]}}