{"id":11443,"date":"2025-01-31T09:57:07","date_gmt":"2025-01-31T08:57:07","guid":{"rendered":"https:\/\/agora.xtec.cat\/insjoandaustria\/?p=11443"},"modified":"2025-01-31T09:57:07","modified_gmt":"2025-01-31T08:57:07","slug":"100tifiques-2","status":"publish","type":"post","link":"https:\/\/agora.xtec.cat\/insjoandaustria\/general\/100tifiques-2\/","title":{"rendered":"100t\u00edfiques"},"content":{"rendered":"<p style=\"text-align: center;\"><a href=\"https:\/\/agora.xtec.cat\/insjoandaustria\/wp-content\/uploads\/usu216\/2025\/01\/Cartell-cientifiques-2025_descarrega-1_page-0001-e1738313454229.jpg\"><img loading=\"lazy\" decoding=\"async\" class=\"alignnone wp-image-11444\" src=\"https:\/\/agora.xtec.cat\/insjoandaustria\/wp-content\/uploads\/usu216\/2025\/01\/Cartell-cientifiques-2025_descarrega-1_page-0001-724x1024.jpg\" alt=\"\" width=\"450\" height=\"638\" \/><\/a><\/p>\n<p>El dia 11 de febrer se celebra el dia de la dona i la nena a la ci\u00e8ncia, per aix\u00f2 l&#8217;Institut Joan d&#8217;\u00c0ustria s&#8217;adhereix a la celebraci\u00f3. Participem-hi tots!<\/p>\n","protected":false},"excerpt":{"rendered":"<p><a href=\"https:\/\/agora.xtec.cat\/insjoandaustria\/wp-content\/uploads\/usu216\/2025\/01\/Cartell-cientifiques-2025_descarrega-1_page-0001-e1738313454229.jpg\"><\/a><br \/>\nEl dia 11 de febrer se celebra el dia de la dona i la nena a la ci\u00e8ncia, per aix\u00f2 l&#8217;Institut Joan d&#8217;\u00c0ustria s&#8217;adhereix a la celebraci\u00f3. Participem-hi tots!<\/p>\n","protected":false},"author":806,"featured_media":11444,"comment_status":"closed","ping_status":"closed","sticky":false,"template":"","format":"standard","meta":{"_bbp_topic_count":0,"_bbp_reply_count":0,"_bbp_total_topic_count":0,"_bbp_total_reply_count":0,"_bbp_voice_count":0,"_bbp_anonymous_reply_count":0,"_bbp_topic_count_hidden":0,"_bbp_reply_count_hidden":0,"_bbp_forum_subforum_count":0,"footnotes":""},"categories":[447,8,84,3,1,29],"tags":[],"class_list":["post-11443","post","type-post","status-publish","format-standard","has-post-thumbnail","hentry","category-aula-dacollida","category-batxillerat","category-departaments","category-eso","category-general","category-portada"],"post_mailing_queue_ids":[],"_links":{"self":[{"href":"https:\/\/agora.xtec.cat\/insjoandaustria\/wp-json\/wp\/v2\/posts\/11443","targetHints":{"allow":["GET"]}}],"collection":[{"href":"https:\/\/agora.xtec.cat\/insjoandaustria\/wp-json\/wp\/v2\/posts"}],"about":[{"href":"https:\/\/agora.xtec.cat\/insjoandaustria\/wp-json\/wp\/v2\/types\/post"}],"author":[{"embeddable":true,"href":"https:\/\/agora.xtec.cat\/insjoandaustria\/wp-json\/wp\/v2\/users\/806"}],"replies":[{"embeddable":true,"href":"https:\/\/agora.xtec.cat\/insjoandaustria\/wp-json\/wp\/v2\/comments?post=11443"}],"version-history":[{"count":2,"href":"https:\/\/agora.xtec.cat\/insjoandaustria\/wp-json\/wp\/v2\/posts\/11443\/revisions"}],"predecessor-version":[{"id":11446,"href":"https:\/\/agora.xtec.cat\/insjoandaustria\/wp-json\/wp\/v2\/posts\/11443\/revisions\/11446"}],"wp:featuredmedia":[{"embeddable":true,"href":"https:\/\/agora.xtec.cat\/insjoandaustria\/wp-json\/wp\/v2\/media\/11444"}],"wp:attachment":[{"href":"https:\/\/agora.xtec.cat\/insjoandaustria\/wp-json\/wp\/v2\/media?parent=11443"}],"wp:term":[{"taxonomy":"category","embeddable":true,"href":"https:\/\/agora.xtec.cat\/insjoandaustria\/wp-json\/wp\/v2\/categories?post=11443"},{"taxonomy":"post_tag","embeddable":true,"href":"https:\/\/agora.xtec.cat\/insjoandaustria\/wp-json\/wp\/v2\/tags?post=11443"}],"curies":[{"name":"wp","href":"https:\/\/api.w.org\/{rel}","templated":true}]}}