{"id":11430,"date":"2025-01-27T09:50:52","date_gmt":"2025-01-27T08:50:52","guid":{"rendered":"https:\/\/agora.xtec.cat\/insjoandaustria\/?p=11430"},"modified":"2025-01-27T09:57:53","modified_gmt":"2025-01-27T08:57:53","slug":"la-xarxa-de-comprensio-lectora-a-linstitut-joan-daustria","status":"publish","type":"post","link":"https:\/\/agora.xtec.cat\/insjoandaustria\/general\/la-xarxa-de-comprensio-lectora-a-linstitut-joan-daustria\/","title":{"rendered":"La Xarxa de comprensi\u00f3 lectora a l&#8217;Institut Joan d&#8217;\u00c0ustria"},"content":{"rendered":"<p><a href=\"https:\/\/agora.xtec.cat\/insjoandaustria\/wp-content\/uploads\/usu216\/2025\/01\/20250115_112608-scaled-e1737967321588.jpg\"><img loading=\"lazy\" decoding=\"async\" class=\"alignnone size-full wp-image-11429\" src=\"https:\/\/agora.xtec.cat\/insjoandaustria\/wp-content\/uploads\/usu216\/2025\/01\/20250115_112608-scaled-e1737967321588.jpg\" alt=\"\" width=\"1360\" height=\"1020\" \/><\/a><\/p>\n<p>El\u00a0 professorat de l&#8217;Institut Joan d&#8217;\u00c0ustria participa en la formaci\u00f3 de la Xarxa de comprensi\u00f3 lectora del Consorci d&#8217;Educaci\u00f3 que es reuneix en els diversos instituts que en formen part. Fa poc, com es pot veure a la fotografia, la trobada es realitz\u00e0 en el nostre Institut, que \u00e9s tamb\u00e9 integrant de la Xarxa. L&#8217;objectiu \u00e9s treballar la comprensi\u00f3 lectora dels nostres alumnes des dels diferents \u00e0mbits.<\/p>\n","protected":false},"excerpt":{"rendered":"<p><a href=\"https:\/\/agora.xtec.cat\/insjoandaustria\/wp-content\/uploads\/usu216\/2025\/01\/20250115_112608-scaled-e1737967321588.jpg\"><\/a><br \/>\nEl\u00a0 professorat de l&#8217;Institut Joan d&#8217;\u00c0ustria participa en la formaci\u00f3 de la Xarxa de comprensi\u00f3 lectora del Consorci d&#8217;Educaci\u00f3 que es reuneix en els diversos instituts que en formen part. Fa poc, com es pot veure a la fotografia, la trobada es realitz\u00e0 en&hellip;  <a href=\"https:\/\/agora.xtec.cat\/insjoandaustria\/general\/la-xarxa-de-comprensio-lectora-a-linstitut-joan-daustria\/\" title=\"Read La Xarxa de comprensi\u00f3 lectora a l&#8217;Institut Joan d&#8217;\u00c0ustria\">Llegeix m\u00e9s\u00bb<\/a><\/p>\n","protected":false},"author":806,"featured_media":11429,"comment_status":"closed","ping_status":"closed","sticky":false,"template":"","format":"standard","meta":{"_bbp_topic_count":0,"_bbp_reply_count":0,"_bbp_total_topic_count":0,"_bbp_total_reply_count":0,"_bbp_voice_count":0,"_bbp_anonymous_reply_count":0,"_bbp_topic_count_hidden":0,"_bbp_reply_count_hidden":0,"_bbp_forum_subforum_count":0,"footnotes":""},"categories":[3,1,29],"tags":[],"class_list":["post-11430","post","type-post","status-publish","format-standard","has-post-thumbnail","hentry","category-eso","category-general","category-portada"],"post_mailing_queue_ids":[],"_links":{"self":[{"href":"https:\/\/agora.xtec.cat\/insjoandaustria\/wp-json\/wp\/v2\/posts\/11430","targetHints":{"allow":["GET"]}}],"collection":[{"href":"https:\/\/agora.xtec.cat\/insjoandaustria\/wp-json\/wp\/v2\/posts"}],"about":[{"href":"https:\/\/agora.xtec.cat\/insjoandaustria\/wp-json\/wp\/v2\/types\/post"}],"author":[{"embeddable":true,"href":"https:\/\/agora.xtec.cat\/insjoandaustria\/wp-json\/wp\/v2\/users\/806"}],"replies":[{"embeddable":true,"href":"https:\/\/agora.xtec.cat\/insjoandaustria\/wp-json\/wp\/v2\/comments?post=11430"}],"version-history":[{"count":5,"href":"https:\/\/agora.xtec.cat\/insjoandaustria\/wp-json\/wp\/v2\/posts\/11430\/revisions"}],"predecessor-version":[{"id":11435,"href":"https:\/\/agora.xtec.cat\/insjoandaustria\/wp-json\/wp\/v2\/posts\/11430\/revisions\/11435"}],"wp:featuredmedia":[{"embeddable":true,"href":"https:\/\/agora.xtec.cat\/insjoandaustria\/wp-json\/wp\/v2\/media\/11429"}],"wp:attachment":[{"href":"https:\/\/agora.xtec.cat\/insjoandaustria\/wp-json\/wp\/v2\/media?parent=11430"}],"wp:term":[{"taxonomy":"category","embeddable":true,"href":"https:\/\/agora.xtec.cat\/insjoandaustria\/wp-json\/wp\/v2\/categories?post=11430"},{"taxonomy":"post_tag","embeddable":true,"href":"https:\/\/agora.xtec.cat\/insjoandaustria\/wp-json\/wp\/v2\/tags?post=11430"}],"curies":[{"name":"wp","href":"https:\/\/api.w.org\/{rel}","templated":true}]}}