{"id":11409,"date":"2025-01-02T21:54:29","date_gmt":"2025-01-02T20:54:29","guid":{"rendered":"https:\/\/agora.xtec.cat\/insjoandaustria\/?p=11409"},"modified":"2025-01-02T21:57:15","modified_gmt":"2025-01-02T20:57:15","slug":"lliga-de-futbol-sala-dates-i-resultats","status":"publish","type":"post","link":"https:\/\/agora.xtec.cat\/insjoandaustria\/general\/lliga-de-futbol-sala-dates-i-resultats\/","title":{"rendered":"Lliga de futbol sala: dates i resultats"},"content":{"rendered":"<p style=\"text-align: center;\"><a href=\"https:\/\/agora.xtec.cat\/insjoandaustria\/wp-content\/uploads\/usu216\/2024\/12\/Lliga-Pati-Futbol-Sala.png\"><img loading=\"lazy\" decoding=\"async\" class=\"aligncenter wp-image-11410\" src=\"https:\/\/agora.xtec.cat\/insjoandaustria\/wp-content\/uploads\/usu216\/2024\/12\/Lliga-Pati-Futbol-Sala.png\" alt=\"\" width=\"600\" height=\"116\" srcset=\"https:\/\/agora.xtec.cat\/insjoandaustria\/wp-content\/uploads\/usu216\/2024\/12\/Lliga-Pati-Futbol-Sala.png 425w, https:\/\/agora.xtec.cat\/insjoandaustria\/wp-content\/uploads\/usu216\/2024\/12\/Lliga-Pati-Futbol-Sala-300x58.png 300w\" sizes=\"auto, (max-width: 600px) 100vw, 600px\" \/><\/a><\/p>\n<p>Cada curs, el Departament d&#8217;Educaci\u00f3 F\u00edsica organitza la lliga de futbol sala a l&#8217;hora del pati. Per poder seguir-la, en aquest enlla\u00e7 de sota trobareu el quadrant del torneig i els resultats actualitzats:<\/p>\n<p>&nbsp;<\/p>\n<p style=\"text-align: center;\"><a href=\"https:\/\/docs.google.com\/spreadsheets\/d\/1F6kTVfBX5ORhYzEMhCOq6qyKlqeM6x7_3wDSw5FltE8\/edit?usp=drive_link\" target=\"_blank\" rel=\"noopener\" data-saferedirecturl=\"https:\/\/www.google.com\/url?q=https:\/\/docs.google.com\/spreadsheets\/d\/1F6kTVfBX5ORhYzEMhCOq6qyKlqeM6x7_3wDSw5FltE8\/edit?usp%3Ddrive_link&amp;source=gmail&amp;ust=1734684967452000&amp;usg=AOvVaw0d3DJaR4EGKiLz_n0s2eHM\">Lliga de Pati Joan d&#8217;\u00c0ustria 2024_25<\/a><\/p>\n<p>&nbsp;<\/p>\n<p>&nbsp;<\/p>\n","protected":false},"excerpt":{"rendered":"<p><a href=\"https:\/\/agora.xtec.cat\/insjoandaustria\/wp-content\/uploads\/usu216\/2024\/12\/Lliga-Pati-Futbol-Sala.png\"><\/a><br \/>\nCada curs, el Departament d&#8217;Educaci\u00f3 F\u00edsica organitza la lliga de futbol sala a l&#8217;hora del pati. Per poder seguir-la, en aquest enlla\u00e7 de sota trobareu el quadrant del torneig i els resultats actualitzats:<br \/>\n&nbsp;<br \/>\n<a href=\"https:\/\/docs.google.com\/spreadsheets\/d\/1F6kTVfBX5ORhYzEMhCOq6qyKlqeM6x7_3wDSw5FltE8\/edit?usp=drive_link\" target=\"_blank\" rel=\"noopener\" data-saferedirecturl=\"https:\/\/www.google.com\/url?q=https:\/\/docs.google.com\/spreadsheets\/d\/1F6kTVfBX5ORhYzEMhCOq6qyKlqeM6x7_3wDSw5FltE8\/edit?usp%3Ddrive_link&amp;source=gmail&amp;ust=1734684967452000&amp;usg=AOvVaw0d3DJaR4EGKiLz_n0s2eHM\">Lliga de Pati Joan d&#8217;\u00c0ustria 2024_25<\/a><br \/>\n&nbsp;<br \/>\n&nbsp;<\/p>\n","protected":false},"author":806,"featured_media":11410,"comment_status":"closed","ping_status":"closed","sticky":false,"template":"","format":"standard","meta":{"_bbp_topic_count":0,"_bbp_reply_count":0,"_bbp_total_topic_count":0,"_bbp_total_reply_count":0,"_bbp_voice_count":0,"_bbp_anonymous_reply_count":0,"_bbp_topic_count_hidden":0,"_bbp_reply_count_hidden":0,"_bbp_forum_subforum_count":0,"footnotes":""},"categories":[84,1,29],"tags":[],"class_list":["post-11409","post","type-post","status-publish","format-standard","has-post-thumbnail","hentry","category-departaments","category-general","category-portada"],"post_mailing_queue_ids":[],"_links":{"self":[{"href":"https:\/\/agora.xtec.cat\/insjoandaustria\/wp-json\/wp\/v2\/posts\/11409","targetHints":{"allow":["GET"]}}],"collection":[{"href":"https:\/\/agora.xtec.cat\/insjoandaustria\/wp-json\/wp\/v2\/posts"}],"about":[{"href":"https:\/\/agora.xtec.cat\/insjoandaustria\/wp-json\/wp\/v2\/types\/post"}],"author":[{"embeddable":true,"href":"https:\/\/agora.xtec.cat\/insjoandaustria\/wp-json\/wp\/v2\/users\/806"}],"replies":[{"embeddable":true,"href":"https:\/\/agora.xtec.cat\/insjoandaustria\/wp-json\/wp\/v2\/comments?post=11409"}],"version-history":[{"count":6,"href":"https:\/\/agora.xtec.cat\/insjoandaustria\/wp-json\/wp\/v2\/posts\/11409\/revisions"}],"predecessor-version":[{"id":11416,"href":"https:\/\/agora.xtec.cat\/insjoandaustria\/wp-json\/wp\/v2\/posts\/11409\/revisions\/11416"}],"wp:featuredmedia":[{"embeddable":true,"href":"https:\/\/agora.xtec.cat\/insjoandaustria\/wp-json\/wp\/v2\/media\/11410"}],"wp:attachment":[{"href":"https:\/\/agora.xtec.cat\/insjoandaustria\/wp-json\/wp\/v2\/media?parent=11409"}],"wp:term":[{"taxonomy":"category","embeddable":true,"href":"https:\/\/agora.xtec.cat\/insjoandaustria\/wp-json\/wp\/v2\/categories?post=11409"},{"taxonomy":"post_tag","embeddable":true,"href":"https:\/\/agora.xtec.cat\/insjoandaustria\/wp-json\/wp\/v2\/tags?post=11409"}],"curies":[{"name":"wp","href":"https:\/\/api.w.org\/{rel}","templated":true}]}}