{"id":11384,"date":"2024-12-16T08:46:34","date_gmt":"2024-12-16T07:46:34","guid":{"rendered":"https:\/\/agora.xtec.cat\/insjoandaustria\/?p=11384"},"modified":"2024-12-16T08:47:02","modified_gmt":"2024-12-16T07:47:02","slug":"1r-i-2n-deso-van-al-teatre","status":"publish","type":"post","link":"https:\/\/agora.xtec.cat\/insjoandaustria\/general\/1r-i-2n-deso-van-al-teatre\/","title":{"rendered":"1r i 2n d&#8217;ESO van al teatre"},"content":{"rendered":"<p><a href=\"https:\/\/agora.xtec.cat\/insjoandaustria\/wp-content\/uploads\/usu216\/2024\/12\/IMG-20241214-WA0013.jpg\"><img loading=\"lazy\" decoding=\"async\" class=\"aligncenter wp-image-11385 size-large\" src=\"https:\/\/agora.xtec.cat\/insjoandaustria\/wp-content\/uploads\/usu216\/2024\/12\/IMG-20241214-WA0013-1024x768.jpg\" alt=\"\" width=\"1024\" height=\"768\" srcset=\"https:\/\/agora.xtec.cat\/insjoandaustria\/wp-content\/uploads\/usu216\/2024\/12\/IMG-20241214-WA0013-1024x768.jpg 1024w, https:\/\/agora.xtec.cat\/insjoandaustria\/wp-content\/uploads\/usu216\/2024\/12\/IMG-20241214-WA0013-300x225.jpg 300w, https:\/\/agora.xtec.cat\/insjoandaustria\/wp-content\/uploads\/usu216\/2024\/12\/IMG-20241214-WA0013-768x576.jpg 768w, https:\/\/agora.xtec.cat\/insjoandaustria\/wp-content\/uploads\/usu216\/2024\/12\/IMG-20241214-WA0013-1536x1152.jpg 1536w, https:\/\/agora.xtec.cat\/insjoandaustria\/wp-content\/uploads\/usu216\/2024\/12\/IMG-20241214-WA0013-200x150.jpg 200w, https:\/\/agora.xtec.cat\/insjoandaustria\/wp-content\/uploads\/usu216\/2024\/12\/IMG-20241214-WA0013.jpg 1600w\" sizes=\"auto, (max-width: 1024px) 100vw, 1024px\" \/><\/a><\/p>\n<p>El divendres 13 de desembre, l&#8217;alumnat de 1r i 2n d&#8217;ESO va poder gaudir de l&#8217;obra <em>Dr. Jekyll and Mr. Hyde<\/em> de la m\u00e0 de la companyia Jumping Ducks. Es va representar al mateix Auditori de Sant Mart\u00ed. Els di\u00e0legs van ser intercalats amb moments musicals que van fer que la representaci\u00f3 fos molt m\u00e9s amena. Gr\u00e0cies per una funci\u00f3 tan entretinguda!<\/p>\n","protected":false},"excerpt":{"rendered":"<p><a href=\"https:\/\/agora.xtec.cat\/insjoandaustria\/wp-content\/uploads\/usu216\/2024\/12\/IMG-20241214-WA0013.jpg\"><\/a><br \/>\nEl divendres 13 de desembre, l&#8217;alumnat de 1r i 2n d&#8217;ESO va poder gaudir de l&#8217;obra Dr. Jekyll and Mr. Hyde de la m\u00e0 de la companyia Jumping Ducks. Es va representar al mateix Auditori de Sant Mart\u00ed. Els di\u00e0legs van ser intercalats amb&hellip;  <a href=\"https:\/\/agora.xtec.cat\/insjoandaustria\/general\/1r-i-2n-deso-van-al-teatre\/\" title=\"Read 1r i 2n d&#8217;ESO van al teatre\">Llegeix m\u00e9s\u00bb<\/a><\/p>\n","protected":false},"author":806,"featured_media":11385,"comment_status":"closed","ping_status":"closed","sticky":false,"template":"","format":"standard","meta":{"_bbp_topic_count":0,"_bbp_reply_count":0,"_bbp_total_topic_count":0,"_bbp_total_reply_count":0,"_bbp_voice_count":0,"_bbp_anonymous_reply_count":0,"_bbp_topic_count_hidden":0,"_bbp_reply_count_hidden":0,"_bbp_forum_subforum_count":0,"footnotes":""},"categories":[42,4,5,125,1,29],"tags":[],"class_list":["post-11384","post","type-post","status-publish","format-standard","has-post-thumbnail","hentry","category-angles","category-eso-1","category-eso-2","category-espectacles","category-general","category-portada"],"post_mailing_queue_ids":[],"_links":{"self":[{"href":"https:\/\/agora.xtec.cat\/insjoandaustria\/wp-json\/wp\/v2\/posts\/11384","targetHints":{"allow":["GET"]}}],"collection":[{"href":"https:\/\/agora.xtec.cat\/insjoandaustria\/wp-json\/wp\/v2\/posts"}],"about":[{"href":"https:\/\/agora.xtec.cat\/insjoandaustria\/wp-json\/wp\/v2\/types\/post"}],"author":[{"embeddable":true,"href":"https:\/\/agora.xtec.cat\/insjoandaustria\/wp-json\/wp\/v2\/users\/806"}],"replies":[{"embeddable":true,"href":"https:\/\/agora.xtec.cat\/insjoandaustria\/wp-json\/wp\/v2\/comments?post=11384"}],"version-history":[{"count":4,"href":"https:\/\/agora.xtec.cat\/insjoandaustria\/wp-json\/wp\/v2\/posts\/11384\/revisions"}],"predecessor-version":[{"id":11389,"href":"https:\/\/agora.xtec.cat\/insjoandaustria\/wp-json\/wp\/v2\/posts\/11384\/revisions\/11389"}],"wp:featuredmedia":[{"embeddable":true,"href":"https:\/\/agora.xtec.cat\/insjoandaustria\/wp-json\/wp\/v2\/media\/11385"}],"wp:attachment":[{"href":"https:\/\/agora.xtec.cat\/insjoandaustria\/wp-json\/wp\/v2\/media?parent=11384"}],"wp:term":[{"taxonomy":"category","embeddable":true,"href":"https:\/\/agora.xtec.cat\/insjoandaustria\/wp-json\/wp\/v2\/categories?post=11384"},{"taxonomy":"post_tag","embeddable":true,"href":"https:\/\/agora.xtec.cat\/insjoandaustria\/wp-json\/wp\/v2\/tags?post=11384"}],"curies":[{"name":"wp","href":"https:\/\/api.w.org\/{rel}","templated":true}]}}